{"id":202445,"date":"2025-06-25T05:18:17","date_gmt":"2025-06-25T05:18:17","guid":{"rendered":"https:\/\/www.europesays.com\/fr\/202445\/"},"modified":"2025-06-25T05:18:17","modified_gmt":"2025-06-25T05:18:17","slug":"un-important-point-de-deal-demantele-a-maurepas","status":"publish","type":"post","link":"https:\/\/www.europesays.com\/fr\/202445\/","title":{"rendered":"un important point de deal d\u00e9mantel\u00e9 \u00e0 Maurepas"},"content":{"rendered":"<p style=\"text-align: justify;\">Le 17 juin dernier, une vaste op\u00e9ration de gendarmerie a mis fin \u00e0 un important r\u00e9seau de trafic de stup\u00e9fiants dans le quartier \u00ab prioritaire \u00bb de Maurepas, au nord de Rennes. Coordonn\u00e9e par le parquet, l\u2019action a mobilis\u00e9 116 gendarmes venus d\u2019Ille-et-Vilaine, du Morbihan, de Vend\u00e9e et du Maine-et-Loire. Quinze personnes ont \u00e9t\u00e9 interpell\u00e9es, dont huit ont \u00e9t\u00e9 mises en examen et plac\u00e9es en d\u00e9tention provisoire.<\/p>\n<p style=\"text-align: justify;\">Les perquisitions ont permis de saisir 50 kg de r\u00e9sine de cannabis, 7 kg d\u2019herbe, 2 kg de coca\u00efne, 34 000 euros en liquide, 350 paquets de cigarettes, 131 paquets de tabac \u00e0 rouler, neuf armes \u00e0 feu, ainsi que onze v\u00e9hicules. L\u2019ensemble du trafic s\u2019organisait depuis les quartiers de Maurepas et des Gayeulles. Le parquet estime que le point de deal r\u00e9alisait entre 50 et 80 transactions par jour.<\/p>\n<p><img fetchpriority=\"high\" decoding=\"async\" class=\"svelte-1pnmlwx rounded loaded\" src=\"data:image\/svg+xml,%3Csvg%20xmlns=\" http:=\"\" alt=\"\" width=\"473\" height=\"268\" aria-hidden=\"true\" data-lazy-src=\"https:\/\/www.europesays.com\/fr\/wp-content\/uploads\/2025\/06\/1200x680_sc_belles-affaires-br-rennes-sign-16-2.jpg\"\/><\/p>\n<p class=\"wp-caption-text\">\u00a9 BCOM RGBRET<\/p>\n<p style=\"text-align: justify;\">L\u2019enqu\u00eate, ouverte d\u00e8s ao\u00fbt 2024, a permis de mettre au jour un \u00ab trafic particuli\u00e8rement actif et solidement implant\u00e9, avec des approvisionnements r\u00e9guliers et cons\u00e9quents \u00bb, selon le procureur de la R\u00e9publique de Rennes Fr\u00e9d\u00e9ric Teillet cit\u00e9 par Ouest-France le 23 juin. \u00ab Cette op\u00e9ration constitue une r\u00e9ussite importante dans la lutte contre les trafics de stup\u00e9fiants et la criminalit\u00e9 organis\u00e9e sur le territoire rennais \u00bb, a-t-il ajout\u00e9.<\/p>\n<p style=\"text-align: justify;\">Les personnes interpell\u00e9es sont toutes connues de la justice. Certaines jouaient un r\u00f4le d\u2019organisateur ou de gestionnaire de point de vente, d\u2019autres servaient de \u00ab nourrices \u00bb pour stocker la drogue. Deux suspects ont \u00e9t\u00e9 plac\u00e9s sous contr\u00f4le judiciaire et une garde \u00e0 vue a \u00e9t\u00e9 lev\u00e9e sans suite. L\u2019instruction se poursuit sous la direction d\u2019un juge.<\/p>\n<p style=\"text-align: justify;\">Cette op\u00e9ration s\u2019inscrit dans un contexte de tensions durables dans les quartiers \u00ab sensibles \u00bb de Rennes. \u00c0 Maurepas comme \u00e0 <a href=\"https:\/\/www.breizh-info.com\/2025\/04\/29\/246452\/rennes-chronique-dune-ville-livree-a-la-violence-et-aux-caids-de-la-drogue\/\" target=\"_blank\" rel=\"noopener\">Villejean<\/a>, les trafics de drogue alimentent depuis des ann\u00e9es des rivalit\u00e9s violentes, parfois ponctu\u00e9es de fusillades. Malgr\u00e9 les op\u00e9rations successives des forces de l\u2019ordre, ces zones demeurent marqu\u00e9es par une d\u00e9linquance enracin\u00e9e et difficile \u00e0 \u00e9radiquer.<\/p>\n<p style=\"text-align: justify;\">Cr\u00e9dit photo : DR (photo d\u2019illustration)<br \/>[cc] Breizh-info.com, 2025, d\u00e9p\u00eaches libres de copie et de diffusion sous r\u00e9serve de mention et de lien vers la source d\u2019origine<\/p>\n","protected":false},"excerpt":{"rendered":"Le 17 juin dernier, une vaste op\u00e9ration de gendarmerie a mis fin \u00e0 un important r\u00e9seau de trafic&hellip;\n","protected":false},"author":2,"featured_media":202446,"comment_status":"","ping_status":"","sticky":false,"template":"","format":"standard","meta":{"footnotes":""},"categories":[2821],"tags":[1111,11,829,3993,1052,1777,674,1011,27,22320,12,584,25,7164],"class_list":{"0":"post-202445","1":"post","2":"type-post","3":"status-publish","4":"format-standard","5":"has-post-thumbnail","7":"category-rennes","8":"tag-actu","9":"tag-actualites","10":"tag-bretagne","11":"tag-cocaine","12":"tag-drogue","13":"tag-eu","14":"tag-europe","15":"tag-fr","16":"tag-france","17":"tag-maurepas","18":"tag-news","19":"tag-rennes","20":"tag-republique-francaise","21":"tag-trafic-de-stupefiants"},"share_on_mastodon":{"url":"https:\/\/pubeurope.com\/@fr\/114742316603028108","error":""},"_links":{"self":[{"href":"https:\/\/www.europesays.com\/fr\/wp-json\/wp\/v2\/posts\/202445","targetHints":{"allow":["GET"]}}],"collection":[{"href":"https:\/\/www.europesays.com\/fr\/wp-json\/wp\/v2\/posts"}],"about":[{"href":"https:\/\/www.europesays.com\/fr\/wp-json\/wp\/v2\/types\/post"}],"author":[{"embeddable":true,"href":"https:\/\/www.europesays.com\/fr\/wp-json\/wp\/v2\/users\/2"}],"replies":[{"embeddable":true,"href":"https:\/\/www.europesays.com\/fr\/wp-json\/wp\/v2\/comments?post=202445"}],"version-history":[{"count":0,"href":"https:\/\/www.europesays.com\/fr\/wp-json\/wp\/v2\/posts\/202445\/revisions"}],"wp:featuredmedia":[{"embeddable":true,"href":"https:\/\/www.europesays.com\/fr\/wp-json\/wp\/v2\/media\/202446"}],"wp:attachment":[{"href":"https:\/\/www.europesays.com\/fr\/wp-json\/wp\/v2\/media?parent=202445"}],"wp:term":[{"taxonomy":"category","embeddable":true,"href":"https:\/\/www.europesays.com\/fr\/wp-json\/wp\/v2\/categories?post=202445"},{"taxonomy":"post_tag","embeddable":true,"href":"https:\/\/www.europesays.com\/fr\/wp-json\/wp\/v2\/tags?post=202445"}],"curies":[{"name":"wp","href":"https:\/\/api.w.org\/{rel}","templated":true}]}}