{"id":202447,"date":"2025-06-25T05:19:10","date_gmt":"2025-06-25T05:19:10","guid":{"rendered":"https:\/\/www.europesays.com\/fr\/202447\/"},"modified":"2025-06-25T05:19:10","modified_gmt":"2025-06-25T05:19:10","slug":"strasbourg-un-forum-de-la-retraite-samedi-28-juin-a-la-carsat-alsace-moselle","status":"publish","type":"post","link":"https:\/\/www.europesays.com\/fr\/202447\/","title":{"rendered":"Strasbourg. Un forum de la retraite samedi 28\u00a0juin \u00e0 la Carsat Alsace-Moselle"},"content":{"rendered":"<p>Dans le cadre des <a href=\"https:\/\/www.dna.fr\/social\/2015\/08\/17\/les-jours-heureux-de-la-secu\" target=\"_blank\" rel=\"noopener\">c\u00e9l\u00e9brations des 80 ans de la S\u00e9curit\u00e9 sociale<\/a>, <a href=\"https:\/\/www.dna.fr\/social\/2022\/03\/02\/alain-monpeurt-reelu-a-la-tete-de-la-carsat-alsace-moselle\" target=\"_blank\" rel=\"noopener\">la Caisse d\u2019assurance retraite et de la sant\u00e9 au travail (Carsat) d\u2019Alsace-Moselle<\/a>, en partenariat avec l\u2019Agirc-Arrco, le r\u00e9gime de retraite compl\u00e9mentaire obligatoire des salari\u00e9s du secteur priv\u00e9, organise samedi 28\u00a0juin un forum d\u00e9di\u00e9 \u00e0 la retraite sur ses deux sites de Strasbourg et de Metz.<\/p>\n<p>\u00c0 cette occasion, le si\u00e8ge de Strasbourg, 36 rue du Doubs, ouvrira exceptionnellement ses portes de 9\u00a0h \u00e0 17\u00a0h \u00e0 l\u2019attention des futurs retrait\u00e9s de plus de 60 ans. Pour les accompagner et r\u00e9pondre \u00e0 leurs questions relatives \u00e0 la pr\u00e9paration du d\u00e9part \u00e0 la retraite, la r\u00e9gularisation des carri\u00e8res, la possibilit\u00e9 de b\u00e9n\u00e9ficier d\u2019une retraite pour carri\u00e8re longue, la retraite compl\u00e9mentaire,\u00a0etc., des rendez-vous personnalis\u00e9s leur seront r\u00e9serv\u00e9s (inscription obligatoire). Des stands les informeront par ailleurs sur les services en ligne et l\u2019action sociale de la Carsat.<\/p>\n<p class=\"note\">Carsat Alsace-Moselle, 36 rue du Doubs \u00e0 Strasbourg, samedi 28\u00a0juin de 9\u00a0h \u00e0 17\u00a0h. Pour obtenir un rendez-vous personnalis\u00e9, il convient obligatoirement de s\u2019inscrire au pr\u00e9alable sur <a href=\"https:\/\/www.carsat-alsacemoselle.fr\/home.html\" target=\"_blank\" rel=\"noopener\">www.carsat-alsacemoselle.fr<\/a><\/p>\n","protected":false},"excerpt":{"rendered":"Dans le cadre des c\u00e9l\u00e9brations des 80 ans de la S\u00e9curit\u00e9 sociale, la Caisse d\u2019assurance retraite et de&hellip;\n","protected":false},"author":2,"featured_media":202448,"comment_status":"","ping_status":"","sticky":false,"template":"","format":"standard","meta":{"footnotes":""},"categories":[2820],"tags":[1111,11,2389,2649,2880,1777,674,107,1011,27,775,12,25,137,801,640,2879],"class_list":{"0":"post-202447","1":"post","2":"type-post","3":"status-publish","4":"format-standard","5":"has-post-thumbnail","7":"category-strasbourg","8":"tag-actu","9":"tag-actualites","10":"tag-alsace","11":"tag-bas-rhin","12":"tag-edition-strasbourg","13":"tag-eu","14":"tag-europe","15":"tag-fil-info","16":"tag-fr","17":"tag-france","18":"tag-grand-est","19":"tag-news","20":"tag-republique-francaise","21":"tag-retraite","22":"tag-social","23":"tag-strasbourg","24":"tag-strasbourg-ville"},"share_on_mastodon":{"url":"https:\/\/pubeurope.com\/@fr\/114742320481108073","error":""},"_links":{"self":[{"href":"https:\/\/www.europesays.com\/fr\/wp-json\/wp\/v2\/posts\/202447","targetHints":{"allow":["GET"]}}],"collection":[{"href":"https:\/\/www.europesays.com\/fr\/wp-json\/wp\/v2\/posts"}],"about":[{"href":"https:\/\/www.europesays.com\/fr\/wp-json\/wp\/v2\/types\/post"}],"author":[{"embeddable":true,"href":"https:\/\/www.europesays.com\/fr\/wp-json\/wp\/v2\/users\/2"}],"replies":[{"embeddable":true,"href":"https:\/\/www.europesays.com\/fr\/wp-json\/wp\/v2\/comments?post=202447"}],"version-history":[{"count":0,"href":"https:\/\/www.europesays.com\/fr\/wp-json\/wp\/v2\/posts\/202447\/revisions"}],"wp:featuredmedia":[{"embeddable":true,"href":"https:\/\/www.europesays.com\/fr\/wp-json\/wp\/v2\/media\/202448"}],"wp:attachment":[{"href":"https:\/\/www.europesays.com\/fr\/wp-json\/wp\/v2\/media?parent=202447"}],"wp:term":[{"taxonomy":"category","embeddable":true,"href":"https:\/\/www.europesays.com\/fr\/wp-json\/wp\/v2\/categories?post=202447"},{"taxonomy":"post_tag","embeddable":true,"href":"https:\/\/www.europesays.com\/fr\/wp-json\/wp\/v2\/tags?post=202447"}],"curies":[{"name":"wp","href":"https:\/\/api.w.org\/{rel}","templated":true}]}}