{"id":202449,"date":"2025-06-25T05:20:11","date_gmt":"2025-06-25T05:20:11","guid":{"rendered":"https:\/\/www.europesays.com\/fr\/202449\/"},"modified":"2025-06-25T05:20:11","modified_gmt":"2025-06-25T05:20:11","slug":"strasbourg-les-gulenistes-turcs-ont-rendez-vous-devant-le-conseil-de-leurope","status":"publish","type":"post","link":"https:\/\/www.europesays.com\/fr\/202449\/","title":{"rendered":"Strasbourg. Les gul\u00e9nistes turcs ont rendez-vous devant le conseil de l\u2019Europe"},"content":{"rendered":"<p>Rumi Unal, ancien diplomate, a pass\u00e9 deux ans en prison apr\u00e8s le coup d\u2019\u00c9tat rat\u00e9 contre <a href=\"https:\/\/www.dna.fr\/p\/recep-tayyip-erdogan\" target=\"_blank\" rel=\"noopener\">Recep Tayyip Erdogan<\/a> en 2016. Affili\u00e9 \u00e0 la confr\u00e9rie de l\u2019imam Fethullah G\u00fclen (1941-2024), soup\u00e7onn\u00e9e d\u2019avoir foment\u00e9 le putsch, il est persona non grata dans son pays et vit r\u00e9fugi\u00e9 \u00e0 Paris. En 2025, Ankara accuse toujours les gulenistes d\u2019appartenir \u00e0 une \u00ab\u00a0organisation terroriste arm\u00e9e\u00a0\u00bb. La r\u00e9pression ne se limite pas \u00e0 la Turquie. \u00ab\u00a0La Mac\u00e9doine, la Bosnie, l\u2019Albanie, la Moldavie et le Kosovo, qui n\u2019appartiennent pas \u00e0 l\u2019Union europ\u00e9enne, ne sont pas s\u00fbrs, illustre Rumi Unal. Des demandeurs d\u2019asile y ont \u00e9t\u00e9 enlev\u00e9s par les services de renseignements turcs, ainsi qu\u2019en Afrique.\u00a0\u00bb<\/p>\n<p>  Deux \u00e9coles \u00e0 Schiltigheim<\/p>\n<p>M\u00eame \u00e0 Strasbourg, les gul\u00e9nistes sont fich\u00e9s \u00e0 chaque manifestation, selon Rumi Unal. Ils repr\u00e9senteraient entre 150 et 200 familles en Alsace. Actifs dans l\u2019\u00e9ducation, ils avaient fond\u00e9 <a href=\"https:\/\/www.dna.fr\/edition-de-strasbourg\/2017\/03\/30\/portes-ouvertes-avant-demenagement\" target=\"_blank\" rel=\"noopener\">un coll\u00e8ge priv\u00e9 \u00e0 Lingolsheim qui a vu ses effectifs fondre<\/a> et d\u00fb d\u00e9m\u00e9nager \u00e0 la rentr\u00e9e 2017, apr\u00e8s des pressions venues de Turquie. Aujourd\u2019hui, ils pilotent une \u00e9cole maternelle et une \u00e9cole \u00e9l\u00e9mentaire \u00e0 Schiltigheim.<\/p>\n<p><a href=\"https:\/\/www.dna.fr\/faits-divers-justice\/2024\/10\/02\/plus-de-3-000-turcs-demandent-justice-pour-les-opposants-au-regime-d-erdogan\" target=\"_blank\" rel=\"noopener\">Pour la quatri\u00e8me ann\u00e9e cons\u00e9cutive, \u00e0 l\u2019appel de leur collectif DDH<\/a> , les sympathisants de Fethullah G\u00fclen se rassemblent ce mercredi 25\u00a0juin \u00e0 partir de 11\u00a0h\u00a030 devant le Conseil de l\u2019Europe. Ils attendent que celui-ci fasse respecter les arr\u00eats de la Cour europ\u00e9enne des droits de l\u2019Homme. En particulier l\u2019arr\u00eat Yal\u00e7inkaya, rendu en septembre\u00a02023, du nom d\u2019un enseignant condamn\u00e9 \u00e0 six ans de prison pour avoir utilis\u00e9 la messagerie crypt\u00e9e ByLock, canal suppos\u00e9 des gul\u00e9nistes. Pour la justice turque, cela suffit \u00e0 en faire un terroriste. \u00ab\u00a0M\u00eame apr\u00e8s cet arr\u00eat, des milliers de personnes ont \u00e9t\u00e9 arr\u00eat\u00e9es pour ce motif\u00a0\u00bb, rappelle Rumi Unal.<\/p>\n<p>Les gul\u00e9nistes esp\u00e8rent rallier \u00e0 leur cause les autres opposants turcs en exil. Dont les partisans du maire d\u2019Istanbul Ekrem Imamoglu, arr\u00eat\u00e9 en mars\u00a02025. Mais son parti, le CHP, a poliment d\u00e9clin\u00e9 l\u2019invitation. Le PKK kurde, qui a amorc\u00e9 un d\u00e9gel avec r\u00e9gime, est attentiste. \u00ab\u00a0Erdogan a renforc\u00e9 son pouvoir en jouant sur les divisions\u00a0\u00bb, regrette Runi Unal. Ici comme au pays, l\u2019opposition turque peine \u00e0 se souder.<\/p>\n","protected":false},"excerpt":{"rendered":"Rumi Unal, ancien diplomate, a pass\u00e9 deux ans en prison apr\u00e8s le coup d\u2019\u00c9tat rat\u00e9 contre Recep Tayyip&hellip;\n","protected":false},"author":2,"featured_media":202450,"comment_status":"","ping_status":"","sticky":false,"template":"","format":"standard","meta":{"footnotes":""},"categories":[2820],"tags":[1111,11,2389,2649,2880,1777,674,274,107,1011,27,775,3035,12,25,640,2879],"class_list":{"0":"post-202449","1":"post","2":"type-post","3":"status-publish","4":"format-standard","5":"has-post-thumbnail","7":"category-strasbourg","8":"tag-actu","9":"tag-actualites","10":"tag-alsace","11":"tag-bas-rhin","12":"tag-edition-strasbourg","13":"tag-eu","14":"tag-europe","15":"tag-faits-divers-justice","16":"tag-fil-info","17":"tag-fr","18":"tag-france","19":"tag-grand-est","20":"tag-la-matinale-strasbourg","21":"tag-news","22":"tag-republique-francaise","23":"tag-strasbourg","24":"tag-strasbourg-ville"},"share_on_mastodon":{"url":"https:\/\/pubeurope.com\/@fr\/114742324315946468","error":""},"_links":{"self":[{"href":"https:\/\/www.europesays.com\/fr\/wp-json\/wp\/v2\/posts\/202449","targetHints":{"allow":["GET"]}}],"collection":[{"href":"https:\/\/www.europesays.com\/fr\/wp-json\/wp\/v2\/posts"}],"about":[{"href":"https:\/\/www.europesays.com\/fr\/wp-json\/wp\/v2\/types\/post"}],"author":[{"embeddable":true,"href":"https:\/\/www.europesays.com\/fr\/wp-json\/wp\/v2\/users\/2"}],"replies":[{"embeddable":true,"href":"https:\/\/www.europesays.com\/fr\/wp-json\/wp\/v2\/comments?post=202449"}],"version-history":[{"count":0,"href":"https:\/\/www.europesays.com\/fr\/wp-json\/wp\/v2\/posts\/202449\/revisions"}],"wp:featuredmedia":[{"embeddable":true,"href":"https:\/\/www.europesays.com\/fr\/wp-json\/wp\/v2\/media\/202450"}],"wp:attachment":[{"href":"https:\/\/www.europesays.com\/fr\/wp-json\/wp\/v2\/media?parent=202449"}],"wp:term":[{"taxonomy":"category","embeddable":true,"href":"https:\/\/www.europesays.com\/fr\/wp-json\/wp\/v2\/categories?post=202449"},{"taxonomy":"post_tag","embeddable":true,"href":"https:\/\/www.europesays.com\/fr\/wp-json\/wp\/v2\/tags?post=202449"}],"curies":[{"name":"wp","href":"https:\/\/api.w.org\/{rel}","templated":true}]}}