{"id":202453,"date":"2025-06-25T05:22:12","date_gmt":"2025-06-25T05:22:12","guid":{"rendered":"https:\/\/www.europesays.com\/fr\/202453\/"},"modified":"2025-06-25T05:22:12","modified_gmt":"2025-06-25T05:22:12","slug":"piscine-squattee-menaces-de-mort-au-personnel-a-nice-les-employes-de-lhotel-mercure-debraient-pour-reclamer-un-vigile-2","status":"publish","type":"post","link":"https:\/\/www.europesays.com\/fr\/202453\/","title":{"rendered":"Piscine squatt\u00e9e, menaces de mort au personnel\u2026 \u00c0 Nice, les employ\u00e9s de l\u2019h\u00f4tel Mercure d\u00e9braient pour r\u00e9clamer un vigile"},"content":{"rendered":"<p>\u00ab\u00a0Ras-le-bol\u00a0\u00bb. Des salari\u00e9s de l\u2019h\u00f4tel Mercure Notre-Dame, situ\u00e9 \u00e0 deux pas de la basilique et donc de l\u2019avenue Jean-M\u00e9decin, ont cess\u00e9 le travail ce mardi 24 juin. Une matin\u00e9e de gr\u00e8ve coup de poing pour d\u00e9noncer l\u2019ins\u00e9curit\u00e9 qui r\u00e9gnerait au sein de l\u2019\u00e9tablissement de 200 chambres.<\/p>\n<p>\u00ab\u00a0Il y a d\u00e9j\u00e0 eu plusieurs intrusions, des coll\u00e8gues de nuit ont \u00e9t\u00e9 pass\u00e9s \u00e0 tabac et hospitalis\u00e9s, il y a des SDF, de la drogue, \u00e9num\u00e8re Claude Pandolfi, d\u00e9l\u00e9gu\u00e9 syndical FO, qui pr\u00e9cise que plusieurs plaintes ont \u00e9t\u00e9 d\u00e9pos\u00e9es. On a eu un jour une tentative de cambriolage \u00e0 5 heures du matin avec des sabres en bois, et aussi un homme en casque int\u00e9gral noir venu se filmer en train de tirer sur le r\u00e9ceptionniste avec une arme \u00e0 bille.\u00a0\u00bb<\/p>\n<p>\u00ab\u00a0On n\u2019est pas des sh\u00e9rifs\u00a0\u00bb<\/p>\n<p>Autre source d\u2019inqui\u00e9tude pour le personnel: le roof top et sa piscine, normalement r\u00e9serv\u00e9e aux clients. \u00ab\u00a0Avec le caf\u00e9 \u00e0 3 euros, toute la racaille vient ici, se baigne, squatte les transats r\u00e9serv\u00e9s aux clients, fume des joints\u2026 Et quand on leur dit de partir, on se fait insulter ou menacer de mort\u00a0\u00bb, ajoute le syndicaliste.<\/p>\n<p>Sur 40 salari\u00e9s, 18 \u00e9taient en gr\u00e8ve ce mardi 24 juin 2025. R\u00e9ceptionnistes, bagagistes, voituriers, barman et femmes de m\u00e9nages r\u00e9clament \u00e0 la direction un agent de s\u00e9curit\u00e9 \u00e0 temps plein, comme chez Darty juste \u00e0 c\u00f4t\u00e9. \u00ab\u00a0\u00c7a fait trois ans que \u00e7a dure: \u00e0 partir de 15 heures, c\u2019est le d\u00e9fil\u00e9 au bar. Y en a marre, on n\u2019est pas des sh\u00e9rifs\u00a0\u00bb, l\u00e2che Claude Pandolfi. Les femmes de chambre, elles, d\u00e9noncent par ailleurs \u00ab\u00a0une discrimination \u00e0 l\u2019embauche, un turnover important tous les six mois et une charge de travail qui augmente sans cesse.\u00a0\u00bb<\/p>\n<p>Le directeur de l\u2019h\u00f4tel Mercure, Thierry Douet, se dit conscient du probl\u00e8me d\u2019ins\u00e9curit\u00e9: \u00ab\u00a0Comme tous les \u00e9tablissements qui re\u00e7oivent du public, on a deux ou trois incidents par saison, des \u2018\u2018clients ind\u00e9sirables\u2019\u2019 ou des gens qui ne sont pas clients de l\u2019h\u00f4tel et qui vont \u00e0 la piscine, explique-t-il. On a d\u00e9j\u00e0 mis en place des mesures: on partage par exemple un vigile avec Darty, Intersport et Q-Park la journ\u00e9e. Mais on r\u00e9fl\u00e9chit \u00e0 \u00e9tendre ce dispositif la nuit.\u00a0\u00bb<\/p>\n","protected":false},"excerpt":{"rendered":"\u00ab\u00a0Ras-le-bol\u00a0\u00bb. Des salari\u00e9s de l\u2019h\u00f4tel Mercure Notre-Dame, situ\u00e9 \u00e0 deux pas de la basilique et donc de l\u2019avenue&hellip;\n","protected":false},"author":2,"featured_media":202452,"comment_status":"","ping_status":"","sticky":false,"template":"","format":"standard","meta":{"footnotes":""},"categories":[2819],"tags":[1111,11,1777,674,1011,27,12,2401,882,25,3366],"class_list":{"0":"post-202453","1":"post","2":"type-post","3":"status-publish","4":"format-standard","5":"has-post-thumbnail","7":"category-nice","8":"tag-actu","9":"tag-actualites","10":"tag-eu","11":"tag-europe","12":"tag-fr","13":"tag-france","14":"tag-news","15":"tag-nice","16":"tag-provence-alpes-cote-dazur","17":"tag-republique-francaise","18":"tag-vie-locale"},"share_on_mastodon":{"url":"https:\/\/pubeurope.com\/@fr\/114742332140515518","error":""},"_links":{"self":[{"href":"https:\/\/www.europesays.com\/fr\/wp-json\/wp\/v2\/posts\/202453","targetHints":{"allow":["GET"]}}],"collection":[{"href":"https:\/\/www.europesays.com\/fr\/wp-json\/wp\/v2\/posts"}],"about":[{"href":"https:\/\/www.europesays.com\/fr\/wp-json\/wp\/v2\/types\/post"}],"author":[{"embeddable":true,"href":"https:\/\/www.europesays.com\/fr\/wp-json\/wp\/v2\/users\/2"}],"replies":[{"embeddable":true,"href":"https:\/\/www.europesays.com\/fr\/wp-json\/wp\/v2\/comments?post=202453"}],"version-history":[{"count":0,"href":"https:\/\/www.europesays.com\/fr\/wp-json\/wp\/v2\/posts\/202453\/revisions"}],"wp:featuredmedia":[{"embeddable":true,"href":"https:\/\/www.europesays.com\/fr\/wp-json\/wp\/v2\/media\/202452"}],"wp:attachment":[{"href":"https:\/\/www.europesays.com\/fr\/wp-json\/wp\/v2\/media?parent=202453"}],"wp:term":[{"taxonomy":"category","embeddable":true,"href":"https:\/\/www.europesays.com\/fr\/wp-json\/wp\/v2\/categories?post=202453"},{"taxonomy":"post_tag","embeddable":true,"href":"https:\/\/www.europesays.com\/fr\/wp-json\/wp\/v2\/tags?post=202453"}],"curies":[{"name":"wp","href":"https:\/\/api.w.org\/{rel}","templated":true}]}}