{"id":202464,"date":"2025-06-25T05:30:13","date_gmt":"2025-06-25T05:30:13","guid":{"rendered":"https:\/\/www.europesays.com\/fr\/202464\/"},"modified":"2025-06-25T05:30:13","modified_gmt":"2025-06-25T05:30:13","slug":"la-colere-monte-chez-les-professionnels","status":"publish","type":"post","link":"https:\/\/www.europesays.com\/fr\/202464\/","title":{"rendered":"la col\u00e8re monte chez les professionnels"},"content":{"rendered":"<p>            Par<br \/>\n        <strong><br \/>\n            <a href=\"https:\/\/actu.fr\/auteur\/hervine-mahaud\" title=\"Consulter tous les articles de Hervine Mahaud\" target=\"_blank\" rel=\"noopener\">Hervine Mahaud<\/a><br \/>\n        <\/strong><\/p>\n<p>        Publi\u00e9 le<\/p>\n<p>            25 juin 2025 \u00e0 6h32        <\/p>\n<p>Le <b>Groupement des H\u00f4telleries et Restaurations (GHR) Hauts-de-France<\/b> monte au cr\u00e9neau. Dans un communiqu\u00e9 diffus\u00e9 ce mardi 24 juin 2025, l\u2019organisation d\u00e9nonce \u00ab\u00a0une <b>exclusion injustifi\u00e9e<\/b>\u00a0\u00bb des <b>bars, tabacs et \u00e9tablissements de boissons<\/b> du dispositif des <b>terrasses estivales<\/b> mis en place <a href=\"https:\/\/actu.fr\/hauts-de-france\/lille_59350\/lille-des-annees-70-au-xxie-siecle-les-rues-du-molinel-et-pierre-mauroy-officiellement-inaugurees_62807901.html\" target=\"_blank\" rel=\"noopener\">par la <b>Ville de Lille<\/b>.<\/a><\/p>\n<p>Une d\u00e9cision unilat\u00e9rale et incomprise<\/p>\n<p class=\" wall-content\">Alors que les <b>restaurants<\/b> b\u00e9n\u00e9ficient, comme chaque \u00e9t\u00e9, de <a href=\"https:\/\/actu.fr\/hauts-de-france\/lille_59350\/ca-sent-les-beaux-jours-a-lille-la-pietonnisation-et-les-terrasses-estivales-sont-de-retour_62584353.html\" target=\"_blank\" rel=\"noopener\">l\u2019\u00e9largissement de leurs terrasses sur l\u2019espace public pour dynamiser leur activit\u00e9<\/a>, les <b>bars<\/b> en sont <b>exclus<\/b>, d\u00e9plore le GHR. Une situation jug\u00e9e <b>inacceptable<\/b> par les professionnels du secteur, qui d\u00e9noncent une \u00ab\u00a0<b>rupture d\u2019\u00e9galit\u00e9<\/b> entre commer\u00e7ants d\u2019un m\u00eame secteur\u00a0\u00bb.<\/p>\n<p class=\" wall-content\">\u00ab\u00a0Cette mesure entra\u00eene des pertes \u00e9conomiques majeures, menace l\u2019emploi local et compromet l\u2019\u00e9quilibre du commerce ind\u00e9pendant dans la m\u00e9tropole\u00a0\u00bb, alerte le groupement.<\/p>\n<p class=\" wall-content\">Selon le GHR, <b>aucune justification recevable<\/b> n\u2019a \u00e9t\u00e9 apport\u00e9e par la mairie pour expliquer cette diff\u00e9rence de traitement. L\u2019organisation \u00e9voque une <b>discrimination contraire \u00e0 l\u2019article 6 de la D\u00e9claration des Droits de l\u2019Homme et du Citoyen<\/b>, qui garantit l\u2019\u00e9galit\u00e9 devant la loi pour tous les citoyens.<\/p>\n<p>\u00ab\u00a0Les bars ne sont pas les ennemis de la tranquillit\u00e9 publique\u00a0\u00bb<\/p>\n<p class=\" wall-content\">Face aux arguments parfois avanc\u00e9s autour des nuisances sonores, le GHR rappelle que les bars ne sont pas les seuls \u00e0 accueillir du public en terrasse, et que la majorit\u00e9 d\u2019entre eux agit de mani\u00e8re <b>responsable<\/b>.<\/p>\n<p>Vid\u00e9os : en ce moment sur Actu<\/p>\n<p class=\" wall-content\">L\u2019organisation affirme que les professionnels sont pr\u00eats \u00e0 s\u2019engager clairement \u00e0 :<\/p>\n<ul class=\" wall-content\">\n<li>Respecter les dimensions autoris\u00e9es par la municipalit\u00e9 ;<\/li>\n<li>Maintenir des horaires stricts ;<\/li>\n<li>Garantir un service encadr\u00e9 et \u00e0 table ;<\/li>\n<li>Assurer la propret\u00e9 des abords ;<\/li>\n<li>Utiliser un mobilier discret, conforme aux exigences urbaines.<\/li>\n<\/ul>\n<p class=\" wall-content\">\u00ab\u00a0Les bars jouent un r\u00f4le essentiel dans le tissu social et la convivialit\u00e9 urbaine. Ils aspirent \u00e0 \u00eatre trait\u00e9s avec \u00e9quit\u00e9, au m\u00eame titre que les autres acteurs du secteur GHR\u00a0\u00bb, ajoute le GHR Hauts-de-France.<\/p>\n<p>Ultimatum : vers une mobilisation ?<\/p>\n<p class=\" wall-content\">Le GHR lance un \u00ab\u00a0<b>appel solennel\u00a0\u00bb <\/b>\u00e0 la Ville de Lille pour la \u00ab\u00a0r\u00e9int\u00e9gration imm\u00e9diate des bars dans le dispositif des terrasses estivales\u00a0\u00bb. \u00c0 d\u00e9faut, il envisage toutes les voies n\u00e9cessaires : mobilisation professionnelle, m\u00e9diatisation, et actions juridiques.<\/p>\n<p class=\" wall-content\">\u00ab\u00a0Nous demandons justice, \u00e9quit\u00e9 et reconnaissance pour l\u2019ensemble des professionnels qui font vivre nos villes\u00a0\u00bb, pr\u00e9vient Claude Thomas, le pr\u00e9sident du groupement.<\/p>\n<p class=\" wall-content\">Alors que la saison estivale d\u00e9bute, la situation pourrait se tendre dans les jours \u00e0 venir.<\/p>\n<p class=\" wall-content\">Suivez toute l\u2019actualit\u00e9 de vos villes et m\u00e9dias favoris en vous inscrivant \u00e0 <a href=\"https:\/\/moncompte.actu.fr\" title=\"D\u00e9couvez Mon Actu\" rel=\"nofollow noopener\" data-trk=\"{&quot;cta&quot;:{&quot;action&quot;:&quot;https:\\\/\\\/moncompte.actu.fr&quot;,&quot;category&quot;:&quot;mon compte&quot;,&quot;from&quot;:&quot;article footer&quot;,&quot;name&quot;:&quot;Mon actu&quot;,&quot;type&quot;:&quot;cta&quot;}}\" target=\"_blank\">Mon Actu<\/a>.<\/p>\n","protected":false},"excerpt":{"rendered":"Par Hervine Mahaud Publi\u00e9 le 25 juin 2025 \u00e0 6h32 Le Groupement des H\u00f4telleries et Restaurations (GHR) Hauts-de-France&hellip;\n","protected":false},"author":2,"featured_media":202465,"comment_status":"","ping_status":"","sticky":false,"template":"","format":"standard","meta":{"footnotes":""},"categories":[2815],"tags":[1111,11,5702,215,33,1777,674,1011,27,811,1307,12,25],"class_list":{"0":"post-202464","1":"post","2":"type-post","3":"status-publish","4":"format-standard","5":"has-post-thumbnail","7":"category-lille","8":"tag-actu","9":"tag-actualites","10":"tag-alcool","11":"tag-commerce","12":"tag-economie","13":"tag-eu","14":"tag-europe","15":"tag-fr","16":"tag-france","17":"tag-hauts-de-france","18":"tag-lille","19":"tag-news","20":"tag-republique-francaise"},"share_on_mastodon":{"url":"https:\/\/pubeurope.com\/@fr\/114742363620068807","error":""},"_links":{"self":[{"href":"https:\/\/www.europesays.com\/fr\/wp-json\/wp\/v2\/posts\/202464","targetHints":{"allow":["GET"]}}],"collection":[{"href":"https:\/\/www.europesays.com\/fr\/wp-json\/wp\/v2\/posts"}],"about":[{"href":"https:\/\/www.europesays.com\/fr\/wp-json\/wp\/v2\/types\/post"}],"author":[{"embeddable":true,"href":"https:\/\/www.europesays.com\/fr\/wp-json\/wp\/v2\/users\/2"}],"replies":[{"embeddable":true,"href":"https:\/\/www.europesays.com\/fr\/wp-json\/wp\/v2\/comments?post=202464"}],"version-history":[{"count":0,"href":"https:\/\/www.europesays.com\/fr\/wp-json\/wp\/v2\/posts\/202464\/revisions"}],"wp:featuredmedia":[{"embeddable":true,"href":"https:\/\/www.europesays.com\/fr\/wp-json\/wp\/v2\/media\/202465"}],"wp:attachment":[{"href":"https:\/\/www.europesays.com\/fr\/wp-json\/wp\/v2\/media?parent=202464"}],"wp:term":[{"taxonomy":"category","embeddable":true,"href":"https:\/\/www.europesays.com\/fr\/wp-json\/wp\/v2\/categories?post=202464"},{"taxonomy":"post_tag","embeddable":true,"href":"https:\/\/www.europesays.com\/fr\/wp-json\/wp\/v2\/tags?post=202464"}],"curies":[{"name":"wp","href":"https:\/\/api.w.org\/{rel}","templated":true}]}}