{"id":202471,"date":"2025-06-25T05:34:13","date_gmt":"2025-06-25T05:34:13","guid":{"rendered":"https:\/\/www.europesays.com\/fr\/202471\/"},"modified":"2025-06-25T05:34:13","modified_gmt":"2025-06-25T05:34:13","slug":"en-fauteuil-roulant-il-ne-peut-plus-sortir-de-son-immeuble","status":"publish","type":"post","link":"https:\/\/www.europesays.com\/fr\/202471\/","title":{"rendered":"en fauteuil roulant, il ne peut plus sortir de son immeuble"},"content":{"rendered":"<p>Jusqu\u2019\u00e0 l\u2019ann\u00e9e derni\u00e8re, Rachid n\u2019avait pas de probl\u00e8me de mobilit\u00e9. Il entrait, sortait de son immeuble comme bon lui semblait. Mais depuis une art\u00e8re bouch\u00e9e en mai\u00a02024 et quatre lourdes op\u00e9rations, dont une pour l\u2019implantation d\u2019une art\u00e8re artificielle, il est oblig\u00e9 de se d\u00e9placer en fauteuil roulant. <\/p>\n<p>\u00c0 60 ans \u00e0 peine, c\u2019\u00e9tait d\u00e9j\u00e0 un coup dur. Mais ne plus pouvoir sortir de chez lui \u00e0 sa guise, c\u2019est encore pire. \u00ab\u00a0Je suis oblig\u00e9 de faire appel \u00e0 des voisins ou \u00e0 ma famille pour faire mes courses\u00a0\u00bb, indique-t-il au Progr\u00e8s ce dimanche 22\u00a0juin. Cerise sur le g\u00e2teau, ce vendredi, les ambulanciers qui venaient le chercher pour le conduire \u00e0 l\u2019h\u00f4pital n\u2019ont pu arriver jusqu\u2019\u00e0 lui, qui habite au 8e  \u00e9tage. L\u2019ascenseur \u00e9tait en panne.<\/p>\n<p>\u00ab\u00a0Pourquoi ne pas installer de rampes&#8230;                <\/p>\n","protected":false},"excerpt":{"rendered":"Jusqu\u2019\u00e0 l\u2019ann\u00e9e derni\u00e8re, Rachid n\u2019avait pas de probl\u00e8me de mobilit\u00e9. Il entrait, sortait de son immeuble comme bon&hellip;\n","protected":false},"author":2,"featured_media":202472,"comment_status":"","ping_status":"","sticky":false,"template":"","format":"standard","meta":{"footnotes":""},"categories":[1889],"tags":[1111,11,2430,2757,1777,674,107,1011,27,1943,1908,2428,9744,9743,12,25,2429,4604,104],"class_list":{"0":"post-202471","1":"post","2":"type-post","3":"status-publish","4":"format-standard","5":"has-post-thumbnail","7":"category-lyon","8":"tag-actu","9":"tag-actualites","10":"tag-auvergne-rhone-alpes","11":"tag-edition-lyon-villeurbanne","12":"tag-eu","13":"tag-europe","14":"tag-fil-info","15":"tag-fr","16":"tag-france","17":"tag-handicap","18":"tag-logement","19":"tag-lyon","20":"tag-lyon-8e","21":"tag-lyon-8e-arrondissement","22":"tag-news","23":"tag-republique-francaise","24":"tag-rhone","25":"tag-selection-abonne","26":"tag-societe"},"share_on_mastodon":{"url":"https:\/\/pubeurope.com\/@fr\/114742379507612641","error":""},"_links":{"self":[{"href":"https:\/\/www.europesays.com\/fr\/wp-json\/wp\/v2\/posts\/202471","targetHints":{"allow":["GET"]}}],"collection":[{"href":"https:\/\/www.europesays.com\/fr\/wp-json\/wp\/v2\/posts"}],"about":[{"href":"https:\/\/www.europesays.com\/fr\/wp-json\/wp\/v2\/types\/post"}],"author":[{"embeddable":true,"href":"https:\/\/www.europesays.com\/fr\/wp-json\/wp\/v2\/users\/2"}],"replies":[{"embeddable":true,"href":"https:\/\/www.europesays.com\/fr\/wp-json\/wp\/v2\/comments?post=202471"}],"version-history":[{"count":0,"href":"https:\/\/www.europesays.com\/fr\/wp-json\/wp\/v2\/posts\/202471\/revisions"}],"wp:featuredmedia":[{"embeddable":true,"href":"https:\/\/www.europesays.com\/fr\/wp-json\/wp\/v2\/media\/202472"}],"wp:attachment":[{"href":"https:\/\/www.europesays.com\/fr\/wp-json\/wp\/v2\/media?parent=202471"}],"wp:term":[{"taxonomy":"category","embeddable":true,"href":"https:\/\/www.europesays.com\/fr\/wp-json\/wp\/v2\/categories?post=202471"},{"taxonomy":"post_tag","embeddable":true,"href":"https:\/\/www.europesays.com\/fr\/wp-json\/wp\/v2\/tags?post=202471"}],"curies":[{"name":"wp","href":"https:\/\/api.w.org\/{rel}","templated":true}]}}