{"id":202479,"date":"2025-06-25T05:38:32","date_gmt":"2025-06-25T05:38:32","guid":{"rendered":"https:\/\/www.europesays.com\/fr\/202479\/"},"modified":"2025-06-25T05:38:32","modified_gmt":"2025-06-25T05:38:32","slug":"pour-les-municipales-2026-a-paris-rachida-dati-et-le-dilemme-de-la-macronie-liberation","status":"publish","type":"post","link":"https:\/\/www.europesays.com\/fr\/202479\/","title":{"rendered":"Pour les municipales 2026\u00a0\u00e0 Paris, Rachida Dati et le dilemme de la macronie \u2013 Lib\u00e9ration"},"content":{"rendered":"<p class=\"sc-ksZaOG ehjQrN text-element\">Elle les effraie, les embarrasse, il arrive qu\u2019elle les braque et parfois\u2026 Elle les bluffe. Comment Rachida Dati s\u2019est-elle d\u00e9brouill\u00e9e pour faire inscrire \u00e0 l\u2019agenda de l\u2019Assembl\u00e9e nationale, lundi 30 juin, sa <a href=\"https:\/\/www.liberation.fr\/economie\/medias\/examen-de-la-reforme-de-laudiovisuel-public-rachida-dati-revient-a-la-charge-les-salaries-poursuivent-la-greve-20250331_HOC45HO6MJEWNNRNVKZB44NGHA\/\" target=\"_blank\" rel=\"noreferrer noopener\" title=\"https:\/\/www.liberation.fr\/economie\/medias\/examen-de-la-reforme-de-laudiovisuel-public-rachida-dati-revient-a-la-charge-les-salaries-poursuivent-la-greve-20250331_HOC45HO6MJEWNNRNVKZB44NGHA\/\">r\u00e9forme contest\u00e9e de l\u2019audiovisuel public<\/a> qu\u2019on croyait en bas de la pile ? Les macronistes doivent bien l\u2019avouer, ils sont \u00e9pat\u00e9s par le sens de la persuasion de la ministre de la Culture qui les appelle en num\u00e9ro masqu\u00e9 pour leur vendre son texte jusqu\u2019\u00e0 les faire craquer.<\/p>\n<p class=\"sc-ksZaOG ehjQrN text-element\">Sa d\u00e9termination ne lui permet pas toujours d\u2019arriver \u00e0 ses fins. Convaincue qu\u2019un changement de mode de scrutin \u00e0 Paris l\u2019aiderait \u00e0 prendre la mairie en 2026, Dati est une grande d\u00e9fenseuse de la proposition de loi \u00abPLM\u00bb (Paris-Lyon-Marseille), qui veut rapprocher le r\u00e9gime \u00e9lectoral des trois m\u00e9tropoles du droit commun. <a href=\"https:\/\/www.liberation.fr\/politique\/elections\/municipales-a-paris-lyon-et-marseille-le-senat-sapprete-a-retoquer-la-reforme-du-scrutin-20250603_7B5ZKWTT6JAVLLEZA3MH73IAWE\/\" target=\"_blank\" rel=\"noreferrer noopener\" title=\"https:\/\/www.liberation.fr\/polit&lt;\/p&gt;&lt;\/div&gt;&lt;\/article&gt;&lt;\/div&gt;&lt;div data-fusion-lazy-id=\" f0f8vgvlad832fw=\"\"><\/p>\n","protected":false},"excerpt":{"rendered":"Elle les effraie, les embarrasse, il arrive qu\u2019elle les braque et parfois\u2026 Elle les bluffe. Comment Rachida Dati&hellip;\n","protected":false},"author":2,"featured_media":202480,"comment_status":"","ping_status":"","sticky":false,"template":"","format":"standard","meta":{"footnotes":""},"categories":[1888],"tags":[1111,1928,11,1927,1777,674,1011,27,3228,5945,12,1926,626,1925,417,3370,25],"class_list":{"0":"post-202479","1":"post","2":"type-post","3":"status-publish","4":"format-standard","5":"has-post-thumbnail","7":"category-paris","8":"tag-actu","9":"tag-actu-paris","10":"tag-actualites","11":"tag-actualites-paris","12":"tag-eu","13":"tag-europe","14":"tag-fr","15":"tag-france","16":"tag-lr","17":"tag-municipales-elections","18":"tag-news","19":"tag-news-paris","20":"tag-paris","21":"tag-paris-news","22":"tag-rachida-dati","23":"tag-renaissance","24":"tag-republique-francaise"},"share_on_mastodon":{"url":"https:\/\/pubeurope.com\/@fr\/114742395103768275","error":""},"_links":{"self":[{"href":"https:\/\/www.europesays.com\/fr\/wp-json\/wp\/v2\/posts\/202479","targetHints":{"allow":["GET"]}}],"collection":[{"href":"https:\/\/www.europesays.com\/fr\/wp-json\/wp\/v2\/posts"}],"about":[{"href":"https:\/\/www.europesays.com\/fr\/wp-json\/wp\/v2\/types\/post"}],"author":[{"embeddable":true,"href":"https:\/\/www.europesays.com\/fr\/wp-json\/wp\/v2\/users\/2"}],"replies":[{"embeddable":true,"href":"https:\/\/www.europesays.com\/fr\/wp-json\/wp\/v2\/comments?post=202479"}],"version-history":[{"count":0,"href":"https:\/\/www.europesays.com\/fr\/wp-json\/wp\/v2\/posts\/202479\/revisions"}],"wp:featuredmedia":[{"embeddable":true,"href":"https:\/\/www.europesays.com\/fr\/wp-json\/wp\/v2\/media\/202480"}],"wp:attachment":[{"href":"https:\/\/www.europesays.com\/fr\/wp-json\/wp\/v2\/media?parent=202479"}],"wp:term":[{"taxonomy":"category","embeddable":true,"href":"https:\/\/www.europesays.com\/fr\/wp-json\/wp\/v2\/categories?post=202479"},{"taxonomy":"post_tag","embeddable":true,"href":"https:\/\/www.europesays.com\/fr\/wp-json\/wp\/v2\/tags?post=202479"}],"curies":[{"name":"wp","href":"https:\/\/api.w.org\/{rel}","templated":true}]}}