{"id":202481,"date":"2025-06-25T05:39:25","date_gmt":"2025-06-25T05:39:25","guid":{"rendered":"https:\/\/www.europesays.com\/fr\/202481\/"},"modified":"2025-06-25T05:39:25","modified_gmt":"2025-06-25T05:39:25","slug":"paris-basket-monaco-hifi-cest-paris-au-terme-dun-match-fou-les-parisiens-champions-de-france-revivez-la-finale-avec-nous","status":"publish","type":"post","link":"https:\/\/www.europesays.com\/fr\/202481\/","title":{"rendered":"Paris Basket &#8211; Monaco\u00a0: Hifi, c&rsquo;est Paris&#8230; Au terme d&rsquo;un match fou, les Parisiens champions de France&#8230; Revivez la finale avec nous\u2026"},"content":{"rendered":"<p>Yakuba Ouattara au micro de Dazn : <\/p>\n<p> \u00abJe suis super content, \u00e9mu et triste parce que ce groupe est exceptionnel, que \u00e7a soit notre dernier combat&#8230; La coh\u00e9sion, 14 gars, sacrifice pour l&rsquo;\u00e9quipe, on est toujours en train de d\u00e9lirer. On a transmis notre \u00e9nergie au public, on a pris du plaisir. Finir ici \u00e0 la maison, contre mon ancienne \u00e9quipe, c&rsquo;est la proph\u00e9tie. \u00bb<\/p>\n<p>Premi\u00e8re r\u00e9action de Jaiteh sur DAZN<\/p>\n<p> \u00abIl nous a manqu\u00e9 de la constance. On a des phases o\u00f9 il a manqu\u00e9 d&rsquo;\u00e9nergie. F\u00e9licitations \u00e0 Paris. Cette saison, on a jou\u00e9 le plus de matchs possibles. On a donn\u00e9 tout ce qu&rsquo;on avait, on est vid\u00e9. C&rsquo;est dommage. \u00bb<\/p>\n<p>38e<\/p>\n<p>Il reste une minute quarante-cinq de jeu. Les arbitres regardent la vid\u00e9o pour d\u00e9terminer \u00e0 qui sera la possession.<\/p>\n","protected":false},"excerpt":{"rendered":"Yakuba Ouattara au micro de Dazn : \u00abJe suis super content, \u00e9mu et triste parce que ce groupe&hellip;\n","protected":false},"author":2,"featured_media":202482,"comment_status":"","ping_status":"","sticky":false,"template":"","format":"standard","meta":{"footnotes":""},"categories":[1888],"tags":[1111,1928,11,1927,2266,1464,3146,1777,674,1011,27,662,3127,12,1926,626,1925,25,517],"class_list":{"0":"post-202481","1":"post","2":"type-post","3":"status-publish","4":"format-standard","5":"has-post-thumbnail","7":"category-paris","8":"tag-actu","9":"tag-actu-paris","10":"tag-actualites","11":"tag-actualites-paris","12":"tag-as-monaco","13":"tag-basketball","14":"tag-betclic-elite","15":"tag-eu","16":"tag-europe","17":"tag-fr","18":"tag-france","19":"tag-ile-de-france","20":"tag-monaco","21":"tag-news","22":"tag-news-paris","23":"tag-paris","24":"tag-paris-news","25":"tag-republique-francaise","26":"tag-sport"},"share_on_mastodon":{"url":"https:\/\/pubeurope.com\/@fr\/114742399097519550","error":""},"_links":{"self":[{"href":"https:\/\/www.europesays.com\/fr\/wp-json\/wp\/v2\/posts\/202481","targetHints":{"allow":["GET"]}}],"collection":[{"href":"https:\/\/www.europesays.com\/fr\/wp-json\/wp\/v2\/posts"}],"about":[{"href":"https:\/\/www.europesays.com\/fr\/wp-json\/wp\/v2\/types\/post"}],"author":[{"embeddable":true,"href":"https:\/\/www.europesays.com\/fr\/wp-json\/wp\/v2\/users\/2"}],"replies":[{"embeddable":true,"href":"https:\/\/www.europesays.com\/fr\/wp-json\/wp\/v2\/comments?post=202481"}],"version-history":[{"count":0,"href":"https:\/\/www.europesays.com\/fr\/wp-json\/wp\/v2\/posts\/202481\/revisions"}],"wp:featuredmedia":[{"embeddable":true,"href":"https:\/\/www.europesays.com\/fr\/wp-json\/wp\/v2\/media\/202482"}],"wp:attachment":[{"href":"https:\/\/www.europesays.com\/fr\/wp-json\/wp\/v2\/media?parent=202481"}],"wp:term":[{"taxonomy":"category","embeddable":true,"href":"https:\/\/www.europesays.com\/fr\/wp-json\/wp\/v2\/categories?post=202481"},{"taxonomy":"post_tag","embeddable":true,"href":"https:\/\/www.europesays.com\/fr\/wp-json\/wp\/v2\/tags?post=202481"}],"curies":[{"name":"wp","href":"https:\/\/api.w.org\/{rel}","templated":true}]}}