{"id":202483,"date":"2025-06-25T05:40:13","date_gmt":"2025-06-25T05:40:13","guid":{"rendered":"https:\/\/www.europesays.com\/fr\/202483\/"},"modified":"2025-06-25T05:40:13","modified_gmt":"2025-06-25T05:40:13","slug":"record-de-commerces-vacants-sur-le-boulevard-saint-michel-paris-degaine-larme-fiscale","status":"publish","type":"post","link":"https:\/\/www.europesays.com\/fr\/202483\/","title":{"rendered":"Record de commerces vacants sur le boulevard Saint-Michel\u00a0: Paris d\u00e9gaine l\u2019arme fiscale"},"content":{"rendered":"<p class=\"paragraph text_align_left lp-f-body-02\">Des devantures ferm\u00e9es, des vitrines inanim\u00e9es, d\u00e9grad\u00e9es par les tags et l\u2019affichage sauvage. Le <a href=\"https:\/\/www.leparisien.fr\/paris-75\/paris-le-chiffre-daffaires-ne-suffit-plus-pour-payer-le-loyer-meme-nike-a-fini-par-quitter-le-boulevard-saint-michel-28-09-2021-2RC7UVBGKNBJLLT7KDKBULZN2U.php\" target=\"_blank\" rel=\"noreferrer nofollow noopener\">boulevard Saint-Michel<\/a> (Ve-VIe) a triste mine.<\/p>\n<p class=\"paragraph text_align_left lp-f-body-02\">Selon de r\u00e9cents diagnostics effectu\u00e9s sur cette art\u00e8re qui traverse du nord au sud la capitale, il affiche un taux record de vacance commerciale. Face \u00e0 cette situation persistante, la municipalit\u00e9 a lanc\u00e9 son \u00ab plan sp\u00e9cifique Saint-Michel \u00bb.<\/p>\n","protected":false},"excerpt":{"rendered":"Des devantures ferm\u00e9es, des vitrines inanim\u00e9es, d\u00e9grad\u00e9es par les tags et l\u2019affichage sauvage. Le boulevard Saint-Michel (Ve-VIe) a&hellip;\n","protected":false},"author":2,"featured_media":202484,"comment_status":"","ping_status":"","sticky":false,"template":"","format":"standard","meta":{"footnotes":""},"categories":[1888],"tags":[11,1777,674,1011,27,1944,12,626,25],"class_list":{"0":"post-202483","1":"post","2":"type-post","3":"status-publish","4":"format-standard","5":"has-post-thumbnail","7":"category-paris","8":"tag-actualites","9":"tag-eu","10":"tag-europe","11":"tag-fr","12":"tag-france","13":"tag-ma-ville","14":"tag-news","15":"tag-paris","16":"tag-republique-francaise"},"share_on_mastodon":{"url":"https:\/\/pubeurope.com\/@fr\/114742403000348488","error":""},"_links":{"self":[{"href":"https:\/\/www.europesays.com\/fr\/wp-json\/wp\/v2\/posts\/202483","targetHints":{"allow":["GET"]}}],"collection":[{"href":"https:\/\/www.europesays.com\/fr\/wp-json\/wp\/v2\/posts"}],"about":[{"href":"https:\/\/www.europesays.com\/fr\/wp-json\/wp\/v2\/types\/post"}],"author":[{"embeddable":true,"href":"https:\/\/www.europesays.com\/fr\/wp-json\/wp\/v2\/users\/2"}],"replies":[{"embeddable":true,"href":"https:\/\/www.europesays.com\/fr\/wp-json\/wp\/v2\/comments?post=202483"}],"version-history":[{"count":0,"href":"https:\/\/www.europesays.com\/fr\/wp-json\/wp\/v2\/posts\/202483\/revisions"}],"wp:featuredmedia":[{"embeddable":true,"href":"https:\/\/www.europesays.com\/fr\/wp-json\/wp\/v2\/media\/202484"}],"wp:attachment":[{"href":"https:\/\/www.europesays.com\/fr\/wp-json\/wp\/v2\/media?parent=202483"}],"wp:term":[{"taxonomy":"category","embeddable":true,"href":"https:\/\/www.europesays.com\/fr\/wp-json\/wp\/v2\/categories?post=202483"},{"taxonomy":"post_tag","embeddable":true,"href":"https:\/\/www.europesays.com\/fr\/wp-json\/wp\/v2\/tags?post=202483"}],"curies":[{"name":"wp","href":"https:\/\/api.w.org\/{rel}","templated":true}]}}