{"id":202487,"date":"2025-06-25T05:42:10","date_gmt":"2025-06-25T05:42:10","guid":{"rendered":"https:\/\/www.europesays.com\/fr\/202487\/"},"modified":"2025-06-25T05:42:10","modified_gmt":"2025-06-25T05:42:10","slug":"le-nouveau-train-de-sanctions-a-lencontre-de-la-russie-se-heurte-a-des-difficultes-a-la-veille-dun-sommet-de-lue-aux-enjeux-considerables","status":"publish","type":"post","link":"https:\/\/www.europesays.com\/fr\/202487\/","title":{"rendered":"Le nouveau train de sanctions \u00e0 l&rsquo;encontre de la Russie se heurte \u00e0 des difficult\u00e9s \u00e0 la veille d&rsquo;un sommet de l&rsquo;UE aux enjeux consid\u00e9rables"},"content":{"rendered":"<p><img decoding=\"async\" class=\"c-ad__placeholder__logo\" src=\"https:\/\/static.euronews.com\/website\/images\/logos\/logo-euronews-grey-6-180x22.svg\" width=\"180\" height=\"22\" alt=\"\" loading=\"lazy\"\/>PUBLICIT\u00c9<\/p>\n<p>Le dernier train de sanctions de l&rsquo;Union europ\u00e9enne \u00e0 l&rsquo;encontre de la Russie s&rsquo;est heurt\u00e9 \u00e0 des probl\u00e8mes politiques avant la r\u00e9union des 27 dirigeants qui se tiendra dans le courant de la semaine, jetant le doute sur le moment et la mani\u00e8re dont les restrictions \u00e9conomiques pourraient \u00eatre formellement approuv\u00e9es.<\/p>\n<p>Deux lignes de fracture se sont ouvertes ces derniers jours.<\/p>\n<p>La premi\u00e8re concerne <strong>le plafond des prix du p\u00e9trole brut russe<\/strong> transport\u00e9 par mer, que la Commission europ\u00e9enne a initialement propos\u00e9 d&rsquo;abaisser de 60 \u00e0 45 dollars le baril afin de r\u00e9duire les revenus \u00e9nerg\u00e9tiques du Kremlin, qui sont essentiels pour financer l&rsquo;invasion de l&rsquo;Ukraine.<\/p>\n<p>Contrairement \u00e0 d&rsquo;autres sanctions, le plafond a \u00e9t\u00e9 con\u00e7u et adopt\u00e9 au niveau du G7 et en \u00e9troite coordination avec les \u00c9tats-Unis. Toutefois, lorsque les dirigeants du G7 se sont rendus la semaine derni\u00e8re au Canada pour leur r\u00e9union annuelle, rien n&rsquo;indiquait que Donald Trump, qui a quitt\u00e9 la r\u00e9union un jour plus t\u00f4t, \u00e9tait favorable \u00e0 la r\u00e9vision \u00e0 la baisse.<\/p>\n<p>Depuis son retour \u00e0 la Maison-Blanche, Trump a toujours ignor\u00e9 les appels de Kyiv et des alli\u00e9s occidentaux \u00e0 accro\u00eetre la pression sur la Russie, m\u00eame si Vladimir Poutine continue d&rsquo;ignorer sa proposition de cessez-le-feu inconditionnel de 30 jours.<\/p>\n<p>Le manque de soutien des \u00c9tats-Unis a mis l&rsquo;UE dans une situation d\u00e9licate, coinc\u00e9e entre le <a href=\"https:\/\/www.euronews.com\/my-europe\/2025\/06\/07\/can-the-eu-lower-the-price-cap-on-russian-oil-without-us-support-its-complicated\" target=\"_blank\" rel=\"noopener\"><strong>d\u00e9sir de faire cavalier seul<\/strong><\/a> et la crainte de perturber ce projet novateur.<\/p>\n<p>\u00c0 l&rsquo;issue du sommet du G7, Ursula von der Leyen a surpris les observateurs en minimisant l&rsquo;urgence de la d\u00e9marche, invoquant la hausse des prix du p\u00e9trole provoqu\u00e9e par l&rsquo;escalade militaire entre Isra\u00ebl et l&rsquo;Iran.<\/p>\n<p>Le plafond de 60 dollars \u00ab\u00a0a eu peu d&rsquo;effet, mais ces derniers jours, nous avons vu que le prix du p\u00e9trole a augment\u00e9 [et] le plafond en place remplit sa fonction\u00a0\u00bb, a d\u00e9clar\u00e9 la pr\u00e9sidente de la Commission.<\/p>\n<p>\u00ab\u00a0Pour le moment, il y a donc peu de pression pour abaisser le plafond du prix du p\u00e9trole.<\/p>\n<p>Cependant, la Haute repr\u00e9sentante Kaja Kallas, qui a pr\u00e9sent\u00e9 les nouvelles sanctions aux c\u00f4t\u00e9s de Mme von der Leyen il y a deux semaines<a href=\"https:\/\/www.euronews.com\/my-europe\/2025\/06\/10\/eu-proposes-fresh-sanctions-on-russias-oil-banks-nord-stream-and-shadow-fleet\" target=\"_blank\" rel=\"noopener\"><strong>,<\/strong><\/a> a adopt\u00e9 une position diam\u00e9tralement oppos\u00e9e, arguant que les effets du conflit au Moyen-Orient aident la Russie \u00e0 gagner plus d&rsquo;argent sur les march\u00e9s de l&rsquo;\u00e9nergie et renforcent donc l&rsquo;argument en faveur d&rsquo;un baril \u00e0 45 dollars.<\/p>\n<p>\u00ab\u00a0Comme il n&rsquo;y a pas eu de mandat clair du G7, certains \u00c9tats membres ont des doutes sur le plafonnement du prix du p\u00e9trole, et tout le monde est bien s\u00fbr inquiet de la situation\u00a0\u00bb, a admisKallas \u00e0 l&rsquo;issue d&rsquo;une r\u00e9union des ministres des affaires \u00e9trang\u00e8res lundi.<\/p>\n<p>\u00ab\u00a0Mais en m\u00eame temps, comme nous savons que le prix du p\u00e9trole augmente, il n&rsquo;est pas bon que la Russie profite de cette guerre au Moyen-Orient et puisse mener ou financer sa guerre en Ukraine\u00a0\u00bb, a-t-elle conclu.<\/p>\n<p>Mardi, un porte-parole de la Commission a ni\u00e9 l&rsquo;existence d&rsquo;une contradiction dans le raisonnement et a insist\u00e9 sur le fait que le 18\u00e8me paquet, qui vise \u00e9galement le secteur financier russe, les pipelines Nord Stream et la \u00ab\u00a0flotte fant\u00f4me\u00a0\u00bb, reste tel qu&rsquo;il <a href=\"https:\/\/fr.euronews.com\/my-europe\/2025\/06\/10\/lue-propose-de-nouvelles-sanctions-contre-la-russie-le-petrole-les-banques-nord-stream-et-\" target=\"_blank\" rel=\"noopener\"><strong>avait \u00e9t\u00e9 pr\u00e9vu \u00e0 l&rsquo;origine<\/strong><\/a>.<\/p>\n<p>\u00ab\u00a0Notre proposition sur l&rsquo;ancien plafonnement des prix est l\u00e0 et reste valable\u00a0\u00bb, a d\u00e9clar\u00e9 le porte-parole, notant qu&rsquo;il appartenait aux capitales de la \u00ab\u00a0faire avancer\u00a0\u00bb.<\/p>\n<p>Suite \u00e0 la d\u00e9b\u00e2cle du G7 et au conflit au Moyen-Orient, les Etats membres sont divis\u00e9s sur la question de savoir si le plafond inf\u00e9rieur doit rester sur la table ou \u00eatre \u00e9cart\u00e9 pour le moment, ont d\u00e9clar\u00e9 plusieurs diplomates \u00e0 <strong>Euronews<\/strong>. L&rsquo;unanimit\u00e9 \u00e9tant n\u00e9cessaire pour obtenir l&rsquo;approbation, le plafond de 45 dollars est essentiellement consid\u00e9r\u00e9 comme mort.<\/p>\n<p>Un veto transactionnel<\/p>\n<p>La deuxi\u00e8me fracture concerne la Hongrie et la Slovaquie.<\/p>\n<p>Les deux pays, qui sont de plus en plus align\u00e9s, ont li\u00e9 le dernier paquet de sanctions \u00e0 la feuille de route propos\u00e9e pour \u00e9liminer progressivement tous les combustibles fossiles russes d&rsquo;ici la fin de 2027. Bien que ces deux questions concernent Moscou, elles sont techniquement distinctes.<\/p>\n<p>L&rsquo;ambitieuse feuille de route, pr\u00e9sent\u00e9e en mai, pr\u00e9voit plusieurs interdictions afin de supprimer progressivement tous les achats de gaz de pipeline et de gaz naturel liqu\u00e9fi\u00e9 (GNL) russes, qui repr\u00e9sentaient l&rsquo;ann\u00e9e derni\u00e8re environ 19 % de la consommation de gaz de l&rsquo;Union europ\u00e9enne.<\/p>\n<p>La Commission a innov\u00e9 en inscrivant cette suppression progressive dans le cadre de la politique \u00e9nerg\u00e9tique, ce qui signifie qu&rsquo;elle ne n\u00e9cessitera qu&rsquo;une majorit\u00e9 qualifi\u00e9e pour \u00eatre approuv\u00e9e.<\/p>\n<p>\u00ab\u00a0L&rsquo;\u00e8re des combustibles fossiles russes en Europe touche \u00e0 sa fin\u00a0\u00bb, <a href=\"https:\/\/fr.euronews.com\/my-europe\/2025\/05\/07\/von-der-leyen-lere-des-combustibles-fossiles-russes-en-europe-touche-a-sa-fin\" target=\"_blank\" rel=\"noopener\"><strong>a d\u00e9clar\u00e9 Mme von der Leyen.<\/strong><\/a><\/p>\n<p>La Hongrie et la Slovaquie, deux pays enclav\u00e9s qui d\u00e9pendent encore du gaz et du p\u00e9trole russes, <a href=\"https:\/\/fr.euronews.com\/2025\/05\/07\/robert-fico-critique-lue-au-sujet-de-son-plan-visant-a-mettre-fin-aux-importations-de-gaz-\" target=\"_blank\" rel=\"noopener\"><strong>ont vivement protest\u00e9 contre la feuille de route<\/strong><\/a>, affirmant qu&rsquo;elle porterait atteinte \u00e0 leurs droits souverains, augmenterait les prix \u00e0 la consommation et mettrait en p\u00e9ril la s\u00e9curit\u00e9 \u00e9nerg\u00e9tique.<\/p>\n<p>\u00c9tant donn\u00e9 qu&rsquo;il n&rsquo;est pas possible d&rsquo;opposer un veto \u00e0 l&rsquo;\u00e9limination progressive, <a href=\"https:\/\/fr.euronews.com\/my-europe\/2025\/06\/23\/la-hongrie-et-la-slovaquie-sappretent-a-bloquer-le-nouveau-train-de-sanctions-de-lue-a-len\" target=\"_blank\" rel=\"noopener\"><strong>la Hongrie et la Slovaquie ont eu recours aux sanctions<\/strong><\/a>, qui peuvent faire l&rsquo;objet d&rsquo;un veto, pour faire avancer leur cause.<\/p>\n<p>\u00ab\u00a0Nous ne sommes pas dispos\u00e9s \u00e0 permettre \u00e0 Bruxelles de faire payer aux familles hongroises le prix d&rsquo;un soutien suppl\u00e9mentaire \u00e0 Kyiv\u00a0\u00bb, a d\u00e9clar\u00e9 lundi le ministre hongrois des affaires \u00e9trang\u00e8res, P\u00e9ter Szijj\u00e1rt\u00f3.<\/p>\n<p>Son homologue slovaque, Juraj Blan\u00e1r, a indiqu\u00e9 que son pays n&rsquo;\u00e9tait pas oppos\u00e9 au contenu des sanctions en tant que tel, mais qu&rsquo;il \u00e9tait \u00ab\u00a0absolument crucial\u00a0\u00bb de les lier \u00e0 l&rsquo;\u00e9limination progressive.<\/p>\n<p>\u00ab\u00a0Nous ne pouvons pas nous permettre de prendre de tels risques, c&rsquo;est pourquoi nous demandons des garanties sur la mani\u00e8re dont ces impacts n\u00e9gatifs sur la R\u00e9publique slovaque seront trait\u00e9s\u00a0\u00bb, a d\u00e9clar\u00e9 M. Blan\u00e1r.<\/p>\n<p>Il n&rsquo;a pas \u00e9t\u00e9 possible de d\u00e9terminer imm\u00e9diatement \u00e0 quoi ces \u00ab\u00a0garanties\u00a0\u00bb pourraient ressembler dans la pratique.<\/p>\n<p>Selon les diplomates, une option pourrait consister \u00e0 cr\u00e9er un fonds sp\u00e9cial pour aider la Hongrie et la Slovaquie \u00e0 couper leurs liens avec l&rsquo;\u00e9nergie russe. Il n&rsquo;est pas rare que les \u00c9tats membres demandent de l&rsquo;argent \u00e0 Bruxelles en \u00e9change d&rsquo;un soutien politique.<\/p>\n<p>Cependant, la proposition de suppression progressive n&rsquo;inclut pas d&rsquo;enveloppe financi\u00e8re d\u00e9di\u00e9e, donc tout soutien suppl\u00e9mentaire devrait venir d&rsquo;ailleurs.<\/p>\n<p>Une autre option serait que la Commission publie une d\u00e9claration avec une liste d&rsquo;engagements, <a href=\"https:\/\/fr.euronews.com\/my-europe\/2025\/01\/27\/la-hongrie-renonce-a-sa-menace-de-veto-et-autorise-la-reconduction-des-sanctions-de-lue-a-\" target=\"_blank\" rel=\"noopener\"><strong>comme ce fut le cas en janvier<\/strong><\/a> lorsque la Hongrie a menac\u00e9 de bloquer le renouvellement de toutes les sanctions sectorielles.<\/p>\n<p>A l&rsquo;\u00e9poque, la dispute avait \u00e9t\u00e9 provoqu\u00e9e par la d\u00e9cision de l&rsquo;Ukraine de mettre fin au transit du gaz russe \u00e0 travers son territoire national, ce \u00e0 quoi la Hongrie et la Slovaquie s&rsquo;\u00e9taient fermement oppos\u00e9es. La d\u00e9claration d\u00e9crit \u00ab\u00a0l&rsquo;int\u00e9grit\u00e9 de l&rsquo;infrastructure \u00e9nerg\u00e9tique\u00a0\u00bb comme une \u00ab\u00a0question de s\u00e9curit\u00e9 de l&rsquo;UE\u00a0\u00bb que les autres pays devraient \u00ab\u00a0respecter\u00a0\u00bb.<\/p>\n<p>Bien que le texte ne soit pas contraignant, il a suffi \u00e0 Budapest pour lever son veto.<\/p>\n<p>Le d\u00e9bat sur le 18e paquet de sanctions devrait \u00eatre port\u00e9 au sommet des dirigeants de l&rsquo;UE <strong>jeudi<\/strong>, o\u00f9 le Hongrois Viktor Orb\u00e1n et le Slovaque Robert Fico devraient faire valoir leur point de vue. Viktor Orb\u00e1n, en particulier, a acquis une r\u00e9putation pour son approche transactionnelle des n\u00e9gociations, cherchant \u00e0 obtenir des concessions et des d\u00e9rogations controvers\u00e9es.<\/p>\n<p>Malgr\u00e9 ces contretemps, les diplomates sont convaincus qu&rsquo;un accord sur les sanctions peut \u00eatre scell\u00e9 avant la fin de la pr\u00e9sidence polonaise du Conseil de l&rsquo;UE, le 30 juin.<\/p>\n<p>\u00ab\u00a0Nous attendons les r\u00e9sultats du sommet de jeudi, et je pense que la conversation apr\u00e8s jeudi sera beaucoup plus facile. Nous restons optimistes\u00a0\u00bb, a d\u00e9clar\u00e9 Ignacy Niemczycki, secr\u00e9taire d&rsquo;\u00c9tat polonais, mardi matin.<\/p>\n<p>\u00ab\u00a0Je voudrais \u00e9galement souligner que les positions de la Hongrie et de la Slovaquie sont en fait diff\u00e9rentes. Il y a des nuances importantes, mais oui, je reste optimiste\u00a0\u00bb.<\/p>\n","protected":false},"excerpt":{"rendered":"PUBLICIT\u00c9 Le dernier train de sanctions de l&rsquo;Union europ\u00e9enne \u00e0 l&rsquo;encontre de la Russie s&rsquo;est heurt\u00e9 \u00e0 des&hellip;\n","protected":false},"author":2,"featured_media":202488,"comment_status":"","ping_status":"","sticky":false,"template":"","format":"standard","meta":{"footnotes":""},"categories":[1591],"tags":[11,1887,804,5229,12,1885,1886,132,10845,364,2544],"class_list":{"0":"post-202487","1":"post","2":"type-post","3":"status-publish","4":"format-standard","5":"has-post-thumbnail","7":"category-russie","8":"tag-actualites","9":"tag-federation-de-russie","10":"tag-hongrie","11":"tag-kaja-kallas","12":"tag-news","13":"tag-russia","14":"tag-russian-federation","15":"tag-russie","16":"tag-slovaquie","17":"tag-union-europeenne","18":"tag-ursula-von-der-leyen"},"share_on_mastodon":{"url":"https:\/\/pubeurope.com\/@fr\/114742410861793385","error":""},"_links":{"self":[{"href":"https:\/\/www.europesays.com\/fr\/wp-json\/wp\/v2\/posts\/202487","targetHints":{"allow":["GET"]}}],"collection":[{"href":"https:\/\/www.europesays.com\/fr\/wp-json\/wp\/v2\/posts"}],"about":[{"href":"https:\/\/www.europesays.com\/fr\/wp-json\/wp\/v2\/types\/post"}],"author":[{"embeddable":true,"href":"https:\/\/www.europesays.com\/fr\/wp-json\/wp\/v2\/users\/2"}],"replies":[{"embeddable":true,"href":"https:\/\/www.europesays.com\/fr\/wp-json\/wp\/v2\/comments?post=202487"}],"version-history":[{"count":0,"href":"https:\/\/www.europesays.com\/fr\/wp-json\/wp\/v2\/posts\/202487\/revisions"}],"wp:featuredmedia":[{"embeddable":true,"href":"https:\/\/www.europesays.com\/fr\/wp-json\/wp\/v2\/media\/202488"}],"wp:attachment":[{"href":"https:\/\/www.europesays.com\/fr\/wp-json\/wp\/v2\/media?parent=202487"}],"wp:term":[{"taxonomy":"category","embeddable":true,"href":"https:\/\/www.europesays.com\/fr\/wp-json\/wp\/v2\/categories?post=202487"},{"taxonomy":"post_tag","embeddable":true,"href":"https:\/\/www.europesays.com\/fr\/wp-json\/wp\/v2\/tags?post=202487"}],"curies":[{"name":"wp","href":"https:\/\/api.w.org\/{rel}","templated":true}]}}