{"id":202495,"date":"2025-06-25T05:46:11","date_gmt":"2025-06-25T05:46:11","guid":{"rendered":"https:\/\/www.europesays.com\/fr\/202495\/"},"modified":"2025-06-25T05:46:11","modified_gmt":"2025-06-25T05:46:11","slug":"france-espoirs-sur-quelle-chaine-et-a-quelle-heure-voir-la-demi-finale-de-leuro-2025","status":"publish","type":"post","link":"https:\/\/www.europesays.com\/fr\/202495\/","title":{"rendered":"France Espoirs\u00a0: Sur quelle cha\u00eene et \u00e0 quelle heure voir la demi-finale de l\u2019Euro\u00a02025\u00a0?"},"content":{"rendered":"<p>Sur la pelouse de la Kosick\u00e1 futbalov\u00e1 ar\u00e9na, \u00e0 Kosice (<a href=\"https:\/\/www.20minutes.fr\/dossier\/slovaquie\" class=\"color-ultramarine c-link\" rel=\"nofollow noopener\" target=\"_blank\">Slovaquie<\/a>), l\u2019\u00c9quipe de France Espoirs dispute la demi-finale de l\u2019Euro contre l\u2019Allemagne. Lors de leur derni\u00e8re opposition, les deux \u00e9quipes s\u2019\u00e9taient quitt\u00e9es sur un score nul (2-2, le 19\u00a0novembre dernier, en match amical).<\/p>\n<p>\u00c0 quelle heure et sur quelle cha\u00eene voir Allemagne &#8211; France Espoirs<\/p>\n<p>La demi-finale de l\u2019Euro U21 sera diffus\u00e9e sur beIN Sports, le mercredi 25\u00a0juin 2025, \u00e0 21 heures, en direct pour les abonn\u00e9s, ainsi que sur <a href=\"https:\/\/www.20minutes.fr\/dossier\/w9\" class=\"color-ultramarine c-link\" rel=\"nofollow noopener\" target=\"_blank\">W9<\/a>, en clair.<\/p>\n<p>Apr\u00e8s l\u2019argent olympique, le titre europ\u00e9en\u00a0?<\/p>\n<p>Vainqueure du Danemark en demi-finale, contre le <a href=\"https:\/\/www.20minutes.fr\/dossier\/danemark\" class=\"color-ultramarine c-link\" rel=\"nofollow noopener\" target=\"_blank\">Danemark<\/a> (3-2), l\u2019\u00e9quipe de France Espoirs devra rendre une copie parfaite pour se d\u00e9faire d\u2019une \u00e9quipe allemande qui impressionne dans la comp\u00e9tition. Les hommes de G\u00e9rald Baticle n\u2019ont pas d\u2019autre choix s\u2019ils veulent aller soulever le troph\u00e9e.<\/p>\n<p>Les Allemands ont gagn\u00e9 leurs 4 matches dans cet Euro et ont inscrit 12 buts (moyenne de 3 buts par match). C\u2019est dire la mission qui attend les Bleuets pour continuer leur parcours dans la comp\u00e9tition.<\/p>\n<blockquote class=\"twitter-tweet\" align=\"center\" data-lang=\"fr_FR\">\n<p lang=\"fr\" dir=\"ltr\">Un parcours d\u00e9j\u00e0 historique ! \ud83c\uddeb\ud83c\uddf7<\/p>\n<p>Dimanche face au Danemark, la France a remport\u00e9 son 1er match en phase \u00e0 \u00e9limination directe de l\u2019EURO ESPOIRS depuis le 25 mai 2002 \ud83d\ude4c<\/p>\n<p>Demain contre l\u2019Allemagne, les Bleuets visent leur 3e finale dans la comp\u00e9tition, apr\u00e8s 1988 et 2002 \ud83c\udfaf <a href=\"https:\/\/t.co\/VNUcDGgURx\" rel=\"nofollow\">pic.twitter.com\/VNUcDGgURx<\/a><\/p>\n<p>\u2014 Equipe de France \u2b50\u2b50 (@equipedefrance) <a href=\"https:\/\/twitter.com\/equipedefrance\/status\/1937574136299053319?ref_src=twsrc%5Etfw\" rel=\"nofollow noopener\" target=\"_blank\">June 24, 2025<\/a><\/p><\/blockquote>\n<p class=\"mb-m@xs text-l@xs\">En cliquant sur\u00ab J\u2019accepte \u00bb, vous acceptez le d\u00e9p\u00f4t de cookies par des services externes et aurez ainsi acc\u00e8s aux contenus de nos partenaires.<\/p>\n<p class=\"mb-xl@xs text-s@xs\">Plus d\u2019informations sur la page<a href=\"https:\/\/www.20minutes.fr\/gestion-cookies\" class=\"mx-xxs@xs color-ultramarine\" rel=\"nofollow noopener\" target=\"_blank\">Politique de gestion des cookies<\/a><\/p>\n<p>J\u2019accepte37 ans de disette<\/p>\n<p>Les Espoirs fran\u00e7ais courent apr\u00e8s un titre \u00e0 l\u2019Euro depuis\u00a01988 avec <a href=\"https:\/\/www.20minutes.fr\/dossier\/eric_cantona\" class=\"color-ultramarine c-link\" rel=\"nofollow noopener\" target=\"_blank\">Eric Cantona<\/a>. En\u00a02002, ils avaient atteint la finale, alors que <a href=\"https:\/\/www.20minutes.fr\/sport\/mickael_landreau\/\" class=\"color-ultramarine c-link\" rel=\"nofollow noopener\" target=\"_blank\">Micka\u00ebl Landreau<\/a>, Sydney Govou ou encore <a href=\"https:\/\/www.20minutes.fr\/sport\/peguy_luyindula\/\" class=\"color-ultramarine c-link\" rel=\"nofollow noopener\" target=\"_blank\">Peguy Luyindula<\/a> \u00e9taient sur la pelouse. Ils avaient chut\u00e9 contre la R\u00e9publique tch\u00e8que de Petr Cech et Milan Baros, aux tirs au but (0-0, 3-1 aux tab). L&rsquo;\u00e9quipe de France Espoirs 2025 aligne une \u00e9quipe dont la valeur est estim\u00e9e \u00e0 340 millions d&rsquo;euros. L&rsquo;Allemagne, parmi les favoris, totalise 267 millions d&rsquo;euros. Le talent des Bleuets est l\u00e0, il reste \u00e0 en faire l&rsquo;\u00e9talage lors de ce choc mercredi soir.<\/p>\n<p><script async src=\"https:\/\/platform.twitter.com\/widgets.js\" charset=\"utf-8\"><\/script><\/p>\n","protected":false},"excerpt":{"rendered":"Sur la pelouse de la Kosick\u00e1 futbalov\u00e1 ar\u00e9na, \u00e0 Kosice (Slovaquie), l\u2019\u00c9quipe de France Espoirs dispute la demi-finale&hellip;\n","protected":false},"author":2,"featured_media":202496,"comment_status":"","ping_status":"","sticky":false,"template":"","format":"standard","meta":{"footnotes":""},"categories":[1587],"tags":[11,672,1804,1805,1803,64,28168,1777,674,63,1801,12,1802,517],"class_list":{"0":"post-202495","1":"post","2":"type-post","3":"status-publish","4":"format-standard","5":"has-post-thumbnail","7":"category-allemagne","8":"tag-actualites","9":"tag-allemagne","10":"tag-bundesrepublik-deutschland","11":"tag-de","12":"tag-deutschland","13":"tag-equipe-de-france","14":"tag-equipe-de-france-espoirs","15":"tag-eu","16":"tag-europe","17":"tag-football","18":"tag-germany","19":"tag-news","20":"tag-republique-federale-dallemagne","21":"tag-sport"},"share_on_mastodon":{"url":"https:\/\/pubeurope.com\/@fr\/114742426625921412","error":""},"_links":{"self":[{"href":"https:\/\/www.europesays.com\/fr\/wp-json\/wp\/v2\/posts\/202495","targetHints":{"allow":["GET"]}}],"collection":[{"href":"https:\/\/www.europesays.com\/fr\/wp-json\/wp\/v2\/posts"}],"about":[{"href":"https:\/\/www.europesays.com\/fr\/wp-json\/wp\/v2\/types\/post"}],"author":[{"embeddable":true,"href":"https:\/\/www.europesays.com\/fr\/wp-json\/wp\/v2\/users\/2"}],"replies":[{"embeddable":true,"href":"https:\/\/www.europesays.com\/fr\/wp-json\/wp\/v2\/comments?post=202495"}],"version-history":[{"count":0,"href":"https:\/\/www.europesays.com\/fr\/wp-json\/wp\/v2\/posts\/202495\/revisions"}],"wp:featuredmedia":[{"embeddable":true,"href":"https:\/\/www.europesays.com\/fr\/wp-json\/wp\/v2\/media\/202496"}],"wp:attachment":[{"href":"https:\/\/www.europesays.com\/fr\/wp-json\/wp\/v2\/media?parent=202495"}],"wp:term":[{"taxonomy":"category","embeddable":true,"href":"https:\/\/www.europesays.com\/fr\/wp-json\/wp\/v2\/categories?post=202495"},{"taxonomy":"post_tag","embeddable":true,"href":"https:\/\/www.europesays.com\/fr\/wp-json\/wp\/v2\/tags?post=202495"}],"curies":[{"name":"wp","href":"https:\/\/api.w.org\/{rel}","templated":true}]}}