{"id":202497,"date":"2025-06-25T05:47:09","date_gmt":"2025-06-25T05:47:09","guid":{"rendered":"https:\/\/www.europesays.com\/fr\/202497\/"},"modified":"2025-06-25T05:47:09","modified_gmt":"2025-06-25T05:47:09","slug":"une-troisieme-gauche-emerge-t-elle-en-europe-le-rapport-qui-lance-le-debat","status":"publish","type":"post","link":"https:\/\/www.europesays.com\/fr\/202497\/","title":{"rendered":"Une troisi\u00e8me gauche \u00e9merge-t-elle\u00a0en Europe ? Le rapport qui lance le d\u00e9bat"},"content":{"rendered":"<p class=\"latino-300b text-grey-800\">\n<p>  Propos recueillis par<br \/>\n<a href=\"https:\/\/www.nouvelobs.com\/journaliste\/377308\/matthieu-aron.html\" class=\"text-decoration-none link--box d-inline\" target=\"_blank\" rel=\"noopener\">Matthieu Aron<\/a>                <\/p>\n<p class=\"latino-300r text-grey-600\">\n      Publi\u00e9 le<\/p>\n<p>    25 juin 2025 \u00e0 7h30<\/p>\n<p>      <img fetchpriority=\"high\" decoding=\"async\" class=\"mx-auto\" src=\"data:image\/svg+xml,%3Csvg%20xmlns%3D%27http%3A%2F%2Fwww.w3.org%2F2000%2Fsvg%27%20fill%3D%22%23e4e4e4%22%20viewBox%3D%270%200%20510%20340%27%20width%3D%22510%22%20height%3D%22340%22%3E%3Cpath%20d%3D%27M0%200h510v340H0z%27%2F%3E%3C%2Fsvg%3E\"  loading=\"eager\" width=\"510\" height=\"340\" data-oncrawl-image-size=\"510x340\" alt=\"Le premier ministre britannique, Keir Starmer\u00a0; Sahra Wagenknecht, fondatrice du parti allemand BSW\u00a0; et la Premi\u00e8re monistre danoise, Mette Frederiksen.\"\/>      <\/p>\n<p class=\"latino-100m text-grey-600\">\n            Le premier ministre britannique, Keir Starmer\u00a0; Sahra Wagenknecht, fondatrice du parti allemand BSW\u00a0; et la Premi\u00e8re monistre danoise, Mette Frederiksen.\u00a0MONTAGE D\u2019APR\u00c8S PHOTOS\u00a0: RASID NECATI ASLIM\/ANADOLU VIA AFP \u2013 SERGEI GAPON\/ANADOLU VIA AFP \u2013 ODD ANDERSEN\/AFP \u2013 SNAPSHOT-PHOTOGRAPHY\/T SEELIGER\/SIPA        <\/p>\n<p><a aria-label=\"Nous suivre sur Google News\" href=\"https:\/\/news.google.com\/publications\/CAAqBwgKMJe4nQkw3dFs?hl=fr&amp;gl=FR&amp;ceid=FR%3Afr\" target=\"_blank\" data-piano=\"Page_Article,Sous_date_publi,Nous_suivre_sur_google_news,1er_clic,action\" class=\"btn btn--small btn--tertiary btn--icon-only\" rel=\"noopener\"><\/p>\n<p>      Google Actualit\u00e9s<br \/>\n  <\/a><\/p>\n<p>  Partager<\/p>\n<p>        Facebook<\/p>\n<p>        Bluesky<\/p>\n<p>        E-mail<\/p>\n<p>        Copier le lien<\/p>\n<p>      Envoyer<\/p>\n<p>  S\u2019abonner pour lire<\/p>\n<p>    Temps de lecture\u00a0:\u00a07\u00a0min.<\/p>\n<p class=\"badge badge--content-premium latino-100b\">Abonn\u00e9<\/p>\n<p class=\"article__description latino-600m mb-8 mb-lg-30 \" data-oncrawl-chapo-length=\"278\">\n  \t  Entretien\u00a0<br \/>\n    Immigration, s\u00e9curit\u00e9, justice sociale\u2026 Dans un rapport s\u2019appuyant sur des exp\u00e9riences europ\u00e9ennes, la Fondation Jean-Jaur\u00e8s esquisse les contours d\u2019une nouvelle gauche\u00a0: plus dure aux fronti\u00e8res, plus offensive sur le partage des richesses. De quoi susciter le d\u00e9bat.<\/p>\n<p class=\"node__paragraphe antonia-750r text-grey-800 pb-24 pb-md-30\">\nFace aux populistes d\u2019extr\u00eame droite qui ont le vent en poupe, la gauche europ\u00e9enne traverse une crise profonde. Mais, derri\u00e8re le recul \u00e9lectoral et la fragmentation id\u00e9ologique, une dynamique nouvelle est-elle en train d\u2019\u00e9merger\u00a0? Dans un rapport publi\u00e9 par la Fondation Jean-Jaur\u00e8s, Renaud Large, expert associ\u00e9, analyse ces recompositions. Au Danemark, sous l\u2019impulsion de la Premi\u00e8re ministre, Mette Frederiksen, en Su\u00e8de avec le recentrage des sociaux-d\u00e9mocrates, au Royaume-Uni \u00e0 travers <a href=\"https:\/\/www.nouvelobs.com\/monde\/20240705.OBS90682\/elections-britanniques-les-travaillistes-remportent-la-majorite-absolue-au-parlement-keir-starmer-promet-un-renouveau-national.html\" target=\"_blank\" rel=\"noopener\">la strat\u00e9gie du travailliste Keir Starmer<\/a>, se dessine une \u00ab\u00a0troisi\u00e8me gauche\u00a0\u00bb post-soci\u00e9tale. Elle conjugue contr\u00f4le des flux migratoires, souverainet\u00e9 d\u00e9mocratique et reconqu\u00eate des classes populaires autour de la justice sociale.<\/p>\n<p class=\"node__paragraphe antonia-750r text-grey-800 pb-8\">\nLa r\u00e9flexion engag\u00e9e par la Fondation Jean-Jaur\u00e8s prend le contrepied du c\u00e9l\u00e8bre rapport\u00a0 de Terra Nova en 2011, qui avait th\u00e9oris\u00e9 le recentrage des gauches occidentales sur les\u00a0\u00ab\u00a0nouvelles classes moyennes\u00a0\u00bb, les dipl\u00f4m\u00e9s et les minorit\u00e9s urbaines. L\u00e0 o\u00f9 le think tank proposait une adaptation aux mutations sociologiques des \u00e9lectorats, la Fondation Jean-Jaur\u00e8s estime qu\u2019il faudrait revisiter le c\u0153ur du pacte social-d\u00e9mocrate\u00a0: <a href=\"https:\/\/www.nouvelobs.com\/idees\/20230906.OBS77771\/julia-cage-et-thomas-piketty-il-faut-reconquerir-les-classes-populaires-rurales.html\" target=\"_blank\" rel=\"noopener\">regagner les cla\u2026<\/a><\/p>\n<p class=\"latino-100m text-blue-400\">Article r\u00e9serv\u00e9 aux abonn\u00e9s.<\/p>\n<p>          Se connecter<\/p>\n<p class=\"text-center antonia-1850c\" style=\"margin-bottom:4px;\">Envie de lire la suite ?<\/p>\n<p class=\"text-center antonia-800c pb-15\">Tous nos articles en int\u00e9gralit\u00e9 d\u00e8s\u00a01\u20ac<\/p>\n<p>        S&rsquo;abonner<\/p>\n<p class=\"text-grey-700 or\">ou<\/p>\n<p>            <img width=\"164\" height=\"20\" src=\"data:image\/svg+xml,%3Csvg%20xmlns%3D%27http%3A%2F%2Fwww.w3.org%2F2000%2Fsvg%27%20fill%3D%22%23e4e4e4%22%20viewBox%3D%270%200%20282%2054%27%20width%3D%22282%22%20height%3D%2254%22%3E%3Cpath%20d%3D%27M0%200h282v54H0z%27%2F%3E%3C%2Fsvg%3E\"  class=\"js-swg-placeholder\" alt=\"Subscribe with Google\" loading=\"lazy\" decoding=\"async\"\/><\/p>\n<p>          D\u00e9couvrir toutes nos offres<\/p>\n","protected":false},"excerpt":{"rendered":"Propos recueillis par Matthieu Aron Publi\u00e9 le 25 juin 2025 \u00e0 7h30 Le premier ministre britannique, Keir Starmer\u00a0;&hellip;\n","protected":false},"author":2,"featured_media":202498,"comment_status":"","ping_status":"","sticky":false,"template":"","format":"standard","meta":{"footnotes":""},"categories":[1586],"tags":[17,11,1292,34197,1777,674,1011,27,2383,9447,12,316,5747,25,33762],"class_list":{"0":"post-202497","1":"post","2":"type-post","3":"status-publish","4":"format-standard","5":"has-post-thumbnail","7":"category-europe","8":"tag-17","9":"tag-actualites","10":"tag-debat","11":"tag-emerge","12":"tag-eu","13":"tag-europe","14":"tag-fr","15":"tag-france","16":"tag-gauche","17":"tag-lance","18":"tag-news","19":"tag-politique","20":"tag-rapport","21":"tag-republique-francaise","22":"tag-troisieme"},"share_on_mastodon":{"url":"https:\/\/pubeurope.com\/@fr\/114742430736240338","error":""},"_links":{"self":[{"href":"https:\/\/www.europesays.com\/fr\/wp-json\/wp\/v2\/posts\/202497","targetHints":{"allow":["GET"]}}],"collection":[{"href":"https:\/\/www.europesays.com\/fr\/wp-json\/wp\/v2\/posts"}],"about":[{"href":"https:\/\/www.europesays.com\/fr\/wp-json\/wp\/v2\/types\/post"}],"author":[{"embeddable":true,"href":"https:\/\/www.europesays.com\/fr\/wp-json\/wp\/v2\/users\/2"}],"replies":[{"embeddable":true,"href":"https:\/\/www.europesays.com\/fr\/wp-json\/wp\/v2\/comments?post=202497"}],"version-history":[{"count":0,"href":"https:\/\/www.europesays.com\/fr\/wp-json\/wp\/v2\/posts\/202497\/revisions"}],"wp:featuredmedia":[{"embeddable":true,"href":"https:\/\/www.europesays.com\/fr\/wp-json\/wp\/v2\/media\/202498"}],"wp:attachment":[{"href":"https:\/\/www.europesays.com\/fr\/wp-json\/wp\/v2\/media?parent=202497"}],"wp:term":[{"taxonomy":"category","embeddable":true,"href":"https:\/\/www.europesays.com\/fr\/wp-json\/wp\/v2\/categories?post=202497"},{"taxonomy":"post_tag","embeddable":true,"href":"https:\/\/www.europesays.com\/fr\/wp-json\/wp\/v2\/tags?post=202497"}],"curies":[{"name":"wp","href":"https:\/\/api.w.org\/{rel}","templated":true}]}}