{"id":202500,"date":"2025-06-25T05:49:12","date_gmt":"2025-06-25T05:49:12","guid":{"rendered":"https:\/\/www.europesays.com\/fr\/202500\/"},"modified":"2025-06-25T05:49:12","modified_gmt":"2025-06-25T05:49:12","slug":"en-direct-israel-iran-le-point-sur-la-situation-24-heures-apres-le-debut-du-cessez-le-feu","status":"publish","type":"post","link":"https:\/\/www.europesays.com\/fr\/202500\/","title":{"rendered":"EN DIRECT &#8211; Isra\u00ebl-Iran : le point sur la situation, 24 heures apr\u00e8s le d\u00e9but du cessez-le-feu"},"content":{"rendered":"<ul class=\"jsx-862013697 ArticleChapo__List\">\n<li class=\"jsx-862013697 ArticleChapo__List_Item flex\">Le Premier ministre isra\u00e9lien Benyamin Netanyahou a proclam\u00e9 mardi soir une \u00ab\u00a0victoire historique\u00a0\u00bb contre l&rsquo;Iran et son programme nucl\u00e9aire, apr\u00e8s l&rsquo;entr\u00e9e en vigueur d&rsquo;une tr\u00eave impos\u00e9e par le pr\u00e9sident am\u00e9ricain Donald Trump.<\/li>\n<li class=\"jsx-862013697 ArticleChapo__List_Item flex\">Suivez les derni\u00e8res informations.<\/li>\n<\/ul>\n<p><a href=\"https:\/\/www.tf1info.fr\/actualite\/israel-frappe-l-iran-qui-promet-une-riposte-d-ampleur-operation-rising-lion-sites-civils-et-militaires-nucleaires-14305\/\" rel=\"noopener\" class=\"jsx-484472199 Link jsx-1428418400 jsx-554215408\" target=\"_blank\"><\/p>\n<p style=\"font-weight:400\" class=\"jsx-1837267516\">Suivez la couverture compl\u00e8te<\/p>\n<p style=\"font-weight:800\" class=\"jsx-1837267516\">Tr\u00eave entre Isra\u00ebl et l&rsquo;Iran : un cessez-le-feu respect\u00e9 ?<\/p>\n<p><\/a><\/p>\n<p data-module=\"article-paragraph\" class=\"jsx-3046738180 Paragraph Paragraph__End\">Le Premier ministre isra\u00e9lien Benyamin Netanyahou a proclam\u00e9 mardi soir une \u00ab\u00a0victoire historique\u00a0\u00bb <a href=\"https:\/\/www.tf1info.fr\/international\/guerre-israel-iran-apres-les-frappes-americaines-le-programme-nucleaire-iranien-durablement-affaibli-2378897.html\" target=\"_blank\" rel=\"noopener\">contre l&rsquo;Iran et son programme nucl\u00e9aire<\/a>, apr\u00e8s l&rsquo;entr\u00e9e en vigueur d&rsquo;une tr\u00eave impos\u00e9e par le pr\u00e9sident am\u00e9ricain Donald Trump. L&rsquo;Iran, dont les installations nucl\u00e9aires cl\u00e9s ont \u00e9t\u00e9 bombard\u00e9es dimanche par les \u00c9tats-Unis, a aussi cri\u00e9 \u00ab\u00a0victoire\u00a0\u00bb et r\u00e9affirm\u00e9 ses \u00ab\u00a0droits l\u00e9gitimes\u00a0\u00bb \u00e0 poursuivre son programme atomique \u00e0 usage civil, se disant pr\u00eat \u00e0 reprendre langue avec Washington.\u00a0<\/p>\n<p>Minute par minute07:46&Prime;LA S\u00c9CURIT\u00c9 D&rsquo;ISRA\u00cbL N&rsquo;EST PAS N\u00c9GOCIABLE\u00a0\u00bb<\/p>\n<p>\u00ab\u00a0Ce qui a gagn\u00e9 c&rsquo;est que l&rsquo;Iran ne puisse pas d\u00e9montrer sa possibilit\u00e9 de poursuivre ses objectifs nucl\u00e9aires et balistiques\u00a0\u00bb, estime mercredi le ministre charg\u00e9 du Commerce ext\u00e9rieur et des Fran\u00e7ais de l&rsquo;\u00e9tranger, Laurent Saint-Martin, invit\u00e9 de \u00ab\u00a0Bonjour ! La Matinale TF1\u00a0\u00bb. \u00ab\u00a0La s\u00e9curit\u00e9 d&rsquo;Isra\u00ebl n&rsquo;est pas n\u00e9gociable.\u00a0\u00bb<\/p>\n<blockquote data-testid=\"EmbedTwitter\" id=\"tweet-1937748658511888641-:R1pgkqqd6ij9n79m:\" class=\"jsx-aeff1a1c40f54d7a twitter-tweet flex justify-center items-center\"><p>Cessez-le-feu entre Isra\u00ebl et l&rsquo;Iran : \u00ab\u00a0Ce qui a gagn\u00e9 c&rsquo;est le fait que l&rsquo;Iran ne puisse pas d\u00e9montrer sa possibilit\u00e9 de poursuivre ses objectifs nucl\u00e9aires et balistiques (&#8230;) La s\u00e9curit\u00e9 d&rsquo;Isra\u00ebl n&rsquo;est pas n\u00e9gociable\u00a0\u00bb,  @LaurentSMartin dans  #BonjourLaMatinaleTF1 pic.twitter.com\/zWynCw2cve \u2014 TF1Info (@TF1Info)  June 25, 2025<\/p><\/blockquote>\n<p>07:43&Prime;POURSUIVRE LES DISCUSSIONS DIPLOMATIQUES\u00a0\u00bb<\/p>\n<p>\u00ab\u00a0Il faut le souhaiter ardemment. Par d\u00e9finition, c&rsquo;est encore fragile mais cela semble \u00eatre un cessez-le-feu qui commence \u00e0 durer\u00a0\u00bb, commente mercredi le ministre charg\u00e9 du Commerce ext\u00e9rieur et des Fran\u00e7ais de l&rsquo;\u00e9tranger, Laurent Saint-Martin, invit\u00e9 de \u00ab\u00a0Bonjour ! La Matinale TF1&Prime;. Ce qu&rsquo;a dit la France depuis le d\u00e9but de ce conflit, c&rsquo;est que ce n&rsquo;est pas par la seule voie militaire que devait se r\u00e9gler la probl\u00e9matique du dossier nucl\u00e9aire et balistique iranien. Il va falloir poursuivre les discussions diplomatiques, les n\u00e9gociations \u00e0 plusieurs pays avec l&rsquo;Iran pour nous assurer qu&rsquo;apr\u00e8s ce conflit ne reprenne pas le programme nucl\u00e9aire qui \u00e9tait, je le rappelle, et reste une menace pour Isra\u00ebl, la r\u00e9gion et l&rsquo;Europe.\u00a0\u00bb<\/p>\n<p>07:25&Prime;NUIT CALME\u00a0\u00bb \u00c0 TEL-AVIV<\/p>\n<p>La vie va reprendre son cours normal \u00e0 Tel-Aviv, o\u00f9 les \u00e9coles vont rouvrir, au lendemain du cessez-le-feu entre Isra\u00ebl et Iran.\u00a0Les autres restrictions vont \u00eatre progressivement lev\u00e9es.<\/p>\n<p>Retour \u00e0 la vie normal en Isra\u00ebl, LCI \u00e0 Tel-AvivSource : TF1 Info<\/p>\n<p><img decoding=\"async\" src=\"https:\/\/www.europesays.com\/fr\/wp-content\/uploads\/2025\/06\/retour-a-la-vie-normal-en-israel-lci-a-tel-aviv-ed6ad4-0@1x.jpeg\" alt=\"Retour \u00e0 la vie normal en Isra\u00ebl, LCI \u00e0 Tel-Aviv\" loading=\"lazy\" importance=\"low\" fetchpriority=\"low\" class=\"\"\/><img decoding=\"async\" src=\"https:\/\/www.tf1info.fr\/images\/icons\/player-logo-play.svg\" alt=\"Logo lecture\" class=\"jsx-d0de44c05fe3042c PlayerLazyload__Play\"\/>07:19FUN\u00c9RAILLES POUR LES HAUTS GRAD\u00c9S IRANIENS<\/p>\n<p>L&rsquo;Iran organisera samedi des fun\u00e9railles \u00e0 T\u00e9h\u00e9ran pour les hauts grad\u00e9s et scientifiques tu\u00e9s.<\/p>\n<p>07:14LE PROGRAMME NUCL\u00c9AIRE IRANIEN VRAIMENT D\u00c9TRUIT ?<\/p>\n<p>Donald Trump a r\u00e9fut\u00e9 mardi les informations de m\u00e9dias am\u00e9ricains selon qui les frappes sur l&rsquo;Iran n&rsquo;auraient retard\u00e9 que de quelques mois le programme nucl\u00e9aire de T\u00e9h\u00e9ran. \u00ab\u00a0Les sites nucl\u00e9aires en Iran sont compl\u00e8tement d\u00e9truits!\u00a0\u00bb, a \u00e9crit le pr\u00e9sident am\u00e9ricain sur son r\u00e9seau <a href=\"https:\/\/truthsocial.com\/@realDonaldTrump\/posts\/114741478150368433\" target=\"_blank\" rel=\"nofollow noopener\">Truth Social (nouvelle fen\u00eatre)<\/a>.\u00a0<\/p>\n<p>Un rapport pr\u00e9liminaire confidentiel du renseignement am\u00e9ricain, dont le contenu a \u00e9t\u00e9 d\u00e9crit par des sources proches du dossier \u00e0 CNN et au New York Times, les bombardements par les \u00c9tats-Unis des installations de Fordo, Natanz et Ispahan n&rsquo;auraient pas \u00e9limin\u00e9 compl\u00e8tement les centrifugeuses ou les stocks d&rsquo;uranium enrichi iraniens. Les frappes auraient plut\u00f4t scell\u00e9 les entr\u00e9es de certaines installations sans d\u00e9truire les b\u00e2timents souterrains, retardant le programme nucl\u00e9aire iranien, sans le d\u00e9truire.<\/p>\n<p>La porte-parole de la Maison Blanche, Karoline Leavitt, a confirm\u00e9 l&rsquo;authenticit\u00e9 du rapport mais d\u00e9clar\u00e9 qu&rsquo;il \u00e9tait \u00ab\u00a0tout \u00e0 fait erron\u00e9 et class\u00e9 &lsquo;top secret&rsquo; et pourtant divulgu\u00e9\u00a0\u00bb. Cette fuite \u00ab\u00a0est une tentative \u00e9vidente de rabaisser le pr\u00e9sident Trump et de discr\u00e9diter les courageux pilotes qui ont parfaitement ex\u00e9cut\u00e9 leur mission pour d\u00e9truire le programme nucl\u00e9aire iranien\u00a0\u00bb, a-t-elle \u00e9crit sur X.<\/p>\n<p>07:13T\u00c9H\u00c9RAN CRIE AUSSI \u00ab\u00a0VICTOIRE\u00a0\u00bb<\/p>\n<p>L&rsquo;Iran, dont trois sites nucl\u00e9aires cl\u00e9s ont \u00e9t\u00e9 bombard\u00e9s dimanche par la force de frappes des \u00c9tats-Unis, a lui aussi cri\u00e9 \u00ab\u00a0victoire\u00a0\u00bb et r\u00e9affirm\u00e9 ses \u00ab\u00a0droits l\u00e9gitimes\u00a0\u00bb \u00e0 poursuivre son programme atomique \u00e0 usage civil. T\u00e9h\u00e9ran s&rsquo;est dit pr\u00eat \u00e0 reprendre les discussions avec Washington.\u00a0<\/p>\n<p>07:11&Prime;L&rsquo;IRAN N&rsquo;AURA JAMAIS L&rsquo;ARME ATOMIQUE\u00a0\u00bb<\/p>\n<p>Le Premier ministre isra\u00e9lien, Benyamin Netanyahou, a proclam\u00e9 mardi soir une \u00ab\u00a0victoire historique\u00a0\u00bb \u00e0 l&rsquo;issue de la guerre lanc\u00e9e contre l&rsquo;Iran. \u00ab\u00a0Nous avons an\u00e9anti le projet nucl\u00e9aire iranien. Et si quelqu&rsquo;un en Iran essaie de reconstruire ce projet, nous agirons avec la m\u00eame d\u00e9termination, avec la m\u00eame intensit\u00e9, pour faire \u00e9chouer toute tentative\u00a0\u00bb, a-t-il assur\u00e9. \u00ab\u00a0Je le dis et le r\u00e9p\u00e8te: l&rsquo;Iran n&rsquo;aura jamais l&rsquo;arme atomique\u00a0\u00bb.<\/p>\n<p>07:067 SOLDATS ISRA\u00c9LIENS TU\u00c9S \u00c0 GAZA<\/p>\n<p>Sept soldats isra\u00e9liens ont \u00e9t\u00e9 tu\u00e9s au cours d&rsquo;un m\u00eame \u00e9v\u00e9nement dans le sud de la bande de Gaza, a annonc\u00e9 mercredi l&rsquo;arm\u00e9e isra\u00e9lienne. Tsahal a publi\u00e9 les identit\u00e9s de six militaires, \u00e2g\u00e9s de 19 \u00e0 21 ans et qui appartenaient au 605e bataillon d&rsquo;ing\u00e9nieurs de combat de la 188e brigade, sp\u00e9cialis\u00e9 notamment dans la destruction de tunnels et d&rsquo;autres infrastructures militaires, le d\u00e9minage et l&rsquo;ouverture d&rsquo;itin\u00e9raires pour l&rsquo;infanterie et les blind\u00e9s pendant les combats. L&rsquo;identit\u00e9 de la 7e victime n&rsquo;a pas \u00e9t\u00e9 d\u00e9voil\u00e9e.<\/p>\n<p>Aucune pr\u00e9cision n&rsquo;a \u00e9t\u00e9 communiqu\u00e9e sur l&rsquo;\u00e9v\u00e9nement qui a abouti \u00e0 la mort des sept militaires. Plus de 430 soldats isra\u00e9liens ont \u00e9t\u00e9 tu\u00e9s depuis le d\u00e9but de la guerre dans la bande de Gaza.<\/p>\n<p>06:073 HOMMES PENDUS EN IRAN<\/p>\n<p>L&rsquo;Iran a annonc\u00e9 mercredi avoir pendu trois hommes pr\u00e9sent\u00e9s comme des espions \u00e0 la solde d&rsquo;Isra\u00ebl, au lendemain de l&rsquo;entr\u00e9e en vigueur d&rsquo;une fragile tr\u00eave entre la R\u00e9publique islamique et Isra\u00ebl. \u00ab\u00a0Idris Ali, Azad Shojai et Rasoul Ahmad, qui ont tent\u00e9 d&rsquo;importer de l&rsquo;\u00e9quipement pour mener des assassinats dans le pays ont \u00e9t\u00e9 arr\u00eat\u00e9s et jug\u00e9s pour (&#8230;) coop\u00e9ration en faveur du r\u00e9gime sioniste (Isra\u00ebl, ndlr). La sentence a \u00e9t\u00e9 ex\u00e9cut\u00e9e ce matin (&#8230;) et ils ont \u00e9t\u00e9 pendus\u00a0\u00bb, a indiqu\u00e9 le pouvoir judiciaire.<\/p>\n<p>Ces ex\u00e9cutions ont eu lieu \u00e0 Ourmia, ville du nord-ouest proche de la Turquie, pr\u00e9cise le pouvoir judiciaire, qui a diffus\u00e9 des photos des trois hommes portant l&rsquo;uniforme bleu des prisonniers.<\/p>\n<p>06:04CESSEZ-LE-FEU RESPECT\u00c9<\/p>\n<p>Le cessez-le-feu a \u00e9t\u00e9 respect\u00e9 par Isra\u00ebl et l&rsquo;Iran la nuit derni\u00e8re.<\/p>\n<p>06:03BONJOUR \u00c0 TOUS<\/p>\n<p>Bonjour \u00e0 toutes et \u00e0 tous et bienvenue dans ce direct du mercredi 25 juin consacr\u00e9 aux tensions entre Isra\u00ebl et l&rsquo;Iran, 24 heures apr\u00e8s l&rsquo;entr\u00e9e en vigueur du cessez-le-feu propos\u00e9 par Donald Trump.<\/p>\n<p data-module=\"article-paragraph\" class=\"jsx-3046738180 Paragraph\">\u00ab\u00a0Nous avons obtenu une victoire historique\u00a0\u00bb s&rsquo;est f\u00e9licit\u00e9 Netanyahou dans une adresse \u00e0 la Nation, quelques heures apr\u00e8s la mise en \u0153uvre d&rsquo;un fragile cessez-le-feu. \u00ab\u00a0Nous avons an\u00e9anti le projet nucl\u00e9aire iranien. Et si quelqu&rsquo;un en Iran essaie de (le) reconstruire, nous agirons avec la m\u00eame d\u00e9termination, avec la m\u00eame intensit\u00e9, pour faire \u00e9chouer toute tentative\u00a0\u00bb, a promis le chef du gouvernement isra\u00e9lien.\u00a0<\/p>\n<p data-module=\"article-paragraph\" class=\"jsx-3046738180 Paragraph Paragraph__End\">\u00ab\u00a0L&rsquo;Iran n&rsquo;aura jamais l&rsquo;arme atomique\u00a0\u00bb, a r\u00e9p\u00e9t\u00e9 Netanyahou qui mart\u00e8le le m\u00eame message depuis des ann\u00e9es. Le pr\u00e9sident am\u00e9ricain Donald Trump avait affirm\u00e9 auparavant que le cessez-le-feu qu&rsquo;il avait annonc\u00e9 lundi soir entre Isra\u00ebl et l&rsquo;Iran \u00e9tait \u00ab\u00a0d\u00e9sormais en vigueur\u00a0\u00bb. L&rsquo;arm\u00e9e isra\u00e9lienne a de fait lev\u00e9 mardi soir les restrictions impos\u00e9es \u00e0 sa population pendant le conflit, mais a pr\u00e9venu, par la voix du chef d&rsquo;\u00e9tat-major, que \u00ab\u00a0la campagne contre l&rsquo;Iran n&rsquo;\u00e9tait pas termin\u00e9e\u00a0\u00bb et que s&rsquo;ouvrait un \u00ab\u00a0nouveau chapitre\u00a0\u00bb. \u00a0Le lieutenant-g\u00e9n\u00e9ral Eyal Zamir a dit par ailleurs que son arm\u00e9e allait se reconcentrer sur la bande de Gaza, o\u00f9 elle combat depuis octobre 2023 le Hamas palestinien.\u00a0<\/p>\n<p><a href=\"https:\/\/www.tf1info.fr\/international\/video-lci-il-ne-savent-pas-ce-qu-ils-foutent-le-gros-coup-de-colere-de-trump-apres-la-violation-du-cessez-le-feu-israel-iran-2378845.html\" rel=\"noopener\" class=\"jsx-3308031228 Link flex\" target=\"_blank\"><img decoding=\"async\" src=\"https:\/\/www.europesays.com\/fr\/wp-content\/uploads\/2025\/06\/donald-trump-appel-israel-a-se-calmer-apres-la-violation-du-cessez-le-feu-78f2ad-0@1x.jpeg\" alt=\"Capture vid\u00e9o LCI\" loading=\"lazy\" importance=\"low\" fetchpriority=\"low\" class=\"\"\/><\/p>\n<p class=\"jsx-3657663356 ReadMoreArticle__Title\">Lire aussi<\/p>\n<p class=\"jsx-3657663356\">\u00ab\u00a0Ils ne savent pas ce qu&rsquo;ils foutent\u00a0\u00bb : le gros coup de col\u00e8re de Trump apr\u00e8s la violation du cessez-le-feu Isra\u00ebl-Iran<\/p>\n<p><\/a><\/p>\n<p data-module=\"article-paragraph\" class=\"jsx-3046738180 Paragraph Paragraph__End\">T\u00e9h\u00e9ran s&rsquo;est vant\u00e9 de son c\u00f4t\u00e9 d&rsquo;avoir forc\u00e9 son ennemi jur\u00e9 isra\u00e9lien \u00e0 \u00ab\u00a0cesser unilat\u00e9ralement\u00a0\u00bb la guerre. Son pr\u00e9sident Massoud Pezeshkian a annonc\u00e9 en soir\u00e9e \u00ab\u00a0la fin de la guerre (&#8230;) impos\u00e9e\u00a0\u00bb par Isra\u00ebl et s&rsquo;est engag\u00e9 au respect du cessez-le-feu \u00e0 condition que son adversaire fasse de m\u00eame. Isra\u00ebl avait attaqu\u00e9 l&rsquo;Iran par les airs le 13 juin, accusant une nouvelle fois T\u00e9h\u00e9ran de vouloir se doter de l&rsquo;arme atomique. La R\u00e9publique islamique, qui a toujours ni\u00e9 et d\u00e9fendu son droit au nucl\u00e9aire civil, a ripost\u00e9 pendant 12 jours en multipliant les tirs de missiles et de drones sur Isra\u00ebl.<\/p>\n<p>La r\u00e9daction de TF1info<\/p>\n<p><script async src=\"https:\/\/platform.twitter.com\/widgets.js\" charset=\"utf-8\"><\/script><\/p>\n","protected":false},"excerpt":{"rendered":"Le Premier ministre isra\u00e9lien Benyamin Netanyahou a proclam\u00e9 mardi soir une \u00ab\u00a0victoire historique\u00a0\u00bb contre l&rsquo;Iran et son programme&hellip;\n","protected":false},"author":2,"featured_media":202501,"comment_status":"","ping_status":"","sticky":false,"template":"","format":"standard","meta":{"footnotes":""},"categories":[2],"tags":[1111,11,1921,952,75,73,1011,27,3519,1922,3019,664,12,25,34198,133,1920],"class_list":{"0":"post-202500","1":"post","2":"type-post","3":"status-publish","4":"format-standard","5":"has-post-thumbnail","7":"category-actualites","8":"tag-actu","9":"tag-actualites","10":"tag-article-video","11":"tag-benyamin-netanyahou","12":"tag-donald-trump","13":"tag-etats-unis","14":"tag-fr","15":"tag-france","16":"tag-hamas","17":"tag-info","18":"tag-iran","19":"tag-israel","20":"tag-news","21":"tag-republique-francaise","22":"tag-treve-entre-israel-et-liran-un-cessez-le-feu-respecte","23":"tag-video","24":"tag-video-international"},"share_on_mastodon":{"url":"https:\/\/pubeurope.com\/@fr\/114742438532610195","error":""},"_links":{"self":[{"href":"https:\/\/www.europesays.com\/fr\/wp-json\/wp\/v2\/posts\/202500","targetHints":{"allow":["GET"]}}],"collection":[{"href":"https:\/\/www.europesays.com\/fr\/wp-json\/wp\/v2\/posts"}],"about":[{"href":"https:\/\/www.europesays.com\/fr\/wp-json\/wp\/v2\/types\/post"}],"author":[{"embeddable":true,"href":"https:\/\/www.europesays.com\/fr\/wp-json\/wp\/v2\/users\/2"}],"replies":[{"embeddable":true,"href":"https:\/\/www.europesays.com\/fr\/wp-json\/wp\/v2\/comments?post=202500"}],"version-history":[{"count":0,"href":"https:\/\/www.europesays.com\/fr\/wp-json\/wp\/v2\/posts\/202500\/revisions"}],"wp:featuredmedia":[{"embeddable":true,"href":"https:\/\/www.europesays.com\/fr\/wp-json\/wp\/v2\/media\/202501"}],"wp:attachment":[{"href":"https:\/\/www.europesays.com\/fr\/wp-json\/wp\/v2\/media?parent=202500"}],"wp:term":[{"taxonomy":"category","embeddable":true,"href":"https:\/\/www.europesays.com\/fr\/wp-json\/wp\/v2\/categories?post=202500"},{"taxonomy":"post_tag","embeddable":true,"href":"https:\/\/www.europesays.com\/fr\/wp-json\/wp\/v2\/tags?post=202500"}],"curies":[{"name":"wp","href":"https:\/\/api.w.org\/{rel}","templated":true}]}}