{"id":202504,"date":"2025-06-25T05:51:09","date_gmt":"2025-06-25T05:51:09","guid":{"rendered":"https:\/\/www.europesays.com\/fr\/202504\/"},"modified":"2025-06-25T05:51:09","modified_gmt":"2025-06-25T05:51:09","slug":"meteo-france-place-47-departements-en-vigilance-orange-aux-orages-liberation","status":"publish","type":"post","link":"https:\/\/www.europesays.com\/fr\/202504\/","title":{"rendered":"M\u00e9t\u00e9o France place 47 d\u00e9partements en vigilance orange aux orages \u2013 Lib\u00e9ration"},"content":{"rendered":"<p class=\"sc-ksZaOG ehjQrN text-element\">Quarante-sept d\u00e9partements seront mercredi en vigilance orange d\u00e8s 16 heures pour les orages, a annonc\u00e9 mercredi M\u00e9t\u00e9o-France qui pr\u00e9voit des \u00e9pisodes orageux \u00abparfois violents sur un tr\u00e8s large axe central du pays\u00bb.<\/p>\n<p class=\"sc-ksZaOG ehjQrN text-element\">En plus du Rh\u00f4ne et de l\u2019Is\u00e8re en vigilance orange pour canicule mardi et mercredi, 47 d\u00e9partements seront plac\u00e9s en vigilance orange \u00e0 partir de la fin d\u2019apr\u00e8s-midi pour des orages : la Champagne (52-10-51), la Picardie (60-02-80), la Normandie, Mayenne, Sarthe, l\u2019Ile-de-France, le Centre-Val-de-Loire, la Bourgogne (89-21-58-71), Allier, Puy-de-D\u00f4me, Cantal, Loire, le Limousin (87-23-19), Midi-Pyr\u00e9n\u00e9es sauf Ari\u00e8ge et Hautes-Pyr\u00e9n\u00e9es (soit les 46-12-81-82-32-31), le Lot-et-Garonne, la Dordogne, la Charente, la Vienne. <a href=\"https:\/\/www.liberation.fr\/environnement\/climat\/meteo-france-place-treize-departements-du-nord-ouest-et-du-centre-en-vigilance-orange-aux-orages-20250624_3LAKI3ZLQJGJBHE3ZJ2XSUIMTA\/\" target=\"_blank\" rel=\"noreferrer noopener\" title=\"https:\/\/www.liberation.fr\/environnement\/climat\/meteo-france-place-treize-departements-du-nord-ouest-et-du-centre-en-vigilance-orange-aux-orages-20250624_3LAKI3ZLQJGJBHE3ZJ2XSUIMTA\/\">Mardi d\u00e9j\u00e0, la Normandie et les d\u00e9partements situ\u00e9s sur l\u2019axe Quercy-Limousin-Auvergne<\/a> avaient \u00e9t\u00e9 plac\u00e9s en vigilance orange aux orages<\/p>\n<blockquote class=\"bluesky-embed\" data-bluesky-uri=\"at:\/\/did:plc:omnclpx3asrvq2756femrj6c\/app.bsky.feed.post\/3lsfuyfasok27\" data-bluesky-cid=\"bafyreif4mcrgafqavh2pi5wwf23bs3zpry6ba5by24hyv3zgjwslld5hna\" data-bluesky-embed-color-mode=\"system\">\n<p lang=\"fr\">#VigilanceOrange #M\u00e9t\u00e9o #Canicule #Chaleur #Orages<\/p>\n<p>Pour mercredi 25 juin 2025 :<br \/>\n\ud83d\udfe0 49 (\u203c\ufe0f) d\u00e9partements en Vigilance orange<\/p>\n<p>Pour jeudi 26 juin 2025 :<br \/>\n\ud83d\udfe0 2 d\u00e9partements en Vigilance orange<\/p>\n<p>Restez prudents et inform\u00e9s :<br \/>\nvigilance.meteofrance.fr<\/p>\n<p><a href=\"https:\/\/bsky.app\/profile\/did:plc:omnclpx3asrvq2756femrj6c\/post\/3lsfuyfasok27?ref_src=embed\" target=\"_blank\" rel=\"noopener\">[image or embed]<\/a><\/p>\n<p>\u2014 Vigilance M\u00e9t\u00e9o  (<a href=\"https:\/\/bsky.app\/profile\/did:plc:omnclpx3asrvq2756femrj6c?ref_src=embed\" target=\"_blank\" rel=\"noopener\">@vigimeteo.bsky.social<\/a>) <a href=\"https:\/\/bsky.app\/profile\/did:plc:omnclpx3asrvq2756femrj6c\/post\/3lsfuyfasok27?ref_src=embed\" target=\"_blank\" rel=\"noopener\">25 juin 2025 \u00e0 07:30<\/a><\/p><\/blockquote>\n<p class=\"sc-ksZaOG ehjQrN text-element\">M\u00e9t\u00e9o-France pr\u00e9voit ainsi de fortes pluies (30 \u00e0 50 mm en une \u00e0 deux heures), localement des chutes de gr\u00eale de taille moyenne \u00e0 grosse (jusqu\u2019\u00e0 deux \u00e0 cinq cm), et des rafales pouvant atteindre 100 km\/h.<\/p>\n<p class=\"sc-ksZaOG ehjQrN text-element\">D\u2019autres orages se d\u00e9velopperont en fin d\u2019apr\u00e8s-midi et soir\u00e9e sur la Normandie et le nord des Pays de la Loire, parfois associ\u00e9s \u00e0 de fortes rafales, \u00e0 de la gr\u00eale et de fortes pluies. En Ile-de-France, Champagne et Picardie, les premiers \u00e9clairs sont plut\u00f4t attendus en soir\u00e9e.<\/p>\n<p class=\"sc-ksZaOG ehjQrN text-element\">Pour la premi\u00e8re fois de l\u2019ann\u00e9e en France m\u00e9tropolitaine, \u00ables 40 \u00b0C ont \u00e9t\u00e9 atteints dans le Languedoc au pied des C\u00e9vennes \u00e0 Moul\u00e8s-et-Baucels (H\u00e9rault, NDLR) o\u00f9 on a relev\u00e9 40,2 \u00b0C\u00bb, a annonc\u00e9 M\u00e9t\u00e9o-France mardi en fin de journ\u00e9e. Cette barre symbolique avait \u00e9t\u00e9 franchie pour la premi\u00e8re fois mi-juillet l\u2019ann\u00e9e pr\u00e9c\u00e9dente. Mercredi, des pointes \u00e0 35, voire 38\u00b0C sont attendues en Bourgogne, sur le Centre, aux portes du Bassin parisien.<\/p>\n<p class=\"sc-ksZaOG ehjQrN text-element\">Un rafra\u00eechissement s\u2019op\u00e8rera par l\u2019ouest avec l\u2019arriv\u00e9e des orages avant une baisse notable g\u00e9n\u00e9ralis\u00e9e jeudi sauf sur le pourtour m\u00e9diterran\u00e9en.<\/p>\n<p class=\"sc-ksZaOG ehjQrN text-element\">La France est travers\u00e9e depuis le 21 juin par sa 50e vague de chaleur nationale depuis 1947, dont la moiti\u00e9 ont \u00e9t\u00e9 subies au 21e si\u00e8cle, cons\u00e9quence du r\u00e9chauffement climatique qui augmente l\u2019intensit\u00e9 et la fr\u00e9quence des canicules.<\/p>\n","protected":false},"excerpt":{"rendered":"Quarante-sept d\u00e9partements seront mercredi en vigilance orange d\u00e8s 16 heures pour les orages, a annonc\u00e9 mercredi M\u00e9t\u00e9o-France qui&hellip;\n","protected":false},"author":2,"featured_media":202505,"comment_status":"","ping_status":"","sticky":false,"template":"","format":"standard","meta":{"footnotes":""},"categories":[4],"tags":[11,1011,27,17410,12,25],"class_list":{"0":"post-202504","1":"post","2":"type-post","3":"status-publish","4":"format-standard","5":"has-post-thumbnail","7":"category-france","8":"tag-actualites","9":"tag-fr","10":"tag-france","11":"tag-intemperies-inondations-crues","12":"tag-news","13":"tag-republique-francaise"},"share_on_mastodon":{"url":"https:\/\/pubeurope.com\/@fr\/114742446325158812","error":""},"_links":{"self":[{"href":"https:\/\/www.europesays.com\/fr\/wp-json\/wp\/v2\/posts\/202504","targetHints":{"allow":["GET"]}}],"collection":[{"href":"https:\/\/www.europesays.com\/fr\/wp-json\/wp\/v2\/posts"}],"about":[{"href":"https:\/\/www.europesays.com\/fr\/wp-json\/wp\/v2\/types\/post"}],"author":[{"embeddable":true,"href":"https:\/\/www.europesays.com\/fr\/wp-json\/wp\/v2\/users\/2"}],"replies":[{"embeddable":true,"href":"https:\/\/www.europesays.com\/fr\/wp-json\/wp\/v2\/comments?post=202504"}],"version-history":[{"count":0,"href":"https:\/\/www.europesays.com\/fr\/wp-json\/wp\/v2\/posts\/202504\/revisions"}],"wp:featuredmedia":[{"embeddable":true,"href":"https:\/\/www.europesays.com\/fr\/wp-json\/wp\/v2\/media\/202505"}],"wp:attachment":[{"href":"https:\/\/www.europesays.com\/fr\/wp-json\/wp\/v2\/media?parent=202504"}],"wp:term":[{"taxonomy":"category","embeddable":true,"href":"https:\/\/www.europesays.com\/fr\/wp-json\/wp\/v2\/categories?post=202504"},{"taxonomy":"post_tag","embeddable":true,"href":"https:\/\/www.europesays.com\/fr\/wp-json\/wp\/v2\/tags?post=202504"}],"curies":[{"name":"wp","href":"https:\/\/api.w.org\/{rel}","templated":true}]}}