{"id":202512,"date":"2025-06-25T05:57:15","date_gmt":"2025-06-25T05:57:15","guid":{"rendered":"https:\/\/www.europesays.com\/fr\/202512\/"},"modified":"2025-06-25T05:57:15","modified_gmt":"2025-06-25T05:57:15","slug":"pecco-bagnaia-avertit-que-le-saut-de-toprak-razgatlioglu-en-motogp-necessite-une-transformation-dune-ampleur-epique","status":"publish","type":"post","link":"https:\/\/www.europesays.com\/fr\/202512\/","title":{"rendered":"Pecco Bagnaia avertit que le saut de Toprak Razgatl\u0131o\u011flu en MotoGP n\u00e9cessite une transformation d&rsquo;une ampleur \u00e9pique."},"content":{"rendered":"<p><strong>Adapter \u00e0 un nouveau d\u00e9fi<\/strong>  <\/p>\n<p>Pecco Bagnaia reconna\u00eet le moment d\u00e9cisif de la carri\u00e8re de Toprak Razgatl\u0131o\u011flu alors qu\u2019il se pr\u00e9pare \u00e0 faire le saut difficile dans l\u2019ar\u00e8ne de la MotoGP. Bagnaia, qui roule pour Ducati Lenovo, admet que bien que ce changement offre un grand potentiel pour Razgatl\u0131o\u011flu, il s\u2019accompagne \u00e9galement de d\u00e9fis uniques. S\u2019adapter aux exigences du circuit de MotoGP implique d\u2019adopter un nouveau style de conduite qui est nettement diff\u00e9rent de ce qu\u2019il a connu en WorldSBK.  <\/p>\n<p>Bagnaia a exprim\u00e9 ses pens\u00e9es avec conviction, d\u00e9clarant : \u00ab\u00a0La v\u00e9rit\u00e9 est que je pense que c\u2019est le bon moment dans sa carri\u00e8re pour faire le saut vers la MotoGP. Bien s\u00fbr, tout est un peu diff\u00e9rent ici par rapport \u00e0 la WorldSBK, et il va devoir s\u2019adapter.\u00a0\u00bb Ce sentiment refl\u00e8te non seulement la compr\u00e9hension de Bagnaia des d\u00e9fis \u00e0 venir, mais aussi l\u2019excitation entourant le potentiel de Razgatl\u0131o\u011flu dans la cat\u00e9gorie reine.  <\/p>\n<p><strong>Une ann\u00e9e de transition<\/strong>  <\/p>\n<p>Alors que Razgatl\u0131o\u011flu se pr\u00e9pare pour sa saison de d\u00e9but, Bagnaia est r\u00e9aliste quant aux attentes qui accompagnent une telle transition. Il pr\u00e9dit que la premi\u00e8re ann\u00e9e sera principalement ax\u00e9e sur l\u2019adaptation. \u00ab\u00a0Je pense que la premi\u00e8re ann\u00e9e sera consacr\u00e9e \u00e0 l\u2019adaptation, et ensuite, s\u2019il est capable d\u2019ajuster son style de conduite \u00e0 la MotoGP, nous aurons un autre pilote comp\u00e9titif,\u00a0\u00bb a not\u00e9 Bagnaia. Cette anticipation souligne l\u2019\u00e9quilibre crucial entre patience et progr\u00e8s que les nouveaux pilotes doivent naviguer en entrant dans le monde rapide de la MotoGP.  <\/p>\n<p><strong>Regarder vers l\u2019avenir \u00e0 Mugello<\/strong>  <\/p>\n<p>\u00c0 la suite des s\u00e9ances de test post-Arag\u00f3n, Bagnaia a r\u00e9fl\u00e9chi aux d\u00e9fis \u00e0 venir qu\u2019il doit relever \u00e0 Mugello. Il a exprim\u00e9 son enthousiasme m\u00eal\u00e9 \u00e0 une bonne dose de pression qui le motive. \u00ab\u00a0C\u2019est une sorte de pression que j\u2019aime ; cela me motive vraiment \u00e0 essayer d\u2019\u00eatre comp\u00e9titif \u00e0 Mugello devant les fans,\u00a0\u00bb a-t-il remarqu\u00e9, soulignant le m\u00e9lange de comp\u00e9titivit\u00e9 et de passion qui pulse \u00e0 travers le circuit de MotoGP.<\/p>\n<p>Pourtant, il a soulign\u00e9 l\u2019impr\u00e9visibilit\u00e9 inh\u00e9rente aux phases de test, d\u00e9clarant : \u00ab\u00a0Comme d\u2019autres l\u2019ont dit, il est toujours difficile de tirer des conclusions des tests sur ce que nous allons r\u00e9ellement utiliser. Il y a quelque chose que j\u2019essaierai demain, mais je ne sais pas si je vais le garder pour tout le week-end.\u00a0\u00bb Cette r\u00e9flexion met non seulement en lumi\u00e8re les processus de prise de d\u00e9cision complexes auxquels les \u00e9quipes font face, mais aussi la nature dynamique de la course, o\u00f9 l\u2019adaptabilit\u00e9 est souvent la cl\u00e9 du succ\u00e8s.  <\/p>\n<p><strong>Embrasser le Voyage<\/strong>  <\/p>\n<p>Alors que le monde du MotoGP attend le d\u00e9but de Toprak Razgatl\u0131o\u011flu, les r\u00e9cits entourant sa transition sont riches en implications tant pour lui que pour ses concurrents. Bien que la route puisse \u00eatre sem\u00e9e d\u2019emb\u00fbches, le potentiel de croissance et de rivalit\u00e9 alimente l\u2019excitation qui caract\u00e9rise ce sport. En fin de compte, s\u2019adapter \u00e0 de nouveaux environnements et \u00e9voluer au sein de ceux-ci est un voyage que chaque pilote entreprend \u2014 un voyage qui d\u00e9finit leur h\u00e9ritage dans le monde \u00e0 haute octane de la course de motos.<\/p>\n<p>\n\tRelated<\/p>\n","protected":false},"excerpt":{"rendered":"Adapter \u00e0 un nouveau d\u00e9fi Pecco Bagnaia reconna\u00eet le moment d\u00e9cisif de la carri\u00e8re de Toprak Razgatl\u0131o\u011flu alors&hellip;\n","protected":false},"author":2,"featured_media":202513,"comment_status":"","ping_status":"","sticky":false,"template":"","format":"standard","meta":{"footnotes":""},"categories":[1413],"tags":[1011,27,34199,1457,1456,1458,60,19319],"class_list":{"0":"post-202512","1":"post","2":"type-post","3":"status-publish","4":"format-standard","5":"has-post-thumbnail","7":"category-moto","8":"tag-fr","9":"tag-france","10":"tag-francesco-bagnaia-en","11":"tag-moto","12":"tag-motocycle","13":"tag-motogp","14":"tag-sports","15":"tag-toprak-razgatlioglu-en"},"share_on_mastodon":{"url":"https:\/\/pubeurope.com\/@fr\/114742469956271759","error":""},"_links":{"self":[{"href":"https:\/\/www.europesays.com\/fr\/wp-json\/wp\/v2\/posts\/202512","targetHints":{"allow":["GET"]}}],"collection":[{"href":"https:\/\/www.europesays.com\/fr\/wp-json\/wp\/v2\/posts"}],"about":[{"href":"https:\/\/www.europesays.com\/fr\/wp-json\/wp\/v2\/types\/post"}],"author":[{"embeddable":true,"href":"https:\/\/www.europesays.com\/fr\/wp-json\/wp\/v2\/users\/2"}],"replies":[{"embeddable":true,"href":"https:\/\/www.europesays.com\/fr\/wp-json\/wp\/v2\/comments?post=202512"}],"version-history":[{"count":0,"href":"https:\/\/www.europesays.com\/fr\/wp-json\/wp\/v2\/posts\/202512\/revisions"}],"wp:featuredmedia":[{"embeddable":true,"href":"https:\/\/www.europesays.com\/fr\/wp-json\/wp\/v2\/media\/202513"}],"wp:attachment":[{"href":"https:\/\/www.europesays.com\/fr\/wp-json\/wp\/v2\/media?parent=202512"}],"wp:term":[{"taxonomy":"category","embeddable":true,"href":"https:\/\/www.europesays.com\/fr\/wp-json\/wp\/v2\/categories?post=202512"},{"taxonomy":"post_tag","embeddable":true,"href":"https:\/\/www.europesays.com\/fr\/wp-json\/wp\/v2\/tags?post=202512"}],"curies":[{"name":"wp","href":"https:\/\/api.w.org\/{rel}","templated":true}]}}