{"id":202521,"date":"2025-06-25T06:02:15","date_gmt":"2025-06-25T06:02:15","guid":{"rendered":"https:\/\/www.europesays.com\/fr\/202521\/"},"modified":"2025-06-25T06:02:15","modified_gmt":"2025-06-25T06:02:15","slug":"cette-maison-convoque-les-beaux-etes-damalfi-en-foret-de-rambouillet","status":"publish","type":"post","link":"https:\/\/www.europesays.com\/fr\/202521\/","title":{"rendered":"Cette maison convoque les beaux \u00e9t\u00e9s d\u2019Amalfi en for\u00eat de Rambouillet"},"content":{"rendered":"<p>C&rsquo;est une maison ancienne avec un petit jardin, en lisi\u00e8re de for\u00eat. Une maison de campagne dans le village de Montfort l\u2019Amaury, dans les Yvelines, un village qui a accueilli en ses jolis murs Coco Chanel, Colette, Maurice Ravel\u2026 \u00ab L\u2019\u00e9criture qui a \u00e9t\u00e9 choisie a \u00e9t\u00e9 celle d\u2019une atmosph\u00e8re de vacances toute l&rsquo;ann\u00e9e \u00bb, confie le designer, architecte d\u2019int\u00e9rieur et photographe Francesco Balzano, cofondateur du studio <a href=\"https:\/\/www.admagazine.fr\/article\/paris-maison-atelier-architecture-italienne\" target=\"_blank\" rel=\"noopener\">After Bach<\/a>. Prenant soin d\u2019\u00e9viter tout clich\u00e9 rustique et traditionnel, celui-ci veillera donc \u00e0 lui donner plut\u00f4t des airs de casa espa\u00f1ola ou de maison de <a href=\"https:\/\/www.admagazine.fr\/galerie\/villas-cote-amalfitaine-matthieu-salvaing\" target=\"_blank\" rel=\"noopener\">p\u00eacheurs<\/a> de la c\u00f4te amalfitaine : \u00ab Une cabane chic et solaire\u2026 et c&rsquo;est \u00e7a qui nous amusait. \u00bb La r\u00e9novation sera int\u00e9grale, tr\u00e8s peu de choses anciennes seront conserv\u00e9es \u00e0 part les \u00e9l\u00e9ments structurels et une chemin\u00e9e tr\u00e8s simple, revamp\u00e9e pour lui donner un petit c\u00f4t\u00e9 finlandais avec sa brique peinte en noir \u2013 \u00ab comme au mus\u00e9e Louisiana de Copenhague \u00bb \u2013, voire japonisant, noy\u00e9e dans la patine de murs cr\u00e8me de lait.<\/p>\n<p>Couleurs et mat\u00e9riaux font \u00e9cho \u00e0 la lumi\u00e8re de la M\u00e9diterran\u00e9e. L\u2019ensemble des boiseries sont peintes en blanc, les murs dans une nuance cr\u00e8me de lait (les deux Farrow &amp; Ball). Les sols sont en opus de travertin Alabastrino adouci que l&rsquo;on retrouve sur le plateau de la table et le buffet (les deux Francesco Balzano). Un banc et un vase en r\u00e9sine (Francesco Balzano) dialoguent avec une lampe d&rsquo;Inga Semp\u00e9 et une \u0153uvre de Miguel Marina. Chaises (Hans Wagner). Suspension (Hubsch).<\/p>\n<p>Vincent Leroux<\/p>\n<p><strong>Simplicit\u00e9 et authenticit\u00e9<\/strong><\/p>\n<p>Le plan revisit\u00e9 distribue les lieux en enfilade de pi\u00e8ces \u00e0 vivre en partie basse avec salle \u00e0 manger et chemin\u00e9e, cuisine attenante avec sa banquette-coin repas puis la chambre principale, sa salle de bain privative et sa porte d\u00e9rob\u00e9e qui m\u00e8ne au jardin \u2013 int\u00e9gr\u00e9e derri\u00e8re une fausse penderie-vrai mini-vestibule. \u00c0 l&rsquo;\u00e9tage, deux chambres et un bureau. Dans cette nouvelle enveloppe : du mobilier contemporain, de l\u2019art et surtout un travail graphique du sol en <a href=\"https:\/\/www.admagazine.fr\/article\/palais-milanais-travertin\" target=\"_blank\" rel=\"noopener\">travertin<\/a> Alabastrino qui r\u00e9pond aux poutres peintes en blanc dans un contraste doux savamment orchestr\u00e9 par After Bach. Dans l\u2019esprit d\u2019une maison de vacances, ce travertin choisi voit sa pose en opus faire le lien avec le village et la for\u00eat de Rambouillet gr\u00e2ce \u00e0 ses grandes dalles. \u00ab Ce travertin, on le retrouve dans le plateau de la table \u00e0 d\u00eener et habillant un grand buffet dessin\u00e9 sur mesure, explique <a href=\"https:\/\/www.admagazine.fr\/article\/ad100-2025-liste-createurs-importants-annee\" target=\"_blank\" rel=\"noopener\">Francesco Balzano<\/a>, habitu\u00e9 \u00e0 travailler la pierre dans ses collections de pi\u00e8ces de mobilier. Un peu plus textur\u00e9 que le travertin romain, il a une profondeur qui lui donne un caract\u00e8re tr\u00e8s authentique. Il cr\u00e9e aussi un jeu de couleurs subtiles en deux valeurs de beige sur le blanc tr\u00e8s blanc des structures, des poutres, des plafonds, des encadrements\u2026 \u00bb Car les murs sont d\u2019une tonalit\u00e9 plus chaude et l\u00e9g\u00e8re, pour une touche d&rsquo;\u00e9l\u00e9gance ultra matte : \u00ab On est sur cette vibration de blanc tr\u00e8s lumineux toute l&rsquo;ann\u00e9e dans cette enfilade, avec le soleil qui vient traverser la maison le matin et l&rsquo;apr\u00e8s-midi rebondir \u00e0 travers le jardin sur les murs anciens en moellon, cette pierre ancienne typique de la r\u00e9gion\u2026 \u00bb<\/p>\n<p>Dans la partie salle \u00e0 manger, sur la table en travertin, un vase en r\u00e9sine (les deux Francesco Balzano) et des plats \u00e0 fruits Dough (Faye Toogood). Miroir et suspension (Hubsch).<\/p>\n<p>Vincent Leroux<\/p>\n<p>Un long banc couleur des murs court le long des fen\u00eatres permettant d&rsquo;y poser des photographies prise par <a href=\"https:\/\/www.admagazine.fr\/adactualites\/article\/photographies-francesco-balzano-tourrette\" target=\"_blank\" rel=\"noopener\">Francesco Balzano<\/a>. Au mur, une \u0153uvre en c\u00e9ramique d&rsquo;Isabelle Sicart et Francesco Balzano).<\/p>\n<p>Vincent Leroux<\/p>\n<p><strong>Tonalit\u00e9s en douceur<\/strong><\/p>\n<p>Parlant de nuances de beige, on note un banc rose et gris qui ajoute une dimension graphique \u00e0 l\u2019univers coloriel tout en d\u00e9licatesse des lieux. En r\u00e9sine, dans les nuances de la pierre, il dialogue avec d&rsquo;autres \u00e9l\u00e9ments graphiques qui ne sont pas sans rappeler les maisons de vacances de Sorrente ou Positano \u00e0 l\u2019image de ce tissu ray\u00e9 rouge et blanc que l\u2019on suit d\u2019un plaid sur le canap\u00e9 jusqu\u2019aux coussins et jett\u00e9 de lit dans la <a href=\"https:\/\/www.admagazine.fr\/galerie\/inspirations-chambre-blanche\" target=\"_blank\" rel=\"noopener\">chambre<\/a> principale. Cet \u00e9cho estival se prolonge avec un fauteuil peu connu de Vico Magistretti, entre transat et fauteuil de plage, et les suspensions tress\u00e9es que l&rsquo;on retrouve dans les pi\u00e8ces du bas comme dans celle d\u2019en haut. Cette nuance de rouge qui revient r\u00e9guli\u00e8rement r\u00e9pond \u00e0 un jeu de vert p\u00e2le dans la cuisine et les salles de bain, dans une compl\u00e9mentarit\u00e9 de couleurs. Des \u00e9l\u00e9ments menuis\u00e9s ponctuent les espaces, comme ce long banc qui longe les fen\u00eatres du s\u00e9jour et de la salle \u00e0 manger o\u00f9 l\u2019on pose des objets, des cadres, des lampes \u2013 et o\u00f9 l\u2019on se pose soi-m\u00eame pour lire adoss\u00e9 \u00e0 la fen\u00eatre\u2026 \u2013 et comme aussi la banquette du coin repas dans la <a href=\"https:\/\/www.admagazine.fr\/article\/petites-cuisines-caractere-comment-copier\" target=\"_blank\" rel=\"noopener\">cuisine<\/a>, habill\u00e9e d\u2019un tissu de Chiarastella Cattana encadr\u00e9 comme une toile de peinture dans la salle \u00e0 manger. C\u2019est l\u00e0 tout le c\u00f4t\u00e9 moderniste de la proposition d\u2019After Bach qui sert la fonctionnalit\u00e9 \u00e0 travers des volumes purs, une architecture minimale et en m\u00eame temps des codes de campagne chic.<\/p>\n","protected":false},"excerpt":{"rendered":"C&rsquo;est une maison ancienne avec un petit jardin, en lisi\u00e8re de for\u00eat. Une maison de campagne dans le&hellip;\n","protected":false},"author":2,"featured_media":202522,"comment_status":"","ping_status":"","sticky":false,"template":"","format":"standard","meta":{"footnotes":""},"categories":[1358],"tags":[34201,1348,1384,1385,1386,58,59,1011,27,34202,3892],"class_list":{"0":"post-202521","1":"post","2":"type-post","3":"status-publish","4":"format-standard","5":"has-post-thumbnail","7":"category-arts-et-design","8":"tag-after-bach","9":"tag-arts","10":"tag-arts-and-design","11":"tag-arts-et-design","12":"tag-design","13":"tag-divertissement","14":"tag-entertainment","15":"tag-fr","16":"tag-france","17":"tag-francesco-balzano","18":"tag-maisons-de-campagne"},"share_on_mastodon":{"url":"https:\/\/pubeurope.com\/@fr\/114742489597454471","error":""},"_links":{"self":[{"href":"https:\/\/www.europesays.com\/fr\/wp-json\/wp\/v2\/posts\/202521","targetHints":{"allow":["GET"]}}],"collection":[{"href":"https:\/\/www.europesays.com\/fr\/wp-json\/wp\/v2\/posts"}],"about":[{"href":"https:\/\/www.europesays.com\/fr\/wp-json\/wp\/v2\/types\/post"}],"author":[{"embeddable":true,"href":"https:\/\/www.europesays.com\/fr\/wp-json\/wp\/v2\/users\/2"}],"replies":[{"embeddable":true,"href":"https:\/\/www.europesays.com\/fr\/wp-json\/wp\/v2\/comments?post=202521"}],"version-history":[{"count":0,"href":"https:\/\/www.europesays.com\/fr\/wp-json\/wp\/v2\/posts\/202521\/revisions"}],"wp:featuredmedia":[{"embeddable":true,"href":"https:\/\/www.europesays.com\/fr\/wp-json\/wp\/v2\/media\/202522"}],"wp:attachment":[{"href":"https:\/\/www.europesays.com\/fr\/wp-json\/wp\/v2\/media?parent=202521"}],"wp:term":[{"taxonomy":"category","embeddable":true,"href":"https:\/\/www.europesays.com\/fr\/wp-json\/wp\/v2\/categories?post=202521"},{"taxonomy":"post_tag","embeddable":true,"href":"https:\/\/www.europesays.com\/fr\/wp-json\/wp\/v2\/tags?post=202521"}],"curies":[{"name":"wp","href":"https:\/\/api.w.org\/{rel}","templated":true}]}}