{"id":202531,"date":"2025-06-25T06:07:10","date_gmt":"2025-06-25T06:07:10","guid":{"rendered":"https:\/\/www.europesays.com\/fr\/202531\/"},"modified":"2025-06-25T06:07:10","modified_gmt":"2025-06-25T06:07:10","slug":"pourquoi-les-femmes-enceintes-sont-particulierement-a-risque-de-complications","status":"publish","type":"post","link":"https:\/\/www.europesays.com\/fr\/202531\/","title":{"rendered":"pourquoi les femmes enceintes sont particuli\u00e8rement \u00e0 risque de complications"},"content":{"rendered":"<p>                          <img loading=\"lazy\" decoding=\"async\" src=\"https:\/\/www.europesays.com\/fr\/wp-content\/uploads\/2025\/06\/b4ecd02_upload-1-o00mg1rqoacl-pch0074016.jpg\" alt=\"Une sage-femme, avec une patiente, dans la salle de naissances de la maternit\u00e9 de l\u2019h\u00f4pital de Valence, en 2021.\"  width=\"664\" height=\"443\"\/>    Une sage-femme, avec une patiente, dans la salle de naissances de la maternit\u00e9 de l\u2019h\u00f4pital de Valence, en 2021.  PABLO CHIGNARD\/DIVERGENCE                <\/p>\n<p class=\"article__paragraph  \">Les fortes chaleurs ne sont pas seulement inconfortables pour les femmes enceintes, elles peuvent repr\u00e9senter un danger aussi bien pour leur sant\u00e9 que pour celle du f\u0153tus. D\u00e9shydratation, malaise, risque augment\u00e9 d\u2019hypertension, mais aussi accouchement pr\u00e9matur\u00e9 ou b\u00e9b\u00e9 de faible poids \u00e0 la naissance\u2026 Depuis 2023, les \u00e9tudes se multiplient<strong> <\/strong>pour explorer les diff\u00e9rentes cons\u00e9quences d\u2019une exposition \u00e0 des temp\u00e9ratures \u00e9lev\u00e9es au cours de la grossesse.<\/p>\n<p class=\"article__paragraph  \">Les experts appellent \u00e0 la prudence, alors que la France fait face \u00e0 sa premi\u00e8re vague de chaleur de l\u2019\u00e9t\u00e9. \u00ab\u00a0Cette vague de chaleur intervient en d\u00e9but de saison. Donc, les m\u00e9canismes d\u2019adaptation n\u2019ont pas eu le temps de se mettre en place\u00a0\u00bb, pr\u00e9vient Johanna Lepeule, chercheuse \u00e9pid\u00e9miologiste en sant\u00e9 environnementale \u00e0 l\u2019Inserm. Comme les personnes \u00e2g\u00e9es, les femmes enceintes sont ainsi invit\u00e9es \u00e0 boire beaucoup, \u00e0 ne pas s\u2019exposer \u00e0 la chaleur aux heures les plus chaudes de la journ\u00e9e et \u00e0 limiter les efforts physiques.<\/p>\n<p class=\"reading-mode-only \"><strong>Il vous reste 85.48% de cet article \u00e0 lire. La suite est r\u00e9serv\u00e9e aux abonn\u00e9s.<\/strong><\/p>\n","protected":false},"excerpt":{"rendered":"Une sage-femme, avec une patiente, dans la salle de naissances de la maternit\u00e9 de l\u2019h\u00f4pital de Valence, en&hellip;\n","protected":false},"author":2,"featured_media":202532,"comment_status":"","ping_status":"","sticky":false,"template":"","format":"standard","meta":{"footnotes":""},"categories":[10],"tags":[1011,27,72,71],"class_list":{"0":"post-202531","1":"post","2":"type-post","3":"status-publish","4":"format-standard","5":"has-post-thumbnail","7":"category-sante","8":"tag-fr","9":"tag-france","10":"tag-health","11":"tag-sante"},"share_on_mastodon":{"url":"https:\/\/pubeurope.com\/@fr\/114742509438147382","error":""},"_links":{"self":[{"href":"https:\/\/www.europesays.com\/fr\/wp-json\/wp\/v2\/posts\/202531","targetHints":{"allow":["GET"]}}],"collection":[{"href":"https:\/\/www.europesays.com\/fr\/wp-json\/wp\/v2\/posts"}],"about":[{"href":"https:\/\/www.europesays.com\/fr\/wp-json\/wp\/v2\/types\/post"}],"author":[{"embeddable":true,"href":"https:\/\/www.europesays.com\/fr\/wp-json\/wp\/v2\/users\/2"}],"replies":[{"embeddable":true,"href":"https:\/\/www.europesays.com\/fr\/wp-json\/wp\/v2\/comments?post=202531"}],"version-history":[{"count":0,"href":"https:\/\/www.europesays.com\/fr\/wp-json\/wp\/v2\/posts\/202531\/revisions"}],"wp:featuredmedia":[{"embeddable":true,"href":"https:\/\/www.europesays.com\/fr\/wp-json\/wp\/v2\/media\/202532"}],"wp:attachment":[{"href":"https:\/\/www.europesays.com\/fr\/wp-json\/wp\/v2\/media?parent=202531"}],"wp:term":[{"taxonomy":"category","embeddable":true,"href":"https:\/\/www.europesays.com\/fr\/wp-json\/wp\/v2\/categories?post=202531"},{"taxonomy":"post_tag","embeddable":true,"href":"https:\/\/www.europesays.com\/fr\/wp-json\/wp\/v2\/tags?post=202531"}],"curies":[{"name":"wp","href":"https:\/\/api.w.org\/{rel}","templated":true}]}}