{"id":202535,"date":"2025-06-25T06:09:11","date_gmt":"2025-06-25T06:09:11","guid":{"rendered":"https:\/\/www.europesays.com\/fr\/202535\/"},"modified":"2025-06-25T06:09:11","modified_gmt":"2025-06-25T06:09:11","slug":"beyonce-jay-z-victor-wembanyama-omar-sy-pluie-de-stars-au-defile-homme-louis-vuitton-au-centre-pompidou","status":"publish","type":"post","link":"https:\/\/www.europesays.com\/fr\/202535\/","title":{"rendered":"Beyonc\u00e9, Jay-Z, Victor Wembanyama, Omar Sy&#8230; Pluie de stars au d\u00e9fil\u00e9 homme Louis Vuitton au Centre Pompidou"},"content":{"rendered":"<p>C\u2019est sur le parvis du Centre Pompidou que Pharrell Williams a pr\u00e9sent\u00e9 sa nouvelle collection printemps-\u00e9t\u00e9 2026 aux allures d\u2019un film de Wes Anderson. Une pluie de c\u00e9l\u00e9brit\u00e9s a r\u00e9pondu pr\u00e9sente.<\/p>\n<p class=\"fig-paragraph\">Difficile de s\u2019entendre parler, tant les cris des badauds amass\u00e9s devant le centre Pompidou r\u00e9sonnaient, ce mardi 24 juin, devant le centre Pompidou, \u00e0 Paris. Les curieux \u00e9taient amass\u00e9s autour du parvis du mus\u00e9e pour tenter d\u2019apercevoir l\u2019une des nombreuses stars r\u00e9unies pour assister au d\u00e9fil\u00e9 printemps-\u00e9t\u00e9 homme de\u00a0<a href=\"http:\/\/madame.lefigaro.fr\/bijoux-et-montres\/pharrell-williams-devoile-une-nouvelle-bague-de-fiancailles-en-apesanteur-pour-tiffany-co-20250407\" data-fig-type=\"Article\" data-gtm-custom-categorie=\"navigation\" data-gtm-custom-action=\"crossclick\" data-gtm-custom-label=\"Contextuel\" data-gtm-event=\"customEventSPE\" data-fig-domain=\"MADAME\" target=\"_blank\" rel=\"noopener\">Pharrell Williams<\/a>\u00a0pour Louis Vuitton.<\/p>\n<p class=\"fig-paragraph\">Les acteurs Bradley Cooper, Omar Sy, Tahar Rahim et Pio Marmai, les sportifs Victor Wembanyama et\u00a0<a href=\"http:\/\/madame.lefigaro.fr\/style\/news\/tu-es-un-homme-pas-une-femme-vs-on-adore-la-jupe-de-jules-kounde-divise-les-reseaux-sociaux-20240903\" data-fig-type=\"Article\" data-gtm-custom-categorie=\"navigation\" data-gtm-custom-action=\"crossclick\" data-gtm-custom-label=\"Contextuel\" data-gtm-event=\"customEventSPE\" data-fig-domain=\"MADAME\" target=\"_blank\" rel=\"noopener\">Jules Kound\u00e9<\/a>\u00a0\u00e9taient au rendez-vous. Mais cette saison, le couple le plus attendu et ce, jusqu\u2019\u00e0 quelques minutes avant le d\u00e9but du show, \u00e9taient la chanteuse Beyonc\u00e9, pr\u00e9sente \u00e0 Paris pour sa s\u00e9rie de concerts et son mari Jay-Z.<\/p>\n<p>    La chanteuse Beyonc\u00e9 au d\u00e9fil\u00e9 printemps \u00e9t\u00e9 homme de Louis Vuitton. (Paris, le 23 juin 2025).<br \/>\n                Lyvans Boolaky \/ Getty Images<\/p>\n<p>Inspiration cin\u00e9matographique<\/p>\n<p class=\"fig-paragraph\">Alors que retentissait l\u2019orchestre du compositeur Thomas Roussel, auquel faisait face une chorale, le show a d\u00e9voil\u00e9 une saison sous le signe d\u2019une esth\u00e9tique tr\u00e8s cin\u00e9matographique, fin ann\u00e9es 70\u2019s, inspir\u00e9e par les dandys indiens. Au fur et \u00e0 mesure que les silhouettes masculines d\u00e9filaient, impossible de ne pas penser au film culte \u00abThe Darjeeling lilited\u00bb de<a href=\"http:\/\/madame.lefigaro.fr\/celebrites\/actu-people\/pourquoi-scarlett-johansson-star-du-film-de-wes-anderson-n-a-pas-monte-les-marches-de-cannes-dimanche-soir-20250518\" data-fig-type=\"Article\" data-gtm-custom-categorie=\"navigation\" data-gtm-custom-action=\"crossclick\" data-gtm-custom-label=\"Contextuel\" data-gtm-event=\"customEventSPE\" data-fig-domain=\"MADAME\" target=\"_blank\" rel=\"noopener\">\u00a0Wes Anderson<\/a>, qui raconte un voyage initiatique et carthatique de trois fr\u00e8res apr\u00e8s le d\u00e9c\u00e8s de leur p\u00e8re en Inde.<\/p>\n<p class=\"fig-paragraph\">Outre la musique bollywoodienne qui rythmait la fin du show, on retrouvait les fameuses malles du matelassier ici revisit\u00e9es \u00e0 la sauce Anderson, en beige avec quelques dessins na\u00effs. Les\u00a0<a href=\"http:\/\/madame.lefigaro.fr\/style\/plongee-dans-les-silhouettes-vintage-de-caroline-de-monaco-icone-de-style-du-rocher-20230728\" data-fig-type=\"Article\" data-gtm-custom-categorie=\"navigation\" data-gtm-custom-action=\"crossclick\" data-gtm-custom-label=\"Contextuel\" data-gtm-event=\"customEventSPE\" data-fig-domain=\"MADAME\" target=\"_blank\" rel=\"noopener\">silhouettes<\/a>\u00a0\u00e9taient aff\u00fbt\u00e9es, les couleurs ocre, terracotta, safran ou kaki rappelaient les teintes des \u00e9poustouflants paysages du nord de l\u2019Inde. Le directeur artistique semble s\u2019\u00eatre lib\u00e9r\u00e9 d\u2019un tropisme parfois pouss\u00e9 pour les accessoires, pour se concentrer sur les coupes cisel\u00e9es, une coh\u00e9rence pouss\u00e9e et une d\u00e9gaine ultra-pr\u00e9cise. Le show a conquis le public, les stars mais pas que!<\/p>\n","protected":false},"excerpt":{"rendered":"C\u2019est sur le parvis du Centre Pompidou que Pharrell Williams a pr\u00e9sent\u00e9 sa nouvelle collection printemps-\u00e9t\u00e9 2026 aux&hellip;\n","protected":false},"author":2,"featured_media":202536,"comment_status":"","ping_status":"","sticky":false,"template":"","format":"standard","meta":{"footnotes":""},"categories":[8],"tags":[998,988,991,1000,993,58,994,59,992,34204,638,1011,27,997,3797,977,999,989,995,973,34203,990,996],"class_list":{"0":"post-202535","1":"post","2":"type-post","3":"status-publish","4":"format-standard","5":"has-post-thumbnail","7":"category-divertissement","8":"tag-accessoire","9":"tag-actu-mode","10":"tag-actualite-mode","11":"tag-celebrites","12":"tag-defiles","13":"tag-divertissement","14":"tag-egerie-mode","15":"tag-entertainment","16":"tag-fashion-week","17":"tag-fashion-week-paris","18":"tag-figaro","19":"tag-fr","20":"tag-france","21":"tag-lingerie","22":"tag-louis-vuitton","23":"tag-madame","24":"tag-mode-fashion-femme","25":"tag-mode-femme","26":"tag-nouvelle-tendance","27":"tag-people","28":"tag-pharrell-williams","29":"tag-tendance-mode","30":"tag-vetement"},"share_on_mastodon":{"url":"https:\/\/pubeurope.com\/@fr\/114742517134780678","error":""},"_links":{"self":[{"href":"https:\/\/www.europesays.com\/fr\/wp-json\/wp\/v2\/posts\/202535","targetHints":{"allow":["GET"]}}],"collection":[{"href":"https:\/\/www.europesays.com\/fr\/wp-json\/wp\/v2\/posts"}],"about":[{"href":"https:\/\/www.europesays.com\/fr\/wp-json\/wp\/v2\/types\/post"}],"author":[{"embeddable":true,"href":"https:\/\/www.europesays.com\/fr\/wp-json\/wp\/v2\/users\/2"}],"replies":[{"embeddable":true,"href":"https:\/\/www.europesays.com\/fr\/wp-json\/wp\/v2\/comments?post=202535"}],"version-history":[{"count":0,"href":"https:\/\/www.europesays.com\/fr\/wp-json\/wp\/v2\/posts\/202535\/revisions"}],"wp:featuredmedia":[{"embeddable":true,"href":"https:\/\/www.europesays.com\/fr\/wp-json\/wp\/v2\/media\/202536"}],"wp:attachment":[{"href":"https:\/\/www.europesays.com\/fr\/wp-json\/wp\/v2\/media?parent=202535"}],"wp:term":[{"taxonomy":"category","embeddable":true,"href":"https:\/\/www.europesays.com\/fr\/wp-json\/wp\/v2\/categories?post=202535"},{"taxonomy":"post_tag","embeddable":true,"href":"https:\/\/www.europesays.com\/fr\/wp-json\/wp\/v2\/tags?post=202535"}],"curies":[{"name":"wp","href":"https:\/\/api.w.org\/{rel}","templated":true}]}}