{"id":202543,"date":"2025-06-25T06:13:08","date_gmt":"2025-06-25T06:13:08","guid":{"rendered":"https:\/\/www.europesays.com\/fr\/202543\/"},"modified":"2025-06-25T06:13:08","modified_gmt":"2025-06-25T06:13:08","slug":"il-nous-a-detruits-le-calvaire-dun-jeune-handicape-marseillais-battu-par-son-auxiliaire-de-vie","status":"publish","type":"post","link":"https:\/\/www.europesays.com\/fr\/202543\/","title":{"rendered":"\u00ab\u00a0Il nous a d\u00e9truits\u00a0\u00bb\u00a0: le calvaire d\u2019un jeune handicap\u00e9 marseillais battu par son auxiliaire de vie"},"content":{"rendered":"<p class=\"paragraph text_align_left lp-f-body-02\">Poursuivi pour \u00ab violence sur personne vuln\u00e9rable sans incapacit\u00e9 \u00bb, Dominique G., <a href=\"https:\/\/www.leparisien.fr\/val-de-marne-94\/ehpad-a-arcueil-l-aide-soignant-violent-accuse-d-avoir-frappe-un-deuxieme-resident-22-10-2020-8404498.php\" target=\"_blank\" rel=\"noreferrer nofollow noopener\">auxiliaire de vie<\/a>, s\u2019occupait depuis plusieurs mois de Rayan, \u00e2g\u00e9 de 19 ans et souffrant d\u2019une maladie orpheline, jusqu\u2019\u00e0 obtenir la confiance de la m\u00e8re et du beau-p\u00e8re du jeune gar\u00e7on, qui vivent dans le Xe arrondissement de Marseille <a href=\"https:\/\/www.leparisien.fr\/bouches-du-rhone-13\/\" target=\"_blank\" rel=\"noreferrer nofollow noopener\">(Bouches-du-Rh\u00f4ne)<\/a>. Avant que la famille ne se mette \u00e0 avoir des doutes \u00e0 cause de \u00ab traces sur le visage \u00bb et ne v\u00e9rifie les images de la cam\u00e9ra, dont Dominique G. connaissait l\u2019existence, dans la chambre de Ryan.<\/p>\n<p class=\"paragraph text_align_left lp-f-body-02\">Et ces images, diffus\u00e9es \u00e0 l\u2019audience, sont terribles et accablantes. Dominique G. porte des coups de poing \u00e0 plusieurs reprises sur la t\u00eate de Ryan, immobilis\u00e9 dans son lit ou son fauteuil. La sc\u00e8ne date du 4 avril mais des faits de nature similaires ont eu lieu \u00e0 quatre reprises fin mars et d\u00e9but avril.<\/p>\n","protected":false},"excerpt":{"rendered":"Poursuivi pour \u00ab violence sur personne vuln\u00e9rable sans incapacit\u00e9 \u00bb, Dominique G., auxiliaire de vie, s\u2019occupait depuis plusieurs&hellip;\n","protected":false},"author":2,"featured_media":202544,"comment_status":"","ping_status":"","sticky":false,"template":"","format":"standard","meta":{"footnotes":""},"categories":[4],"tags":[11,459,118,1011,27,12,25],"class_list":{"0":"post-202543","1":"post","2":"type-post","3":"status-publish","4":"format-standard","5":"has-post-thumbnail","7":"category-france","8":"tag-actualites","9":"tag-departements-horsidfo","10":"tag-faits-divers","11":"tag-fr","12":"tag-france","13":"tag-news","14":"tag-republique-francaise"},"share_on_mastodon":{"url":"","error":""},"_links":{"self":[{"href":"https:\/\/www.europesays.com\/fr\/wp-json\/wp\/v2\/posts\/202543","targetHints":{"allow":["GET"]}}],"collection":[{"href":"https:\/\/www.europesays.com\/fr\/wp-json\/wp\/v2\/posts"}],"about":[{"href":"https:\/\/www.europesays.com\/fr\/wp-json\/wp\/v2\/types\/post"}],"author":[{"embeddable":true,"href":"https:\/\/www.europesays.com\/fr\/wp-json\/wp\/v2\/users\/2"}],"replies":[{"embeddable":true,"href":"https:\/\/www.europesays.com\/fr\/wp-json\/wp\/v2\/comments?post=202543"}],"version-history":[{"count":0,"href":"https:\/\/www.europesays.com\/fr\/wp-json\/wp\/v2\/posts\/202543\/revisions"}],"wp:featuredmedia":[{"embeddable":true,"href":"https:\/\/www.europesays.com\/fr\/wp-json\/wp\/v2\/media\/202544"}],"wp:attachment":[{"href":"https:\/\/www.europesays.com\/fr\/wp-json\/wp\/v2\/media?parent=202543"}],"wp:term":[{"taxonomy":"category","embeddable":true,"href":"https:\/\/www.europesays.com\/fr\/wp-json\/wp\/v2\/categories?post=202543"},{"taxonomy":"post_tag","embeddable":true,"href":"https:\/\/www.europesays.com\/fr\/wp-json\/wp\/v2\/tags?post=202543"}],"curies":[{"name":"wp","href":"https:\/\/api.w.org\/{rel}","templated":true}]}}