{"id":202547,"date":"2025-06-25T06:15:18","date_gmt":"2025-06-25T06:15:18","guid":{"rendered":"https:\/\/www.europesays.com\/fr\/202547\/"},"modified":"2025-06-25T06:15:18","modified_gmt":"2025-06-25T06:15:18","slug":"pourquoi-vous-allez-recevoir-un-message-dalerte","status":"publish","type":"post","link":"https:\/\/www.europesays.com\/fr\/202547\/","title":{"rendered":"pourquoi vous allez recevoir un message d&rsquo;alerte"},"content":{"rendered":"<p>            Par<br \/>\n        <strong><br \/>\n            <a href=\"https:\/\/actu.fr\/auteur\/redaction-saint-etienne\" title=\"Consulter tous les articles de R\u00e9daction Saint-\u00c9tienne\" rel=\"nofollow noopener\" target=\"_blank\">R\u00e9daction Saint-\u00c9tienne<\/a><br \/>\n        <\/strong><\/p>\n<p>        Publi\u00e9 le<\/p>\n<p>            24 juin 2025 \u00e0 8h25        <\/p>\n<p>La pr\u00e9fecture de la Loire organise un exercice NOVI-ATM (Nombreuses Victimes-Attentat Tuerie de Masse) \u00e0 l\u2019Arena de <a href=\"https:\/\/actu.fr\/tag\/saint-etienne-metropole\" rel=\"nofollow noopener\" target=\"_blank\">Saint-\u00c9tienne M\u00e9tropole<\/a>, situ\u00e9e \u00e0 <a href=\"https:\/\/actu.fr\/auvergne-rhone-alpes\/saint-chamond_42207\" rel=\"nofollow noopener\" target=\"_blank\">Saint-Chamond<\/a>, ce mardi 24\u00a0juin 2025, <strong>de 13 \u00e0 17\u00a0heures.<\/strong><\/p>\n<p>La gendarmerie, police nationale, pompiers et SAMU d\u00e9ploy\u00e9s<\/p>\n<p class=\" wall-content\">Le site sera ferm\u00e9 au public pour toute la dur\u00e9e de l\u2019exercice.<\/p>\n<p>    <img   decoding=\"async\" loading=\"lazy\" src=\"https:\/\/www.europesays.com\/fr\/wp-content\/uploads\/2025\/06\/arenasem-0235459-1-960x640.jpg\" alt=\"Un exercice de s\u00e9curit\u00e9 civile est organis\u00e9 ce mardi \u00e0 l'Arena de Saint-\u00c9tienne M\u00e9tropole, situ\u00e9e \u00e0 Saint-Chamond.\" width=\"960\" height=\"640\"\/><br \/>\n    Un exercice de s\u00e9curit\u00e9 civile est organis\u00e9 ce mardi \u00e0 l\u2019Arena de Saint-\u00c9tienne M\u00e9tropole, situ\u00e9e \u00e0 Saint-Chamond. (\u00a9Saint-Etienne m\u00e9tropole)<\/p>\n<p class=\" wall-content\">Que va-t-il se passer\u2009? Au cours de cet exercice, des agents et des v\u00e9hicules d\u2019intervention de la gendarmerie, de la police nationale, des sapeurs-pompiers et du SAMU de la Loire seront d\u00e9ploy\u00e9s sur la zone de la salle de basket.<\/p>\n<blockquote class=\"ac-article-quote wall-content\">\n<p>L\u2019objectif de cet exercice de grande ampleur est de tester et mettre en \u0153uvre le plan ORSEC (Organisation de la R\u00e9ponse de S\u00e9curit\u00e9 Civile) et plus pr\u00e9cis\u00e9ment sa disposition NOVI (nombreuses victimes), afin de permettre \u00e0 l\u2019ensemble des acteurs de se pr\u00e9parer \u00e0 faire face \u00e0 d\u2019\u00e9ventuels \u00e9v\u00e9nements graves dans le d\u00e9partement et d\u2019optimiser les dispositifs op\u00e9rationnels.<\/p>\n<p>    <strong>Pr\u00e9fecture de la Loire<\/strong>\n            <\/p><\/blockquote>\n<p class=\" wall-content\">Ce type d\u2019exercice est organis\u00e9 r\u00e9guli\u00e8rement sur tous les sites sensibles du d\u00e9partement.<\/p>\n<p>Vid\u00e9os : en ce moment sur ActuDes bruits de d\u00e9tonation et une alerte sur les t\u00e9l\u00e9phones<\/p>\n<p class=\" wall-content\">Des bandes sonores de d\u00e9tonations pourront \u00eatre entendues, afin de reproduire avec le plus d\u2019exactitude possible les conditions d\u2019un v\u00e9ritable attentat.<\/p>\n<p class=\" wall-content\">De plus, les personnes se situant dans la zone autour du site de l\u2019Arena, recevront possiblement une notification sur leurs t\u00e9l\u00e9phones portables via le dispositif FR-ALERT. Aucune action n\u2019est attendue de la part des habitants ou personnes passant \u00e0 proximit\u00e9, susceptibles de recevoir ce message.<\/p>\n<blockquote class=\"ac-article-quote wall-content\">\n<p>Le site de l\u2019Arena \u00e9tant ferm\u00e9 au public, il n\u2019y aura aucun impact sur les activit\u00e9s et les d\u00e9placements de la population. Il est \u00e9galement important de ne pas diffuser de fausses informations, notamment sur les r\u00e9seaux sociaux, ni de prendre de photos ou de vid\u00e9os de l\u2019exercice.<\/p>\n<p>    <strong>Pr\u00e9fecture de la Loire<\/strong>\n            <\/p><\/blockquote>\n<p class=\" wall-content\">\u00ab\u2009Merci de ne pas vous approcher de la zone de l\u2019exercice pour ne pas entraver le bon d\u00e9roulement de ce dernier.\u2009\u00bb<\/p>\n<p class=\" wall-content\">Suivez toute l\u2019actualit\u00e9 de vos villes et m\u00e9dias favoris en vous inscrivant \u00e0 <a href=\"https:\/\/moncompte.actu.fr\" title=\"D\u00e9couvez Mon Actu\" rel=\"nofollow noopener\" data-trk=\"{&quot;cta&quot;:{&quot;action&quot;:&quot;https:\\\/\\\/moncompte.actu.fr&quot;,&quot;category&quot;:&quot;mon compte&quot;,&quot;from&quot;:&quot;article footer&quot;,&quot;name&quot;:&quot;Mon actu&quot;,&quot;type&quot;:&quot;cta&quot;}}\" target=\"_blank\">Mon Actu<\/a>.<\/p>\n","protected":false},"excerpt":{"rendered":"Par R\u00e9daction Saint-\u00c9tienne Publi\u00e9 le 24 juin 2025 \u00e0 8h25 La pr\u00e9fecture de la Loire organise un exercice&hellip;\n","protected":false},"author":2,"featured_media":202548,"comment_status":"","ping_status":"","sticky":false,"template":"","format":"standard","meta":{"footnotes":""},"categories":[9653],"tags":[1111,11,2430,1777,674,118,1011,27,3381,12,1311,25,4001,10060],"class_list":{"0":"post-202547","1":"post","2":"type-post","3":"status-publish","4":"format-standard","5":"has-post-thumbnail","7":"category-saint-etienne","8":"tag-actu","9":"tag-actualites","10":"tag-auvergne-rhone-alpes","11":"tag-eu","12":"tag-europe","13":"tag-faits-divers","14":"tag-fr","15":"tag-france","16":"tag-gendarmerie","17":"tag-news","18":"tag-pompiers","19":"tag-republique-francaise","20":"tag-saint-etienne","21":"tag-saint-etienne-metropole"},"share_on_mastodon":{"url":"https:\/\/pubeurope.com\/@fr\/114742540904057549","error":""},"_links":{"self":[{"href":"https:\/\/www.europesays.com\/fr\/wp-json\/wp\/v2\/posts\/202547","targetHints":{"allow":["GET"]}}],"collection":[{"href":"https:\/\/www.europesays.com\/fr\/wp-json\/wp\/v2\/posts"}],"about":[{"href":"https:\/\/www.europesays.com\/fr\/wp-json\/wp\/v2\/types\/post"}],"author":[{"embeddable":true,"href":"https:\/\/www.europesays.com\/fr\/wp-json\/wp\/v2\/users\/2"}],"replies":[{"embeddable":true,"href":"https:\/\/www.europesays.com\/fr\/wp-json\/wp\/v2\/comments?post=202547"}],"version-history":[{"count":0,"href":"https:\/\/www.europesays.com\/fr\/wp-json\/wp\/v2\/posts\/202547\/revisions"}],"wp:featuredmedia":[{"embeddable":true,"href":"https:\/\/www.europesays.com\/fr\/wp-json\/wp\/v2\/media\/202548"}],"wp:attachment":[{"href":"https:\/\/www.europesays.com\/fr\/wp-json\/wp\/v2\/media?parent=202547"}],"wp:term":[{"taxonomy":"category","embeddable":true,"href":"https:\/\/www.europesays.com\/fr\/wp-json\/wp\/v2\/categories?post=202547"},{"taxonomy":"post_tag","embeddable":true,"href":"https:\/\/www.europesays.com\/fr\/wp-json\/wp\/v2\/tags?post=202547"}],"curies":[{"name":"wp","href":"https:\/\/api.w.org\/{rel}","templated":true}]}}