{"id":202553,"date":"2025-06-25T06:18:18","date_gmt":"2025-06-25T06:18:18","guid":{"rendered":"https:\/\/www.europesays.com\/fr\/202553\/"},"modified":"2025-06-25T06:18:18","modified_gmt":"2025-06-25T06:18:18","slug":"ce-que-lon-sait-deja-du-calendrier-de-ligue-2","status":"publish","type":"post","link":"https:\/\/www.europesays.com\/fr\/202553\/","title":{"rendered":"ce que l&rsquo;on sait d\u00e9j\u00e0 du calendrier de Ligue 2"},"content":{"rendered":"<p>Comme chaque ann\u00e9e \u00e0 cette p\u00e9riode, tous les fans les attendent. Mais alors que les calendriers officiels de Ligue 1 et Ligue 2 pour la saison 2025\/2026 devraient \u00eatre publi\u00e9s ce jeudi 26 juin, plusieurs \u00e9l\u00e9ments ont d&rsquo;ores et d\u00e9j\u00e0 \u00e9t\u00e9 d\u00e9voil\u00e9s par la LFP.\u00a0<\/p>\n<p>Pour ce qui concerne l&rsquo;AS Nancy Lorraine, la saison de Ligue 2 d\u00e9butera le vendredi 8 ao\u00fbt pour se terminer le vendredi 8 mai. Le dernier match de la phase aller est programm\u00e9 le vendredi 12 d\u00e9cembre, juste avant une tr\u00eave hivernale qui durera jusqu&rsquo;au 2 janvier, date du d\u00e9but des matchs retours.\u00a0Deux journ\u00e9es seront programm\u00e9es en semaine : la 7e (mardi 23 septembre), et la 12e (mardi 28 octobre).\u00a0<\/p>\n<p>Au terme de la saison, les play-off pour les clubs class\u00e9s 5e, 4e et 3e se d\u00e9rouleront les mardi 12 et vendredi 15 mai, avant un barrage d&rsquo;accession contre le 16e de Ligue 1 les jeudi 21 et dimanche 24 mai.\u00a0<\/p>\n<p>En bas de classement, le club\u00a0qui terminera 16e affrontera le 3e de National les mardi 19 et dimanche 24 mai.\u00a0<\/p>\n<p>C\u00f4t\u00e9 Coupe de France, les clubs de Ligue 2 feront leur entr\u00e9e en lice au 7e tour, programm\u00e9 le samedi 15 novembre. Comme l&rsquo;an pass\u00e9, les 32e de finale, qui marquent l&rsquo;arriv\u00e9e des clubs de Ligue 1, seront programm\u00e9s avant la tr\u00eave hivernale, le samedi 20 d\u00e9cembre.\u00a0<\/p>\n","protected":false},"excerpt":{"rendered":"Comme chaque ann\u00e9e \u00e0 cette p\u00e9riode, tous les fans les attendent. Mais alors que les calendriers officiels de&hellip;\n","protected":false},"author":2,"featured_media":202554,"comment_status":"","ping_status":"","sticky":false,"template":"","format":"standard","meta":{"footnotes":""},"categories":[9635],"tags":[1111,11,3703,3602,1707,1704,1706,1705,10174,1777,674,107,1701,63,1011,27,775,230,1702,12,25,517,1700],"class_list":{"0":"post-202553","1":"post","2":"type-post","3":"status-publish","4":"format-standard","5":"has-post-thumbnail","7":"category-nancy","8":"tag-actu","9":"tag-actualites","10":"tag-asnl","11":"tag-edition-bar-le-duc","12":"tag-edition-luneville","13":"tag-edition-nancy-et-agglomeration","14":"tag-edition-pont-a-mousson","15":"tag-edition-toul","16":"tag-edition-verdun","17":"tag-eu","18":"tag-europe","19":"tag-fil-info","20":"tag-fil-info-sport","21":"tag-football","22":"tag-fr","23":"tag-france","24":"tag-grand-est","25":"tag-infographie","26":"tag-nancy","27":"tag-news","28":"tag-republique-francaise","29":"tag-sport","30":"tag-sport-lorrain"},"share_on_mastodon":{"url":"https:\/\/pubeurope.com\/@fr\/114742552415588885","error":""},"_links":{"self":[{"href":"https:\/\/www.europesays.com\/fr\/wp-json\/wp\/v2\/posts\/202553","targetHints":{"allow":["GET"]}}],"collection":[{"href":"https:\/\/www.europesays.com\/fr\/wp-json\/wp\/v2\/posts"}],"about":[{"href":"https:\/\/www.europesays.com\/fr\/wp-json\/wp\/v2\/types\/post"}],"author":[{"embeddable":true,"href":"https:\/\/www.europesays.com\/fr\/wp-json\/wp\/v2\/users\/2"}],"replies":[{"embeddable":true,"href":"https:\/\/www.europesays.com\/fr\/wp-json\/wp\/v2\/comments?post=202553"}],"version-history":[{"count":0,"href":"https:\/\/www.europesays.com\/fr\/wp-json\/wp\/v2\/posts\/202553\/revisions"}],"wp:featuredmedia":[{"embeddable":true,"href":"https:\/\/www.europesays.com\/fr\/wp-json\/wp\/v2\/media\/202554"}],"wp:attachment":[{"href":"https:\/\/www.europesays.com\/fr\/wp-json\/wp\/v2\/media?parent=202553"}],"wp:term":[{"taxonomy":"category","embeddable":true,"href":"https:\/\/www.europesays.com\/fr\/wp-json\/wp\/v2\/categories?post=202553"},{"taxonomy":"post_tag","embeddable":true,"href":"https:\/\/www.europesays.com\/fr\/wp-json\/wp\/v2\/tags?post=202553"}],"curies":[{"name":"wp","href":"https:\/\/api.w.org\/{rel}","templated":true}]}}