{"id":202555,"date":"2025-06-25T06:19:10","date_gmt":"2025-06-25T06:19:10","guid":{"rendered":"https:\/\/www.europesays.com\/fr\/202555\/"},"modified":"2025-06-25T06:19:10","modified_gmt":"2025-06-25T06:19:10","slug":"des-habitants-de-ce-quartier-de-toulon-se-mobilisent-pour-sauver-des-platanes","status":"publish","type":"post","link":"https:\/\/www.europesays.com\/fr\/202555\/","title":{"rendered":"Des habitants de ce quartier de Toulon se mobilisent pour sauver des platanes"},"content":{"rendered":"<p>Les voisins font de la r\u00e9sistance. Alors qu\u2019un ensemble de villas et garages doit voir le jour au fond de l\u2019all\u00e9e des platanes, dans le quartier de la Serinette, plusieurs riverains copropri\u00e9taires ont clairement fait part de leur d\u00e9saccord avec l\u2019une des op\u00e9rations pr\u00e9vues.<\/p>\n<p>Pour mener \u00e0 bien son projet sur la parcelle priv\u00e9e c\u00e9d\u00e9e, le promoteur immobilier doit en effet proc\u00e9der \u00e0 l\u2019\u00e9largissement de l\u2019art\u00e8re parall\u00e8le au stade Albert-Estublier, qui m\u00e8ne au terrain devant accueillir les constructions. Or, ce chantier implique l\u2019abattage d\u2019une partie de la vingtaine de platanes centenaires plant\u00e9s l\u00e0.<\/p>\n<p>\u00ab\u00a0Une n\u00e9gation des droits des riverains sur cette all\u00e9e, estime Christian (1), membre du collectif, qui fait valoir une indivision entre propri\u00e9taires sur l\u2019art\u00e8re en question. Il s\u2019agit du seul acc\u00e8s \u00e0 la parcelle du promoteur, mais son statut n\u2019est pas clair. En tant que riverains, on consid\u00e8re que c\u2019est une all\u00e9e commune. Mais, en face, ils disent en \u00eatre les seuls propri\u00e9taires.\u00a0\u00bb Le repr\u00e9sentant du groupe Fran\u00e7ois Perrot Investissement, qui n\u2019a pas voulu faire davantage de commentaires, assure ainsi \u00ab\u00a0\u00eatre dans son bon droit\u00a0\u00bb.<\/p>\n<p>La Ville de Toulon, de son c\u00f4t\u00e9, indique que la voie est \u00ab\u00a0une parcelle priv\u00e9e, ferm\u00e9e \u00e0 la circulation publique\u00a0\u00bb, sans pouvoir donner plus de d\u00e9tails pour le moment.<\/p>\n<p>Ce lundi, les ouvriers ont commenc\u00e9 \u00e0 proc\u00e9der \u00e0 l\u2019\u00e9lagage des fameux platanes, sous le regard d\u00e9sappoint\u00e9 de trois riverains. \u00ab\u00a0Notre avocat doit faire un r\u00e9f\u00e9r\u00e9 en urgence pour demander un statu quo, et attendre qu\u2019un juge se prononce sur le fond. On a espoir que nos droits puissent \u00eatre reconnus\u00a0\u00bb, expliquent-ils, bien conscients que c\u2019est l\u00e0 une question de jours avant que les quelques arbres en question ne soient abattus. D. V.<\/p>\n<p>1. Le pr\u00e9nom a \u00e9t\u00e9 chang\u00e9.<\/p>\n","protected":false},"excerpt":{"rendered":"Les voisins font de la r\u00e9sistance. Alors qu\u2019un ensemble de villas et garages doit voir le jour au&hellip;\n","protected":false},"author":2,"featured_media":202556,"comment_status":"","ping_status":"","sticky":false,"template":"","format":"standard","meta":{"footnotes":""},"categories":[9619],"tags":[1111,11,1777,674,1011,27,12,882,25,2310,3366],"class_list":{"0":"post-202555","1":"post","2":"type-post","3":"status-publish","4":"format-standard","5":"has-post-thumbnail","7":"category-toulon","8":"tag-actu","9":"tag-actualites","10":"tag-eu","11":"tag-europe","12":"tag-fr","13":"tag-france","14":"tag-news","15":"tag-provence-alpes-cote-dazur","16":"tag-republique-francaise","17":"tag-toulon","18":"tag-vie-locale"},"share_on_mastodon":{"url":"https:\/\/pubeurope.com\/@fr\/114742556482002513","error":""},"_links":{"self":[{"href":"https:\/\/www.europesays.com\/fr\/wp-json\/wp\/v2\/posts\/202555","targetHints":{"allow":["GET"]}}],"collection":[{"href":"https:\/\/www.europesays.com\/fr\/wp-json\/wp\/v2\/posts"}],"about":[{"href":"https:\/\/www.europesays.com\/fr\/wp-json\/wp\/v2\/types\/post"}],"author":[{"embeddable":true,"href":"https:\/\/www.europesays.com\/fr\/wp-json\/wp\/v2\/users\/2"}],"replies":[{"embeddable":true,"href":"https:\/\/www.europesays.com\/fr\/wp-json\/wp\/v2\/comments?post=202555"}],"version-history":[{"count":0,"href":"https:\/\/www.europesays.com\/fr\/wp-json\/wp\/v2\/posts\/202555\/revisions"}],"wp:featuredmedia":[{"embeddable":true,"href":"https:\/\/www.europesays.com\/fr\/wp-json\/wp\/v2\/media\/202556"}],"wp:attachment":[{"href":"https:\/\/www.europesays.com\/fr\/wp-json\/wp\/v2\/media?parent=202555"}],"wp:term":[{"taxonomy":"category","embeddable":true,"href":"https:\/\/www.europesays.com\/fr\/wp-json\/wp\/v2\/categories?post=202555"},{"taxonomy":"post_tag","embeddable":true,"href":"https:\/\/www.europesays.com\/fr\/wp-json\/wp\/v2\/tags?post=202555"}],"curies":[{"name":"wp","href":"https:\/\/api.w.org\/{rel}","templated":true}]}}