{"id":202559,"date":"2025-06-25T06:21:08","date_gmt":"2025-06-25T06:21:08","guid":{"rendered":"https:\/\/www.europesays.com\/fr\/202559\/"},"modified":"2025-06-25T06:21:08","modified_gmt":"2025-06-25T06:21:08","slug":"cinq-vehicules-detruits-par-un-incendie-dans-une-residence-trente-locataires-evacues","status":"publish","type":"post","link":"https:\/\/www.europesays.com\/fr\/202559\/","title":{"rendered":"cinq v\u00e9hicules d\u00e9truits par un incendie dans une r\u00e9sidence, trente locataires \u00e9vacu\u00e9s"},"content":{"rendered":"<p>            Par<br \/>\n        <strong><br \/>\n            <a href=\"https:\/\/actu.fr\/auteur\/jm-aubert\" title=\"Consulter tous les articles de Jean-Marc Aubert\" rel=\"nofollow noopener\" target=\"_blank\">Jean-Marc Aubert<\/a><br \/>\n        <\/strong><\/p>\n<p>        Publi\u00e9 le<\/p>\n<p>            25 juin 2025 \u00e0 7h49        <\/p>\n<p>Cinq v\u00e9hicules, dont un \u00e9lectrique, ont \u00e9t\u00e9 d\u00e9truits par un <strong>incendie<\/strong>, ce mardi 24 juin 2025, \u00e0 <strong>Montpellier<\/strong>. Ils \u00e9taient gar\u00e9s dans le parc automobile couvert d\u2019une r\u00e9sidence. La <strong>police nationale<\/strong> enqu\u00eate.<\/p>\n<p class=\" wall-content\">L\u2019alerte a \u00e9t\u00e9 donn\u00e9e vers 21h30 au <strong>Sdis 34<\/strong>. Quelque quarante sapeurs-pompiers ont \u00e9t\u00e9 mobilis\u00e9s pour lutter contre cet incendie dans ce garage priv\u00e9 souterrain, situ\u00e9 au \u00a0niveau moins un d\u2019une r\u00e9sidence de trois \u00e9tages, au 53 de la rue Xavier Montrouzier, dans le quartier des Aiguerelles.<\/p>\n<p>    <a href=\"https:\/\/www.google.com\/maps\/embed?pb=!1m18!1m12!1m3!1d10027.366605083685!2d3.8891870906650863!3d43.59399969205826!2m3!1f0!2f0!3f0!3m2!1i1024!2i768!4f13.1!3m3!1m2!1s0x12b6af938fbd1191%3A0x53bd8e182b591001!2s53%20Rue%20Xavier%20Montrouzier%2C%2034070%20Montpellier!5e0!3m2!1sfr!2sfr!4v1750830113823!5m2!1sfr!2sfr\" title=\"Ouvrie le lien\" rel=\"nofollow noopener\" target=\"_blank\">Cliquez ici pour visualiser le contenu<\/a><\/p>\n<p class=\" wall-content\">En raison d\u2019un important d\u00e9gagement de fum\u00e9es, les trente locataires pr\u00e9sents dans les \u00e9tages ont \u00e9t\u00e9 \u00e9vacu\u00e9s, avant de pouvoir r\u00e9int\u00e9grer les appartements, lorsque le sinistre a \u00e9t\u00e9 ma\u00eetris\u00e9. Une <strong>enqu\u00eate<\/strong> est en cours au commissariat central de Montpellier pour d\u00e9terminer l\u2019origine de cet incendie.<\/p>\n<p class=\" wall-content\">La <strong>police technique et scientifique<\/strong> va effectuer des pr\u00e9l\u00e8vements, ce mercredi matin, pour isoler l\u2019endroit exact du d\u00e9part de feu sur une des voitures, avant que les flammes ne se propagent \u00e0 quatre autres.<\/p>\n<p>Vid\u00e9os : en ce moment sur Actu<\/p>\n<p class=\" wall-content\">Suivez toute l\u2019actualit\u00e9 de vos villes et m\u00e9dias favoris en vous inscrivant \u00e0 <a href=\"https:\/\/moncompte.actu.fr\" title=\"D\u00e9couvez Mon Actu\" rel=\"nofollow noopener\" data-trk=\"{&quot;cta&quot;:{&quot;action&quot;:&quot;https:\\\/\\\/moncompte.actu.fr&quot;,&quot;category&quot;:&quot;mon compte&quot;,&quot;from&quot;:&quot;article footer&quot;,&quot;name&quot;:&quot;Mon actu&quot;,&quot;type&quot;:&quot;cta&quot;}}\" target=\"_blank\">Mon Actu<\/a>.<\/p>\n","protected":false},"excerpt":{"rendered":"Par Jean-Marc Aubert Publi\u00e9 le 25 juin 2025 \u00e0 7h49 Cinq v\u00e9hicules, dont un \u00e9lectrique, ont \u00e9t\u00e9 d\u00e9truits&hellip;\n","protected":false},"author":2,"featured_media":202560,"comment_status":"","ping_status":"","sticky":false,"template":"","format":"standard","meta":{"footnotes":""},"categories":[9599],"tags":[1111,11,1777,674,118,1011,27,1310,2208,12,2680,1072,1311,25],"class_list":{"0":"post-202559","1":"post","2":"type-post","3":"status-publish","4":"format-standard","5":"has-post-thumbnail","7":"category-montpellier","8":"tag-actu","9":"tag-actualites","10":"tag-eu","11":"tag-europe","12":"tag-faits-divers","13":"tag-fr","14":"tag-france","15":"tag-incendie","16":"tag-montpellier","17":"tag-news","18":"tag-occitanie","19":"tag-police","20":"tag-pompiers","21":"tag-republique-francaise"},"share_on_mastodon":{"url":"https:\/\/pubeurope.com\/@fr\/114742564367118886","error":""},"_links":{"self":[{"href":"https:\/\/www.europesays.com\/fr\/wp-json\/wp\/v2\/posts\/202559","targetHints":{"allow":["GET"]}}],"collection":[{"href":"https:\/\/www.europesays.com\/fr\/wp-json\/wp\/v2\/posts"}],"about":[{"href":"https:\/\/www.europesays.com\/fr\/wp-json\/wp\/v2\/types\/post"}],"author":[{"embeddable":true,"href":"https:\/\/www.europesays.com\/fr\/wp-json\/wp\/v2\/users\/2"}],"replies":[{"embeddable":true,"href":"https:\/\/www.europesays.com\/fr\/wp-json\/wp\/v2\/comments?post=202559"}],"version-history":[{"count":0,"href":"https:\/\/www.europesays.com\/fr\/wp-json\/wp\/v2\/posts\/202559\/revisions"}],"wp:featuredmedia":[{"embeddable":true,"href":"https:\/\/www.europesays.com\/fr\/wp-json\/wp\/v2\/media\/202560"}],"wp:attachment":[{"href":"https:\/\/www.europesays.com\/fr\/wp-json\/wp\/v2\/media?parent=202559"}],"wp:term":[{"taxonomy":"category","embeddable":true,"href":"https:\/\/www.europesays.com\/fr\/wp-json\/wp\/v2\/categories?post=202559"},{"taxonomy":"post_tag","embeddable":true,"href":"https:\/\/www.europesays.com\/fr\/wp-json\/wp\/v2\/tags?post=202559"}],"curies":[{"name":"wp","href":"https:\/\/api.w.org\/{rel}","templated":true}]}}