{"id":202563,"date":"2025-06-25T06:23:18","date_gmt":"2025-06-25T06:23:18","guid":{"rendered":"https:\/\/www.europesays.com\/fr\/202563\/"},"modified":"2025-06-25T06:23:18","modified_gmt":"2025-06-25T06:23:18","slug":"nexira-obtient-le-label-best-managed-companies-de-deloitte","status":"publish","type":"post","link":"https:\/\/www.europesays.com\/fr\/202563\/","title":{"rendered":"Nexira obtient le label Best Managed Companies de Deloitte"},"content":{"rendered":"<p>                        <img decoding=\"async\" src=\"https:\/\/www.europesays.com\/fr\/wp-content\/uploads\/2025\/06\/Mathieu-Dondain-et-Olivier-Houalla.jpg\" title=\"Mathieu-Dondain-et-Olivier-Houalla\" alt=\"\" class=\"lazyload\" style=\"--smush-placeholder-width: 750px; --smush-placeholder-aspect-ratio: 750\/400;\"\/><\/p>\n<p>                                De gauche \u00e0 droite : Mathieu Dondain, vice-pr\u00e9sident de Nexira aux c\u00f4t\u00e9s d&rsquo;Olivier Houalla, directeur g\u00e9n\u00e9ral op\u00e9rations de Nexira                            <\/p>\n<p>\n                    Nexira, acteur de r\u00e9f\u00e9rence mondial dans les ingr\u00e9dients naturels d&rsquo;origine v\u00e9g\u00e9tale annonce \u00eatre l\u2019une des 28 soci\u00e9t\u00e9s fran\u00e7aises laur\u00e9ates du label 2025 d\u00e9cern\u00e9 par le programme Best Managed Companies de Deloitte France.                <\/p>\n<p>D\u00e9ploy\u00e9 en France pour la premi\u00e8re fois en 2021, le label \u00ab Best Managed Companies \u00bb a \u00e9t\u00e9 fond\u00e9 il y a plus de trente ans par Deloitte Canada. Le programme est d\u00e9sormais pr\u00e9sent dans plus de 46 pays, labellisant un total de 1 300 entreprises \u00e0 travers le monde, dont 28 en France cette ann\u00e9e. Les entreprises sont \u00e9valu\u00e9es sur la base de leur strat\u00e9gie long terme, de leur management des talents et de leur capacit\u00e9 d\u2019innovation, de leur culture d\u2019entreprise et leur engagement, ainsi que de leur gouvernance et de leur gestion financi\u00e8re. Ces crit\u00e8res permettent de mesurer d\u2019une part, les \u00e9l\u00e9ments diff\u00e9renciants de l\u2019entreprise et d\u2019autre part, sa capacit\u00e9 \u00e0 r\u00e9pondre aux d\u00e9fis actuels et futurs.<\/p>\n<p>Nexira fait partie des 28 soci\u00e9t\u00e9s fran\u00e7aises r\u00e9compens\u00e9es par le label Best Managed Companies pour l\u2019\u00e9dition 2025. \u00ab Pour cette quatri\u00e8me \u00e9dition en France, nous sommes ravis de compter la soci\u00e9t\u00e9 Nexira parmi les entreprises ayant re\u00e7u notre label d\u2019excellence Best Managed Companies \u00bb, indique Guillaume Detourmignies, Associ\u00e9 Deloitte en charge du programme Best Managed Companies.<\/p>\n<p>\u00ab Cette reconnaissance refl\u00e8te l\u2019engagement quotidien de nos \u00e9quipes et la coh\u00e9rence de notre strat\u00e9gie de d\u00e9veloppement. Depuis 130 ans, nous nous attachons \u00e0 construire des relations durables avec nos partenaires et \u00e0 anticiper les \u00e9volutions de nos march\u00e9s. Ce label nous conforte dans notre approche long terme et notre plan Ambitions 2030. \u00bb, indique Mathieu Dondain, vice-pr\u00e9sident de Nexira.<\/p>\n<p>\u00a0<\/p>\n<p>                                        <img decoding=\"async\" src=\"https:\/\/www.europesays.com\/fr\/wp-content\/uploads\/2025\/06\/Nexira-Acacia.jpg\" title=\"Nexira-Acacia\" alt=\"\" class=\"lazyload\" style=\"--smush-placeholder-width: 750px; --smush-placeholder-aspect-ratio: 750\/400;\"\/><\/p>\n<p>Fond\u00e9 en 1895, Nexira s\u2019engage depuis 130 ans \u00e0 fournir des ingr\u00e9dients v\u00e9g\u00e9taux naturels et biologiques de tr\u00e8s haute qualit\u00e9 aux industries agro-alimentaires, de la nutrition et de la sant\u00e9.<\/p>\n<p>Cette entreprise familiale ind\u00e9pendante a b\u00e2ti sa r\u00e9putation en tant que leader mondial de la fibre d\u2019acacia, avec une approche distinctive fond\u00e9e sur la ma\u00eetrise compl\u00e8te de ses fili\u00e8res d\u2019approvisionnement, gr\u00e2ce \u00e0 des partenariats solides avec ses fournisseurs, ses clients et autres acteurs.<\/p>\n<p>Le groupe, bas\u00e9 \u00e0 Rouen, emploie plus de 300 collaborateurs r\u00e9partis sur 6 sites de production et 8 filiales sur les cinq continents.<\/p>\n<p>Avec une pr\u00e9sence commerciale dans plus de 80 pays, Nexira r\u00e9alise 90% de son chiffre d\u2019affaires \u00e0 l\u2019international.<\/p>\n<p>Sa vaste gamme de produits comprend des ingr\u00e9dients nutritionnels, des antioxydants, des fibres alimentaires solubles et un grand nombre d\u2019extraits botaniques fonctionnels pour la nutrition et la sant\u00e9.<\/p>\n<p>\n                    <strong>Source<\/strong><br \/>\n                    : Communiqu\u00e9 Nexira                 <\/p>\n","protected":false},"excerpt":{"rendered":"De gauche \u00e0 droite : Mathieu Dondain, vice-pr\u00e9sident de Nexira aux c\u00f4t\u00e9s d&rsquo;Olivier Houalla, directeur g\u00e9n\u00e9ral op\u00e9rations de&hellip;\n","protected":false},"author":2,"featured_media":202564,"comment_status":"","ping_status":"","sticky":false,"template":"","format":"standard","meta":{"footnotes":""},"categories":[9587],"tags":[1111,11,34205,34206,1777,674,1011,27,12,34207,5161,25,9590],"class_list":{"0":"post-202563","1":"post","2":"type-post","3":"status-publish","4":"format-standard","5":"has-post-thumbnail","7":"category-rouen","8":"tag-actu","9":"tag-actualites","10":"tag-best-managed-companies","11":"tag-deloitte","12":"tag-eu","13":"tag-europe","14":"tag-fr","15":"tag-france","16":"tag-news","17":"tag-nexira","18":"tag-normandie","19":"tag-republique-francaise","20":"tag-rouen"},"share_on_mastodon":{"url":"https:\/\/pubeurope.com\/@fr\/114742572112264870","error":""},"_links":{"self":[{"href":"https:\/\/www.europesays.com\/fr\/wp-json\/wp\/v2\/posts\/202563","targetHints":{"allow":["GET"]}}],"collection":[{"href":"https:\/\/www.europesays.com\/fr\/wp-json\/wp\/v2\/posts"}],"about":[{"href":"https:\/\/www.europesays.com\/fr\/wp-json\/wp\/v2\/types\/post"}],"author":[{"embeddable":true,"href":"https:\/\/www.europesays.com\/fr\/wp-json\/wp\/v2\/users\/2"}],"replies":[{"embeddable":true,"href":"https:\/\/www.europesays.com\/fr\/wp-json\/wp\/v2\/comments?post=202563"}],"version-history":[{"count":0,"href":"https:\/\/www.europesays.com\/fr\/wp-json\/wp\/v2\/posts\/202563\/revisions"}],"wp:featuredmedia":[{"embeddable":true,"href":"https:\/\/www.europesays.com\/fr\/wp-json\/wp\/v2\/media\/202564"}],"wp:attachment":[{"href":"https:\/\/www.europesays.com\/fr\/wp-json\/wp\/v2\/media?parent=202563"}],"wp:term":[{"taxonomy":"category","embeddable":true,"href":"https:\/\/www.europesays.com\/fr\/wp-json\/wp\/v2\/categories?post=202563"},{"taxonomy":"post_tag","embeddable":true,"href":"https:\/\/www.europesays.com\/fr\/wp-json\/wp\/v2\/tags?post=202563"}],"curies":[{"name":"wp","href":"https:\/\/api.w.org\/{rel}","templated":true}]}}