{"id":202569,"date":"2025-06-25T06:28:11","date_gmt":"2025-06-25T06:28:11","guid":{"rendered":"https:\/\/www.europesays.com\/fr\/202569\/"},"modified":"2025-06-25T06:28:11","modified_gmt":"2025-06-25T06:28:11","slug":"850-euros-pour-devenir-kine-a-brest-30-000-a-rennes","status":"publish","type":"post","link":"https:\/\/www.europesays.com\/fr\/202569\/","title":{"rendered":"850 euros pour devenir kin\u00e9 \u00e0 Brest, 30 000 \u00e0 Rennes !"},"content":{"rendered":"<p><img decoding=\"async\" class=\"\" style=\"width:100%\" src=\"https:\/\/www.europesays.com\/fr\/wp-content\/uploads\/2025\/06\/studies_921885_12801750829586903.jpg\" alt=\"Etudes de kin\u00e9\"\/>850 euros la formation pour devenir kin\u00e9 \u00e0 Brest, 30 000 euros \u00e0 Rennes : les \u00e9tudiants kin\u00e9s d\u00e9noncent l&rsquo;in\u00e9galit\u00e9 du co\u00fbt des \u00e9tudes. Une in\u00e9galit\u00e9 qui n&rsquo;est pas sans cons\u00e9quences : dans un rapport qu&rsquo;elles viennent d&rsquo;\u00eatre publier, les organisations \u00e9tudiantes pointent une d\u00e9gradation des conditions de vie des futurs kin\u00e9s. <\/p>\n<p>Il faut pr\u00e9ciser que certaines \u00e9coles sont publiques, avec des frais r\u00e9duits, comme \u00e0 Brest, alors que d&rsquo;autres \u00e9coles sont priv\u00e9es, et les frais sont multipli\u00e9s par 20 ou 30, comme \u00e0 Rennes. Probl\u00e8me : les \u00e9l\u00e8ves n&rsquo;ont pas le choix, ils sont r\u00e9partis entre les diff\u00e9rentes \u00e9coles apr\u00e8s le concours commun aux \u00e9tudes de sant\u00e9. Une injustice qui vient menacer la r\u00e9ussite des \u00e9tudiants.<\/p>\n<blockquote><p>\n\u00ab\u00a0Les \u00e9tudiants sont pr\u00e9caris\u00e9s avec ces frais de scolarit\u00e9 exorbitants\u00a0\u00bb\n<\/p><\/blockquote>\n<p>Pour Elise Bardoult, \u00e9l\u00e8ve en 2\u00e8me ann\u00e9e \u00e0 l&rsquo;Institut de formation de Rennes, et pr\u00e9sidente de l&rsquo;association \u00e9tudiante DRAKARE : \u00e0 Rennes \u00ab\u00a086% des \u00e9tudiants doivent travailler \u00e0 c\u00f4t\u00e9 de leurs \u00e9tudes. C&rsquo;est \u00e9norme. On travaille en m\u00eame temps que notre formation, donc forc\u00e9ment on met moins de temps dans notre formation. Et on a aussi peur du redoublement qui nous am\u00e8nerait \u00e0 payer une ann\u00e9e suppl\u00e9mentaire. C&rsquo;est une pression constante. Il faut travailler, on n&rsquo;a pas assez d&rsquo;argent pour boucler les fins de mois. Les \u00e9tudiants sont pr\u00e9caris\u00e9s avec ces frais de scolarit\u00e9 exorbitants.\u00a0\u00bb<\/p>\n<p> Elise Bardoult, \u00e9l\u00e8ve \u00e0 l&rsquo;Institut de formation de Rennes Elise Bardoult, \u00e9l\u00e8ve \u00e0 l&rsquo;Institut de formation de Rennes<\/p>\n<p>Cr\u00e9dit : Yann Launay<\/p>\n<p>L&rsquo;\u00e9tude montre que les \u00e9tudiants en institut priv\u00e9 sont fortement endett\u00e9s, et beaucoup vivent des difficult\u00e9s financi\u00e8res quotidiennes. Jusqu&rsquo;\u00e0 impacter leur sant\u00e9, comme le montre le rapport : \u00ab\u00a037% consid\u00e8rent que leur sant\u00e9 mentale s&rsquo;est d\u00e9grad\u00e9e en arrivant en \u00e9tudes de kin\u00e9. C&rsquo;est pas normal, on doit s&rsquo;\u00e9panouir dans les \u00e9tudes et l\u00e0, ce n&rsquo;est pas le cas parce qu&rsquo;on a toujours cette pression au-dessus de nous et on ne devrait pas s&rsquo;en pr\u00e9occuper autant.<strong> Un \u00e9tudiant sur trois ne va pas aller chez le m\u00e9decin lorsqu&rsquo;il est malade parce qu il faut avancer des frais<\/strong>.<\/p>\n<blockquote><p>\n\u00ab\u00a0On va manquer de kin\u00e9s plus tard\u00a0\u00bb\n<\/p><\/blockquote>\n<p>Certains ne peuvent pas se permettre d&rsquo;avancer 30 euros pour aller chez le m\u00e9decin. Ces frais de scolarit\u00e9 vont faire que les \u00e9tudiants vont arr\u00eater leurs \u00e9tudes parce que c&rsquo;est trop cher, et on va manquer de kin\u00e9 plus tard. La solution serait de nous aider parce qu&rsquo;on est un peu \u00e0 bout de souffle.\u00a0\u00bb<\/p>\n<p> Elise Bardoult, \u00e9l\u00e8ve \u00e0 l&rsquo;Institut de formation de Rennes Elise Bardoult, \u00e9l\u00e8ve \u00e0 l&rsquo;Institut de formation de Rennes <\/p>\n<p>Les \u00e9tudiants d\u00e9noncent aussi le nombre trop faible de boursiers. Pour Elise, les crit\u00e8res d&rsquo;attribution sont en d\u00e9calage avec la r\u00e9alit\u00e9 : \u00ab\u00a0le syst\u00e8me des bourses de mani\u00e8re g\u00e9n\u00e9rale doit \u00eatre r\u00e9form\u00e9, c&rsquo;est-\u00e0-dire qu&rsquo;on prend en compte le revenu des parents mais qui dit que les parents peuvent donner cet argent et peuvent participer aux frais. <\/p>\n<blockquote><p>\n\u00ab\u00a0Il faut prendre en compte l&rsquo;argent de l&rsquo;\u00e9tudiant et pas celui des parents.\u00a0\u00bb\n<\/p><\/blockquote>\n<p>En kin\u00e9sith\u00e9rapie, les boursiers sont g\u00e9r\u00e9s par la r\u00e9gion, alors que dans presque toutes les autres \u00e9tudes, ils sont g\u00e9r\u00e9 par le CROUS. En fait, on demande un transfert de cette gestion pour \u00eatre comme tous les autres \u00e9tudiants, et pour que les d\u00e9marches soient facilit\u00e9es. C&rsquo;est un syst\u00e8me qu&rsquo;il faut r\u00e9former parce qu&rsquo;il n&rsquo;est pas juste, il faut prendre en compte l&rsquo;argent qu&rsquo;a r\u00e9ellement l&rsquo;\u00e9tudiant et non pas celui des parents.\u00a0\u00bb<\/p>\n<p> Elise Bardoult, \u00e9l\u00e8ve \u00e0 l&rsquo;Institut de formation de Rennes Elise Bardoult, \u00e9l\u00e8ve \u00e0 l&rsquo;Institut de formation de Rennes <\/p>\n<p>En 2023, le minist\u00e8re de la Sant\u00e9 avait promis de s&rsquo;attaquer \u00e0 ces in\u00e9galit\u00e9s dans le co\u00fbt des \u00e9tudes, mais aucune solution n&rsquo;a vu le jour. Les associations \u00e9tudiantes demandent l&rsquo;int\u00e9gration des formations kin\u00e9 \u00e0 leur universit\u00e9 de rattachement.<\/p>\n","protected":false},"excerpt":{"rendered":"850 euros la formation pour devenir kin\u00e9 \u00e0 Brest, 30 000 euros \u00e0 Rennes : les \u00e9tudiants kin\u00e9s&hellip;\n","protected":false},"author":2,"featured_media":202570,"comment_status":"","ping_status":"","sticky":false,"template":"","format":"standard","meta":{"footnotes":""},"categories":[2821],"tags":[1111,11,3450,829,1777,674,1011,27,34208,12,584,25],"class_list":{"0":"post-202569","1":"post","2":"type-post","3":"status-publish","4":"format-standard","5":"has-post-thumbnail","7":"category-rennes","8":"tag-actu","9":"tag-actualites","10":"tag-brest","11":"tag-bretagne","12":"tag-eu","13":"tag-europe","14":"tag-fr","15":"tag-france","16":"tag-kines","17":"tag-news","18":"tag-rennes","19":"tag-republique-francaise"},"share_on_mastodon":{"url":"https:\/\/pubeurope.com\/@fr\/114742591728518712","error":""},"_links":{"self":[{"href":"https:\/\/www.europesays.com\/fr\/wp-json\/wp\/v2\/posts\/202569","targetHints":{"allow":["GET"]}}],"collection":[{"href":"https:\/\/www.europesays.com\/fr\/wp-json\/wp\/v2\/posts"}],"about":[{"href":"https:\/\/www.europesays.com\/fr\/wp-json\/wp\/v2\/types\/post"}],"author":[{"embeddable":true,"href":"https:\/\/www.europesays.com\/fr\/wp-json\/wp\/v2\/users\/2"}],"replies":[{"embeddable":true,"href":"https:\/\/www.europesays.com\/fr\/wp-json\/wp\/v2\/comments?post=202569"}],"version-history":[{"count":0,"href":"https:\/\/www.europesays.com\/fr\/wp-json\/wp\/v2\/posts\/202569\/revisions"}],"wp:featuredmedia":[{"embeddable":true,"href":"https:\/\/www.europesays.com\/fr\/wp-json\/wp\/v2\/media\/202570"}],"wp:attachment":[{"href":"https:\/\/www.europesays.com\/fr\/wp-json\/wp\/v2\/media?parent=202569"}],"wp:term":[{"taxonomy":"category","embeddable":true,"href":"https:\/\/www.europesays.com\/fr\/wp-json\/wp\/v2\/categories?post=202569"},{"taxonomy":"post_tag","embeddable":true,"href":"https:\/\/www.europesays.com\/fr\/wp-json\/wp\/v2\/tags?post=202569"}],"curies":[{"name":"wp","href":"https:\/\/api.w.org\/{rel}","templated":true}]}}