{"id":202571,"date":"2025-06-25T06:29:09","date_gmt":"2025-06-25T06:29:09","guid":{"rendered":"https:\/\/www.europesays.com\/fr\/202571\/"},"modified":"2025-06-25T06:29:09","modified_gmt":"2025-06-25T06:29:09","slug":"une-voiture-fait-plusieurs-tonneaux-un-jeune-homme-decede","status":"publish","type":"post","link":"https:\/\/www.europesays.com\/fr\/202571\/","title":{"rendered":"une voiture fait plusieurs tonneaux, un jeune homme d\u00e9c\u00e8de"},"content":{"rendered":"<p>            Par<br \/>\n        <strong><br \/>\n            <a href=\"https:\/\/actu.fr\/auteur\/laurene-fertin\" title=\"Consulter tous les articles de Laur\u00e8ne Fertin\" rel=\"nofollow noopener\" target=\"_blank\">Laur\u00e8ne Fertin<\/a><br \/>\n        <\/strong><\/p>\n<p>        Publi\u00e9 le<\/p>\n<p>            25 juin 2025 \u00e0 8h21        <\/p>\n<p>Les sapeurs-pompiers sont intervenus \u00e0 22h, mardi 24\u00a0juin 2025, dans la commune de <strong>Vern-sur-Seiche<\/strong>, pr\u00e8s de Rennes, apr\u00e8s <strong>un accident de la route<\/strong>.<\/p>\n<p class=\" wall-content\">Selon le centre op\u00e9rationnel d\u00e9partemental d\u2019incendie et de secours (Codis), <strong>un jeune homme de 29\u00a0ans<\/strong>, conducteur du v\u00e9hicule, a r\u00e9alis\u00e9 <strong>plusieurs tonneaux rue de Nouvoitou.<\/strong><\/p>\n<p>    <a href=\"https:\/\/www.google.com\/maps\/embed?pb=!1m18!1m12!1m3!1d2413.6778071371414!2d-1.5942459240876132!3d48.04845905736187!2m3!1f0!2f0!3f0!3m2!1i1024!2i768!4f13.1!3m3!1m2!1s0x480f274767252cf1%3A0xa9bbbaaea0f9b1ae!2sRue%20de%20Nouvoitou!5e1!3m2!1sfr!2sfr!4v1750832056938!5m2!1sfr!2sfr\" title=\"Ouvrie le lien\" rel=\"nofollow noopener\" target=\"_blank\">Cliquez ici pour visualiser le contenu<\/a><\/p>\n<p>D\u00e9sincarc\u00e9ration<\/p>\n<p class=\" wall-content\">Ce dernier a d\u00fb \u00eatre <strong>d\u00e9sincarc\u00e9r\u00e9<\/strong> de la voiture par les sapeurs-pompiers qui \u00e9taient au nombre de 13 au plus fort de l\u2019intervention.<\/p>\n<p class=\" wall-content\">Malgr\u00e9 l\u2019intervention des secours, <strong>le jeune homme de 29\u00a0ans a perdu la vie<\/strong>.<\/p>\n<p>Vid\u00e9os : en ce moment sur Actu<\/p>\n<p class=\" wall-content\">Suivez toute l\u2019actualit\u00e9 de vos villes et m\u00e9dias favoris en vous inscrivant \u00e0 <a href=\"https:\/\/moncompte.actu.fr\" title=\"D\u00e9couvez Mon Actu\" rel=\"nofollow noopener\" data-trk=\"{&quot;cta&quot;:{&quot;action&quot;:&quot;https:\\\/\\\/moncompte.actu.fr&quot;,&quot;category&quot;:&quot;mon compte&quot;,&quot;from&quot;:&quot;article footer&quot;,&quot;name&quot;:&quot;Mon actu&quot;,&quot;type&quot;:&quot;cta&quot;}}\" target=\"_blank\">Mon Actu<\/a>.<\/p>\n","protected":false},"excerpt":{"rendered":"Par Laur\u00e8ne Fertin Publi\u00e9 le 25 juin 2025 \u00e0 8h21 Les sapeurs-pompiers sont intervenus \u00e0 22h, mardi 24\u00a0juin&hellip;\n","protected":false},"author":2,"featured_media":202572,"comment_status":"","ping_status":"","sticky":false,"template":"","format":"standard","meta":{"footnotes":""},"categories":[2821],"tags":[119,1111,11,829,1777,674,118,1011,27,12,1311,584,25],"class_list":{"0":"post-202571","1":"post","2":"type-post","3":"status-publish","4":"format-standard","5":"has-post-thumbnail","7":"category-rennes","8":"tag-accident","9":"tag-actu","10":"tag-actualites","11":"tag-bretagne","12":"tag-eu","13":"tag-europe","14":"tag-faits-divers","15":"tag-fr","16":"tag-france","17":"tag-news","18":"tag-pompiers","19":"tag-rennes","20":"tag-republique-francaise"},"share_on_mastodon":{"url":"https:\/\/pubeurope.com\/@fr\/114742595676145476","error":""},"_links":{"self":[{"href":"https:\/\/www.europesays.com\/fr\/wp-json\/wp\/v2\/posts\/202571","targetHints":{"allow":["GET"]}}],"collection":[{"href":"https:\/\/www.europesays.com\/fr\/wp-json\/wp\/v2\/posts"}],"about":[{"href":"https:\/\/www.europesays.com\/fr\/wp-json\/wp\/v2\/types\/post"}],"author":[{"embeddable":true,"href":"https:\/\/www.europesays.com\/fr\/wp-json\/wp\/v2\/users\/2"}],"replies":[{"embeddable":true,"href":"https:\/\/www.europesays.com\/fr\/wp-json\/wp\/v2\/comments?post=202571"}],"version-history":[{"count":0,"href":"https:\/\/www.europesays.com\/fr\/wp-json\/wp\/v2\/posts\/202571\/revisions"}],"wp:featuredmedia":[{"embeddable":true,"href":"https:\/\/www.europesays.com\/fr\/wp-json\/wp\/v2\/media\/202572"}],"wp:attachment":[{"href":"https:\/\/www.europesays.com\/fr\/wp-json\/wp\/v2\/media?parent=202571"}],"wp:term":[{"taxonomy":"category","embeddable":true,"href":"https:\/\/www.europesays.com\/fr\/wp-json\/wp\/v2\/categories?post=202571"},{"taxonomy":"post_tag","embeddable":true,"href":"https:\/\/www.europesays.com\/fr\/wp-json\/wp\/v2\/tags?post=202571"}],"curies":[{"name":"wp","href":"https:\/\/api.w.org\/{rel}","templated":true}]}}