{"id":202573,"date":"2025-06-25T06:30:12","date_gmt":"2025-06-25T06:30:12","guid":{"rendered":"https:\/\/www.europesays.com\/fr\/202573\/"},"modified":"2025-06-25T06:30:12","modified_gmt":"2025-06-25T06:30:12","slug":"illkirch-graffenstaden-musique-danse-et-feux-dartifice-aux-fetes-de-lill","status":"publish","type":"post","link":"https:\/\/www.europesays.com\/fr\/202573\/","title":{"rendered":"Illkirch-Graffenstaden. Musique, danse et feux d\u2019artifice aux F\u00eates de l\u2019Ill"},"content":{"rendered":"<p>Temps fort de la Symphonie des beaux jours, programmation estivale de la ville d\u2019Illkirch-Graffenstaden, les F\u00eates de l\u2019Ill auront lieu les vendredi\u00a04 et samedi 5\u00a0juillet. Au programme\u00a0: musique et spectacles pyrotechniques.<\/p>\n<p>Le cours de l\u2019Illiade accueillera cette f\u00eate populaire qui d\u00e9bute invariablement par des sc\u00e8nes ouvertes aux associations locales, lesquelles peaufinent leur show. Une animation mur digital s\u00e9duira les enfants, ainsi qu\u2019un ou deux man\u00e8ges, ce qui laissera tout loisir pour danser, profiter de la buvette et des stands de restauration tenus par l\u2019Apavig, l\u2019association pour l\u2019animation de la ville.<\/p>\n<p>Dans les jardins de l\u2019Illiade, place au concert du soir d\u00e8s 21 heures\u00a0: le groupe pop strasbourgeois Redlight Dreams sera en sc\u00e8ne le vendredi. Le samedi soir, place \u00e0 Coldplayed, autoproclam\u00e9 \u00ab\u00a0the finest tribute to Coldplay\u00a0\u00bb, autrement dit le plus bel hommage au groupe de rock de Chris Martin et Jonny Buckland. Ce tribute band tourne dans toute la France depuis plus de dix ans.<\/p>\n<p>Vers 22\u00a0h\u00a045, un feu d\u2019artifice (les deux soirs), chaque ann\u00e9e \u00e9blouissant, sera le point culminant de la f\u00eate. Les f\u00eatards pourront danser jusqu\u2019\u00e0 minuit sur la musique distill\u00e9e par un DJ. La programmation est soumise aux al\u00e9as m\u00e9t\u00e9orologiques.<\/p>\n","protected":false},"excerpt":{"rendered":"Temps fort de la Symphonie des beaux jours, programmation estivale de la ville d\u2019Illkirch-Graffenstaden, les F\u00eates de l\u2019Ill&hellip;\n","protected":false},"author":2,"featured_media":202574,"comment_status":"","ping_status":"","sticky":false,"template":"","format":"standard","meta":{"footnotes":""},"categories":[2820],"tags":[1111,11,1687,27337,1777,674,3326,1011,27,775,3088,12,25,640,3089],"class_list":{"0":"post-202573","1":"post","2":"type-post","3":"status-publish","4":"format-standard","5":"has-post-thumbnail","7":"category-strasbourg","8":"tag-actu","9":"tag-actualites","10":"tag-culture-loisirs","11":"tag-estivales","12":"tag-eu","13":"tag-europe","14":"tag-fete-locale","15":"tag-fr","16":"tag-france","17":"tag-grand-est","18":"tag-illkirch-graffenstaden","19":"tag-news","20":"tag-republique-francaise","21":"tag-strasbourg","22":"tag-strasbourg-sud"},"share_on_mastodon":{"url":"https:\/\/pubeurope.com\/@fr\/114742599591511677","error":""},"_links":{"self":[{"href":"https:\/\/www.europesays.com\/fr\/wp-json\/wp\/v2\/posts\/202573","targetHints":{"allow":["GET"]}}],"collection":[{"href":"https:\/\/www.europesays.com\/fr\/wp-json\/wp\/v2\/posts"}],"about":[{"href":"https:\/\/www.europesays.com\/fr\/wp-json\/wp\/v2\/types\/post"}],"author":[{"embeddable":true,"href":"https:\/\/www.europesays.com\/fr\/wp-json\/wp\/v2\/users\/2"}],"replies":[{"embeddable":true,"href":"https:\/\/www.europesays.com\/fr\/wp-json\/wp\/v2\/comments?post=202573"}],"version-history":[{"count":0,"href":"https:\/\/www.europesays.com\/fr\/wp-json\/wp\/v2\/posts\/202573\/revisions"}],"wp:featuredmedia":[{"embeddable":true,"href":"https:\/\/www.europesays.com\/fr\/wp-json\/wp\/v2\/media\/202574"}],"wp:attachment":[{"href":"https:\/\/www.europesays.com\/fr\/wp-json\/wp\/v2\/media?parent=202573"}],"wp:term":[{"taxonomy":"category","embeddable":true,"href":"https:\/\/www.europesays.com\/fr\/wp-json\/wp\/v2\/categories?post=202573"},{"taxonomy":"post_tag","embeddable":true,"href":"https:\/\/www.europesays.com\/fr\/wp-json\/wp\/v2\/tags?post=202573"}],"curies":[{"name":"wp","href":"https:\/\/api.w.org\/{rel}","templated":true}]}}