{"id":202577,"date":"2025-06-25T06:32:13","date_gmt":"2025-06-25T06:32:13","guid":{"rendered":"https:\/\/www.europesays.com\/fr\/202577\/"},"modified":"2025-06-25T06:32:13","modified_gmt":"2025-06-25T06:32:13","slug":"marche-annule-du-parking-vauban-a-nice-une-seconde-elue-dopposition-saisit-a-son-tour-le-procureur-de-la-republique","status":"publish","type":"post","link":"https:\/\/www.europesays.com\/fr\/202577\/","title":{"rendered":"March\u00e9 annul\u00e9 du parking Vauban \u00e0 Nice: une seconde \u00e9lue d&rsquo;opposition saisit \u00e0 son tour le procureur de la R\u00e9publique"},"content":{"rendered":"<p><strong><a href=\"https:\/\/www.nicematin.com\/politique\/apres-l-affaire-jeanne-d-arc-celle-du-parking-vauban-la-prefecture-retoque-un-autre-marche-de-la-regie-parcs-d-azur-a-nice-990876\" rel=\"nofollow noopener\" target=\"_blank\">Stopp\u00e9 par la pr\u00e9fecture<\/a>, le chantier de construction du futur parking Vauban est \u00e0 l\u2019arr\u00eat.<\/strong> Pour reprendre les travaux, la r\u00e9gie m\u00e9tropolitaine des Parcs d\u2019Azur (RPA) va devoir relancer une proc\u00e9dure de consultation. Les services de l\u2019\u00c9tat ont en effet \u00e9mis des doutes sur la r\u00e9gularit\u00e9 de celle qui avait conduit \u00e0 octroyer le gros \u0153uvre au groupement Fayat pour <strong>7,58 millions d\u2019euros<\/strong>. Ce march\u00e9 \u00e9tait, selon la pr\u00e9fecture, entach\u00e9 \u00ab\u00a0d\u2019irr\u00e9gularit\u00e9s substantielles\u00a0\u00bb. Sans attendre que la justice administrative ne se prononce RPA a pr\u00e9f\u00e9r\u00e9 annuler le march\u00e9. Son pr\u00e9sident, <a href=\"https:\/\/www.nicematin.com\/justice\/marche-du-parking-vauban-annule-on-a-fait-une-erreur-reconnait-un-adjoint-du-maire-de-nice-990888\" rel=\"nofollow noopener\" target=\"_blank\">Ga\u00ebl Nofri, reconnaissant que la r\u00e9gie avait suivi la mauvaise proc\u00e9dure de commande publique.<\/a><\/p>\n<p>\u00a0<\/p>\n<p>Mais l\u2019histoire pourrait ne pas \u00eatre finie. Du moins sur le plan judiciaire. Si l\u2019annulation du march\u00e9 par la r\u00e9gie m\u00e9tropolitaine a rendu caduque <strong>la saisine du tribunal administratif, ce pourrait d\u00e9sormais \u00eatre \u00e0 la justice p\u00e9nale d\u2019avoir \u00e0 se pencher sur le dossier<\/strong>. <a href=\"https:\/\/www.nicematin.com\/justice\/affaire-du-parking-vauban-de-nice-un-opposant-saisit-le-procureur-de-la-republique-et-demande-la-tete-de-l-adjoint-de-christian-estrosi-en-charge-du-dossier-991159\" rel=\"nofollow noopener\" target=\"_blank\">L\u2019\u00e9lu \u00e9cologiste <strong>Jean-Christophe Picard<\/strong> a en effet d\u00e9gain\u00e9 l\u2019article 40<\/a> pour adresser un signalement au procureur de la R\u00e9publique de Nice. Il n\u2019est pas le seul. La conseill\u00e8re municipale d\u2019opposition<strong> Ga\u00eblle Frontoni, proche d\u2019Eric Ciotti<\/strong>, d\u00e9put\u00e9 et pr\u00e9sident de l\u2019Union des Droites pour la R\u00e9publique, a fait de m\u00eame. L\u2019avocat de cette \u00e9lue qui si\u00e8ge \u00e9galement dans la majorit\u00e9 d\u00e9partementale, Herv\u00e9 de Surville, explique cette d\u00e9marche \u00ab\u00a0du fait de soup\u00e7ons d\u2019irr\u00e9gularit\u00e9s administratives et d\u2019ill\u00e9galit\u00e9s p\u00e9nales\u00a0\u00bb.<\/p>\n","protected":false},"excerpt":{"rendered":"Stopp\u00e9 par la pr\u00e9fecture, le chantier de construction du futur parking Vauban est \u00e0 l\u2019arr\u00eat. Pour reprendre les&hellip;\n","protected":false},"author":2,"featured_media":202578,"comment_status":"","ping_status":"","sticky":false,"template":"","format":"standard","meta":{"footnotes":""},"categories":[2819],"tags":[1111,11,1777,674,1011,27,303,12,2401,316,882,25],"class_list":{"0":"post-202577","1":"post","2":"type-post","3":"status-publish","4":"format-standard","5":"has-post-thumbnail","7":"category-nice","8":"tag-actu","9":"tag-actualites","10":"tag-eu","11":"tag-europe","12":"tag-fr","13":"tag-france","14":"tag-justice","15":"tag-news","16":"tag-nice","17":"tag-politique","18":"tag-provence-alpes-cote-dazur","19":"tag-republique-francaise"},"share_on_mastodon":{"url":"https:\/\/pubeurope.com\/@fr\/114742607593765998","error":""},"_links":{"self":[{"href":"https:\/\/www.europesays.com\/fr\/wp-json\/wp\/v2\/posts\/202577","targetHints":{"allow":["GET"]}}],"collection":[{"href":"https:\/\/www.europesays.com\/fr\/wp-json\/wp\/v2\/posts"}],"about":[{"href":"https:\/\/www.europesays.com\/fr\/wp-json\/wp\/v2\/types\/post"}],"author":[{"embeddable":true,"href":"https:\/\/www.europesays.com\/fr\/wp-json\/wp\/v2\/users\/2"}],"replies":[{"embeddable":true,"href":"https:\/\/www.europesays.com\/fr\/wp-json\/wp\/v2\/comments?post=202577"}],"version-history":[{"count":0,"href":"https:\/\/www.europesays.com\/fr\/wp-json\/wp\/v2\/posts\/202577\/revisions"}],"wp:featuredmedia":[{"embeddable":true,"href":"https:\/\/www.europesays.com\/fr\/wp-json\/wp\/v2\/media\/202578"}],"wp:attachment":[{"href":"https:\/\/www.europesays.com\/fr\/wp-json\/wp\/v2\/media?parent=202577"}],"wp:term":[{"taxonomy":"category","embeddable":true,"href":"https:\/\/www.europesays.com\/fr\/wp-json\/wp\/v2\/categories?post=202577"},{"taxonomy":"post_tag","embeddable":true,"href":"https:\/\/www.europesays.com\/fr\/wp-json\/wp\/v2\/tags?post=202577"}],"curies":[{"name":"wp","href":"https:\/\/api.w.org\/{rel}","templated":true}]}}