{"id":202581,"date":"2025-06-25T06:34:41","date_gmt":"2025-06-25T06:34:41","guid":{"rendered":"https:\/\/www.europesays.com\/fr\/202581\/"},"modified":"2025-06-25T06:34:41","modified_gmt":"2025-06-25T06:34:41","slug":"au-nord-de-nantes-la-plateforme-logistique-retoquee-par-la-justice-administrative","status":"publish","type":"post","link":"https:\/\/www.europesays.com\/fr\/202581\/","title":{"rendered":"Au nord de Nantes, la plateforme logistique retoqu\u00e9e par la justice administrative"},"content":{"rendered":"<p>RIIPM. Les cinq initiales de la raison imp\u00e9rative d\u2019int\u00e9r\u00eat public majeur ont-elles sign\u00e9 l\u2019arr\u00eat de mort du projet de plateforme logistique de la Zac de l\u2019\u00c9rette-Grand\u2019Haie, \u00e0 H\u00e9ric\u00a0? Ce projet de hangars de stockage de 3,6\u00a0ha, port\u00e9 par le promoteur Soreprim, a connu un s\u00e9rieux coup d\u2019arr\u00eat devant le tribunal administratif de Nantes.<\/p>\n<p>La premi\u00e8re chambre a annul\u00e9 la d\u00e9rogation esp\u00e8ces prot\u00e9g\u00e9es accord\u00e9e le\u00a017\u00a0septembre 2021 par le pr\u00e9fet de la Loire-Atlantique, indispensable au lancement du chantier. Elle estime que le projet, contest\u00e9 par la Ligue de protection des oiseaux, ne pr\u00e9sente pas l\u2019int\u00e9r\u00eat public majeur exig\u00e9. Or, c\u2019\u00e9tait la condition indispensable pour d\u00e9roger \u00e0 l\u2019interdiction de porter atteinte aux quatorze esp\u00e8ces prot\u00e9g\u00e9es recens\u00e9es ou de d\u00e9truire 430\u00a0m de haies et 7,7\u00a0ha\u00a0de prairies temporaires.<\/p>\n<p>Une ambition priv\u00e9e, pas territoriale<\/p>\n<p>La communaut\u00e9 de communes Erdre et Gesvres (CCEG), favorable au projet, assurait avoir <strong>\u00ab\u00a0ouvert cet\u00a0espace \u00e0 l\u2019urbanisation afin de ne pas impacter d\u2019espaces naturels et agricoles\u00a0\u00bb.<\/strong> Les juges n\u2019y voient que <strong>\u00ab\u00a0l\u2019ambition de\u00a0d\u00e9veloppement de l\u2019activit\u00e9 de pompes \u00e0 chaleur\u00a0\u00bb<\/strong> d\u2019une entreprise (le groupe Vaillant), dont l\u2019<strong>\u00ab\u00a0installation sur le site n\u2019est pas\u00a0d\u00e9finitivement confirm\u00e9e\u00a0\u00bb.<\/strong> Et aucunement <strong>\u00ab\u00a0des pr\u00e9occupations d\u2019am\u00e9nagement du territoire, de revitalisation d\u2019un secteur en d\u00e9clin, de r\u00e9\u00e9quilibrage territorial ou de cr\u00e9ation d\u2019une fili\u00e8re industrielle d\u2019importance r\u00e9gionale ou nationale\u00a0\u00bb,<\/strong> qui auraient, elles, pu r\u00e9pondre \u00e0 une raison imp\u00e9rative d\u2019int\u00e9r\u00eat public majeur.<\/p>\n<p>La CCEG et Soreprim invoquaient <strong>\u00ab\u00a0la cr\u00e9ation d\u2019environ 120\u00a0emplois directs\u00a0\u00bb<\/strong>. Mais le tribunal leur oppose que <strong>\u00ab\u00a0les communes concern\u00e9es de Grandchamp-des-Fontaines et H\u00e9ric pr\u00e9sentent\u00a0un taux de ch\u00f4mage inf\u00e9rieur \u00e0 la moyenne nationale. D\u00e8s lors, cette cr\u00e9ation d\u2019emplois attendue ne suffit pas \u00e0 caract\u00e9riser\u00a0\u00bb <\/strong>un int\u00e9r\u00eat public majeur. La d\u00e9cision est susceptible d\u2019appel dans un d\u00e9lai de deux mois.<\/p>\n<p>\u00a0<\/p>\n","protected":false},"excerpt":{"rendered":"RIIPM. Les cinq initiales de la raison imp\u00e9rative d\u2019int\u00e9r\u00eat public majeur ont-elles sign\u00e9 l\u2019arr\u00eat de mort du projet&hellip;\n","protected":false},"author":2,"featured_media":202582,"comment_status":"","ping_status":"","sticky":false,"template":"","format":"standard","meta":{"footnotes":""},"categories":[2818],"tags":[1111,11,6639,1777,674,1011,27,303,2726,766,12,1308,2636,18931,25,34209,3272],"class_list":{"0":"post-202581","1":"post","2":"type-post","3":"status-publish","4":"format-standard","5":"has-post-thumbnail","7":"category-nantes","8":"tag-actu","9":"tag-actualites","10":"tag-administrative","11":"tag-eu","12":"tag-europe","13":"tag-fr","14":"tag-france","15":"tag-justice","16":"tag-logistique","17":"tag-nantes","18":"tag-news","19":"tag-nord","20":"tag-pays-de-la-loire","21":"tag-plateforme","22":"tag-republique-francaise","23":"tag-retoquee","24":"tag-saint-nazaire"},"share_on_mastodon":{"url":"https:\/\/pubeurope.com\/@fr\/114742615955193619","error":""},"_links":{"self":[{"href":"https:\/\/www.europesays.com\/fr\/wp-json\/wp\/v2\/posts\/202581","targetHints":{"allow":["GET"]}}],"collection":[{"href":"https:\/\/www.europesays.com\/fr\/wp-json\/wp\/v2\/posts"}],"about":[{"href":"https:\/\/www.europesays.com\/fr\/wp-json\/wp\/v2\/types\/post"}],"author":[{"embeddable":true,"href":"https:\/\/www.europesays.com\/fr\/wp-json\/wp\/v2\/users\/2"}],"replies":[{"embeddable":true,"href":"https:\/\/www.europesays.com\/fr\/wp-json\/wp\/v2\/comments?post=202581"}],"version-history":[{"count":0,"href":"https:\/\/www.europesays.com\/fr\/wp-json\/wp\/v2\/posts\/202581\/revisions"}],"wp:featuredmedia":[{"embeddable":true,"href":"https:\/\/www.europesays.com\/fr\/wp-json\/wp\/v2\/media\/202582"}],"wp:attachment":[{"href":"https:\/\/www.europesays.com\/fr\/wp-json\/wp\/v2\/media?parent=202581"}],"wp:term":[{"taxonomy":"category","embeddable":true,"href":"https:\/\/www.europesays.com\/fr\/wp-json\/wp\/v2\/categories?post=202581"},{"taxonomy":"post_tag","embeddable":true,"href":"https:\/\/www.europesays.com\/fr\/wp-json\/wp\/v2\/tags?post=202581"}],"curies":[{"name":"wp","href":"https:\/\/api.w.org\/{rel}","templated":true}]}}