{"id":202584,"date":"2025-06-25T06:36:23","date_gmt":"2025-06-25T06:36:23","guid":{"rendered":"https:\/\/www.europesays.com\/fr\/202584\/"},"modified":"2025-06-25T06:36:23","modified_gmt":"2025-06-25T06:36:23","slug":"comment-le-chu-de-bordeaux-a-reanime-un-service-a-bout-de-souffle","status":"publish","type":"post","link":"https:\/\/www.europesays.com\/fr\/202584\/","title":{"rendered":"comment le CHU de Bordeaux a r\u00e9anim\u00e9 un service \u00e0 bout de souffle"},"content":{"rendered":"<p>            Par<br \/>\n        <strong><br \/>\n            <a href=\"https:\/\/actu.fr\/auteur\/sports33\" title=\"Consulter tous les articles de Nicolas Gosselin\" target=\"_blank\" rel=\"noopener\">Nicolas Gosselin<\/a><br \/>\n        <\/strong><\/p>\n<p>        Publi\u00e9 le<\/p>\n<p>            25 juin 2025 \u00e0 6h42        <\/p>\n<p>Apr\u00e8s avoir \u00e9t\u00e9 dans le creux de la vague en 2022, le p\u00f4le urgences du <a href=\"https:\/\/actu.fr\/tag\/chu-de-bordeaux\" target=\"_blank\" rel=\"noopener\">CHU de Bordeaux<\/a> sort enfin la t\u00eate de l\u2019eau. \u00ab\u00a0Au pire de la <strong>crise<\/strong>, on accueillait que <strong>40 malades par jour<\/strong> \u00e0 l\u2019h\u00f4pital Pellegrin et on est <strong>revenu \u00e0 une moyenne de 150<\/strong> par jour\u00a0\u00bb, se f\u00e9licite Thomas Mesnier, chef du p\u00f4le. De garde la nuit du 21 au 22 juin 2025, le m\u00e9decin urgentiste raconte m\u00eame avoir battu <a href=\"https:\/\/actu.fr\/nouvelle-aquitaine\/bordeaux_33063\/fete-de-la-musique-a-bordeaux-une-dizaine-de-patients-admis-aux-urgences-pour-des-suspicions-de-piqures_62817260.html\" target=\"_blank\" rel=\"noopener\">un record lors de la f\u00eate de la musique<\/a> avec <strong>186 admissions<\/strong>. Comment le centre hospitalier bordelais a-t-il r\u00e9ussi \u00e0 inverser cette dynamique morbide ?<\/p>\n<p class=\" wall-content\">Revenons au printemps 2022. \u00c0 l\u2019\u00e9poque, la direction du CHU de Bordeaux annonce devoir <a href=\"https:\/\/actu.fr\/nouvelle-aquitaine\/bordeaux_33063\/du-jamais-vu-a-bordeaux-les-urgences-vont-fermer-la-nuit-pour-certains-patients_51002035.html\" target=\"_blank\" rel=\"noopener\">passer \u00ab\u00a0en mode d\u00e9grad\u00e9\u00a0\u00bb<\/a> sur les urgences et doit m\u00eame fermer partiellement le service la nuit. La raison ? \u00ab\u00a0Il a manqu\u00e9 jusqu\u2019\u00e0 plus de 15 m\u00e9decins urgentistes sur le p\u00f4le\u00a0\u00bb, rappelle Thomas Mesnier, qui n\u2019\u00e9tait pas encore en place.<\/p>\n<p>\u00ab\u00a0Pas de malades dans les couloirs\u00a0\u00bb<\/p>\n<p class=\" wall-content\">Le nouveau directeur de l\u2019h\u00f4pital Pellegrin, Nicolas Tachon, justifie cette vague de d\u00e9parts successifs par <strong>\u00ab\u00a0un cumul de probl\u00e8mes\u00a0\u00bb<\/strong>. \u00ab\u00a0Il y avait un flux de patients extr\u00eamement cons\u00e9quents ces derni\u00e8res ann\u00e9es, dont <strong>certains qui stagnaient dans les couloirs<\/strong> car il y avait moins de ressources humaines donc moins de lits. \u00c7a g\u00e9n\u00e9rait des tensions.\u00a0\u00bb D\u00e9sormais, la consigne est claire : \u00ab\u00a0pas de malades dans les couloirs\u00a0\u00bb.<\/p>\n<p class=\" wall-content\">Autrement dit, l\u2019ambiance n\u2019\u00e9tait pas au beau fixe et l\u2019attractivit\u00e9 du p\u00f4le en a pris un coup. Pendant quelques ann\u00e9es, <strong>le solde \u00e9tait n\u00e9gatif<\/strong> entre les d\u00e9parts et les arriv\u00e9es de professionnels m\u00e9dicaux et param\u00e9dicaux. En 2025, <strong>la tendance s\u2019inverse<\/strong> enfin et laisse entrevoir une dynamique positive, m\u00eame si le CHU ne <a href=\"https:\/\/actu.fr\/nouvelle-aquitaine\/bordeaux_33063\/emploi-le-chu-de-bordeaux-recrute-plus-de-200-personnes-et-ouvre-les-portes-de-ses-hopitaux_62523357.html\" target=\"_blank\" rel=\"noopener\">rel\u00e2che pas les efforts sur le recrutement<\/a>.<\/p>\n<p>    <img   decoding=\"async\" loading=\"lazy\" src=\"https:\/\/www.europesays.com\/fr\/wp-content\/uploads\/2025\/06\/chu-bordeaux-urgences-samu-pompiers-mesnier-960x640.jpg\" alt=\"Thomas Mesnier est le chef de p\u00f4le des urgences du CHU de Bordeaux.\" width=\"960\" height=\"640\"\/><br \/>\n    Thomas Mesnier est le chef de p\u00f4le des urgences du CHU de Bordeaux. (\u00a9Actu Bordeaux \/ Nicolas Gosselin)<\/p>\n<p class=\" wall-content\">\u00ab\u00a0Aujourd\u2019hui, \u00e7a va beaucoup mieux. Il ne nous manque plus que deux urgentistes pour \u00eatre \u00e0 effectif complet\u00a0\u00bb, pr\u00e9cise Thomas Mesnier, arriv\u00e9 en septembre 2023 \u00e0 la t\u00eate du p\u00f4le urgences du CHU de Bordeaux \u2013 qui comprend les services de Pellegrin et de Saint-Andr\u00e9 \u2013 pour redresser la barre.<\/p>\n<p class=\" wall-content\">Cette <strong>attractivit\u00e9 retrouv\u00e9e<\/strong>, elle s\u2019explique en partie par le projet de nouveau CHU et les <strong>40 millions d\u2019euros allou\u00e9s<\/strong> pour les travaux et notamment pour r\u00e9nover des b\u00e2timents v\u00e9tustes et trop \u00e9troits. D\u2019ores et d\u00e9j\u00e0, le service des urgences de Pellegrin a profit\u00e9 du d\u00e9m\u00e9nagement de l\u2019unit\u00e9 de neuror\u00e9animation dans de nouveaux locaux plus adapt\u00e9s, pour r\u00e9cup\u00e9rer une place laiss\u00e9e vacante pendant quatre ans.<\/p>\n<p>14 box suppl\u00e9mentaires aux urgences de Pellegrin<\/p>\n<p class=\" wall-content\">Ainsi, en<strong> investissant cette unit\u00e9 d\u00e9saffect\u00e9e<\/strong>, le p\u00f4le des urgences a pu <strong>augmenter sa capacit\u00e9 de 14 box<\/strong> et passer \u00e0 35 box au total. Ce nouvel espace accueille d\u00e9sormais l\u2019unit\u00e9 d\u2019hospitalisation de courte dur\u00e9e (UHCD) et a permis l\u2019ouverture du circuit long des soins d\u2019urgence sur l\u2019ancienne UHCD.<\/p>\n<p class=\" wall-content\">\u00ab\u00a0Pas mal d\u2019urgentistes ont jet\u00e9 l\u2019\u00e9ponge derni\u00e8rement mais c\u2019est en train de changer. D\u00e9sormais, on a des box pour examiner les patients en toute confidentialit\u00e9, c\u2019est un \u00e9l\u00e9ment de base pour pouvoir travailler. Aussi, <strong>les temps d\u2019attente ont diminu\u00e9 drastiquement<\/strong>. Le CHU de Bordeaux est en train de redevenir attractif\u00a0\u00bb, commente Pierre Hausfater, le chef de service des urgences adultes de Pellegrin.<\/p>\n<p>    <img   decoding=\"async\" loading=\"lazy\" src=\"https:\/\/www.europesays.com\/fr\/wp-content\/uploads\/2025\/06\/chu-bordeaux-urgences-samu-pompiers-7-960x640.jpg\" alt=\"Un \u00e9cran \u00e0 l'accueil des urgences donne le temps d'attente estim\u00e9.\" width=\"960\" height=\"640\"\/><br \/>\n    Un \u00e9cran \u00e0 l\u2019accueil des urgences donne le temps d\u2019attente estim\u00e9. (\u00a9Actu Bordeaux \/ Nicolas Gosselin)<\/p>\n<p class=\" wall-content\">Il est bien plac\u00e9 pour en parler. Cet urgentiste arrive tout droit de l\u2019h\u00f4pital de la Piti\u00e9 Salp\u00eatri\u00e8re et a r\u00e9cup\u00e9r\u00e9 son nouveau poste en mai dernier. \u00ab\u00a0La r\u00e9organisation permet de se projeter dans l\u2019avenir. D\u2019ici quatre \u00e0 cinq ans, avec la fin des travaux du nouveau CHU, on aura un service compl\u00e8tement refait et dimensionn\u00e9 \u00e0 hauteur du nombre de passages que nous aurons dans les prochaines ann\u00e9es. C\u2019est un projet b\u00e2timentaire qui donne de l\u2019espoir.\u00a0\u00bb<\/p>\n<p>Une dur\u00e9e moyenne de passage en nette baisse<\/p>\n<p>Gr\u00e2ce \u00e0 l&rsquo;augmentation du nombre de lits et d&rsquo;effectifs, la dur\u00e9e moyenne de passage entre l&rsquo;entr\u00e9e et la sortie des urgences est pass\u00e9e de six heures avant \u00e0 moins de quatre heures, selon Thomas Mesnier. Par exemple, sur la r\u00e9gulation, le nombre de m\u00e9decins urgentistes en journ\u00e9e est pass\u00e9 de trois \u00e0 quatre et trois urgentistes sont de garde le soir jusqu&rsquo;\u00e0 minuit, contre deux auparavant.<\/p>\n<p class=\" wall-content\">Le <strong>service de r\u00e9gulation m\u00e9dicale<\/strong> devrait aussi \u00eatre l\u2019un des grands gagnants des futurs travaux du CHU de Bordeaux, dont le lancement est programm\u00e9 pour 2027. En effet, les \u00e9quipes sont assez \u00e0 l\u2019\u00e9troit actuellement \u2013 \u00ab\u00a0c\u2019est une ruche\u00a0\u00bb, imagine Thomas Mesnier \u2013 mais le chantier pr\u00e9voit de leur offrir d\u2019ici 2030 une surface 2,5 fois plus grande.<\/p>\n<p>    <img   decoding=\"async\" loading=\"lazy\" src=\"https:\/\/www.europesays.com\/fr\/wp-content\/uploads\/2025\/06\/chu-bordeaux-urgences-samu-pompiers-21-960x640.jpg\" alt=\"La salle de r\u00e9gulation m\u00e9dicale est une v\u00e9ritable ruche.\" width=\"960\" height=\"640\"\/><br \/>\n    La salle de r\u00e9gulation m\u00e9dicale est une v\u00e9ritable ruche. (\u00a9Actu Bordeaux \/ Nicolas Gosselin)<\/p>\n<p class=\" wall-content\">\u00ab\u00a0Avec le service d\u2019acc\u00e8s aux soins (SAS), il y a un changement d\u2019utilisation du 15 par la population. Les gens n\u2019appellent plus que pour les urgences vitales mais aussi pour les probl\u00e8mes de soins non programm\u00e9s. Du coup, on est<strong> pass\u00e9 \u00e0 800 000 appels en 2024 contre 600 000 en 2021<\/strong>. Et on devrait atteindre le million dans les prochaines ann\u00e9es\u00a0\u00bb, projette le chef du p\u00f4le des urgences du CHU de Bordeaux.<\/p>\n<p class=\" wall-content\">Suivez toute l\u2019actualit\u00e9 de vos villes et m\u00e9dias favoris en vous inscrivant \u00e0 <a href=\"https:\/\/moncompte.actu.fr\" title=\"D\u00e9couvez Mon Actu\" rel=\"nofollow noopener\" data-trk=\"{&quot;cta&quot;:{&quot;action&quot;:&quot;https:\\\/\\\/moncompte.actu.fr&quot;,&quot;category&quot;:&quot;mon compte&quot;,&quot;from&quot;:&quot;article footer&quot;,&quot;name&quot;:&quot;Mon actu&quot;,&quot;type&quot;:&quot;cta&quot;}}\" target=\"_blank\">Mon Actu<\/a>.<\/p>\n","protected":false},"excerpt":{"rendered":"Par Nicolas Gosselin Publi\u00e9 le 25 juin 2025 \u00e0 6h42 Apr\u00e8s avoir \u00e9t\u00e9 dans le creux de la&hellip;\n","protected":false},"author":2,"featured_media":202585,"comment_status":"","ping_status":"","sticky":false,"template":"","format":"standard","meta":{"footnotes":""},"categories":[2817],"tags":[1111,11,1997,11421,1777,674,1011,27,100,12,2219,25,71,104],"class_list":{"0":"post-202584","1":"post","2":"type-post","3":"status-publish","4":"format-standard","5":"has-post-thumbnail","7":"category-bordeaux","8":"tag-actu","9":"tag-actualites","10":"tag-bordeaux","11":"tag-chu-de-bordeaux","12":"tag-eu","13":"tag-europe","14":"tag-fr","15":"tag-france","16":"tag-hopital","17":"tag-news","18":"tag-nouvelle-aquitaine","19":"tag-republique-francaise","20":"tag-sante","21":"tag-societe"},"share_on_mastodon":{"url":"https:\/\/pubeurope.com\/@fr\/114742623441485093","error":""},"_links":{"self":[{"href":"https:\/\/www.europesays.com\/fr\/wp-json\/wp\/v2\/posts\/202584","targetHints":{"allow":["GET"]}}],"collection":[{"href":"https:\/\/www.europesays.com\/fr\/wp-json\/wp\/v2\/posts"}],"about":[{"href":"https:\/\/www.europesays.com\/fr\/wp-json\/wp\/v2\/types\/post"}],"author":[{"embeddable":true,"href":"https:\/\/www.europesays.com\/fr\/wp-json\/wp\/v2\/users\/2"}],"replies":[{"embeddable":true,"href":"https:\/\/www.europesays.com\/fr\/wp-json\/wp\/v2\/comments?post=202584"}],"version-history":[{"count":0,"href":"https:\/\/www.europesays.com\/fr\/wp-json\/wp\/v2\/posts\/202584\/revisions"}],"wp:featuredmedia":[{"embeddable":true,"href":"https:\/\/www.europesays.com\/fr\/wp-json\/wp\/v2\/media\/202585"}],"wp:attachment":[{"href":"https:\/\/www.europesays.com\/fr\/wp-json\/wp\/v2\/media?parent=202584"}],"wp:term":[{"taxonomy":"category","embeddable":true,"href":"https:\/\/www.europesays.com\/fr\/wp-json\/wp\/v2\/categories?post=202584"},{"taxonomy":"post_tag","embeddable":true,"href":"https:\/\/www.europesays.com\/fr\/wp-json\/wp\/v2\/tags?post=202584"}],"curies":[{"name":"wp","href":"https:\/\/api.w.org\/{rel}","templated":true}]}}