{"id":202586,"date":"2025-06-25T06:37:14","date_gmt":"2025-06-25T06:37:14","guid":{"rendered":"https:\/\/www.europesays.com\/fr\/202586\/"},"modified":"2025-06-25T06:37:14","modified_gmt":"2025-06-25T06:37:14","slug":"un-desert-de-sel-insoupconne-a-1h-de-bordeaux","status":"publish","type":"post","link":"https:\/\/www.europesays.com\/fr\/202586\/","title":{"rendered":"Un d\u00e9sert de sel insoup\u00e7onn\u00e9 \u00e0 1h de Bordeaux"},"content":{"rendered":"<p>\ud83d\udd52 Article publi\u00e9 le 25 juin 2025<br \/>&#13;<br \/>\n\u2705 Mis \u00e0 jour le 25 juin 2025<\/p>\n<p>\u00c0 quelques kilom\u00e8tres de <strong>Bordeaux<\/strong> se cache un paysage presque lunaire : un v\u00e9ritable d\u00e9sert de sel. C\u2019est \u00e0 La Teste-de-Buch que les <strong>Pr\u00e9s Sal\u00e9s Est et Ouest<\/strong> offrent ce d\u00e9cor 100% naturel. Peu connues aujourd\u2019hui, ces zones humides fa\u00e7onn\u00e9es par les mar\u00e9es \u00e9taient pourtant un vecteur \u00e9conomique important auparavant. Envie de partir \u00e0 l\u2019aventure pr\u00e8s du Bassin d\u2019Arcachon ? D\u00e9couvrez le <strong>d\u00e9sert de sel de la Gironde<\/strong> !<\/p>\n<p>Coucher de soleil sur les Pr\u00e9s Sal\u00e9s de La Teste \u00a9 Michel D.<\/p>\n<p>Un paysage insolite pr\u00e8s de Bordeaux, entre bassin et d\u00e9sert<\/p>\n<p>Les <strong>Pr\u00e9s Sal\u00e9s de La Teste-de-Buch<\/strong> s\u2019\u00e9tendent sur <strong>deux secteurs<\/strong> : les Pr\u00e9s Sal\u00e9s Est, du c\u00f4t\u00e9 du port du Rocher, et les Pr\u00e9s Sal\u00e9s Ouest, proches du port ostr\u00e9icole. Ensemble, ils forment un vaste espace \u00e9cologique de <strong>114 hectares<\/strong> qui contraste avec l\u2019image classique du Bassin d\u2019Arcachon. En effet, \u00e0 mar\u00e9e basse, les sols craquel\u00e9s et blanchis par le sel rappellent des paysages dignes du <a href=\"https:\/\/passion-aquitaine.ouest-france.fr\/bardenas-reales-desert-bordeaux\/\" rel=\"nofollow noopener\" target=\"_blank\">d\u00e9sert des Bardenas<\/a>. Toutefois, \u00e0 mar\u00e9e haute, ils redeviennent lagune vivante et refuge des oiseaux d\u2019eau.<\/p>\n<p><img loading=\"lazy\" decoding=\"async\" aria-describedby=\"caption-attachment-28359\" class=\"size-full wp-image-28359 lazyload ewww_webp_lazy_load\" src=\"https:\/\/www.europesays.com\/fr\/wp-content\/uploads\/2025\/06\/pres-sales.jpg\" alt=\"Les paysages blancs des Pr\u00e9s Sal\u00e9s Est non loin de Bordeaux - Anna V.\" width=\"1200\" height=\"675\" style=\"--smush-placeholder-width: 1200px; --smush-placeholder-aspect-ratio: 1200\/675;\" src-webp=\"https:\/\/www.europesays.com\/fr\/wp-content\/uploads\/2025\/06\/pres-sales.jpg.webp\"\/><\/p>\n<p id=\"caption-attachment-28359\" class=\"wp-caption-text\">Les paysages blancs du d\u00e9sert de sel non loin de Bordeaux \u00a9 Anna V.<\/p>\n<p>Une r\u00e9serve au sud du Bassin d\u2019Arcachon<\/p>\n<p>Ces marais salants, ou \u201cschorres\u201d en n\u00e9erlandais, ne sont pas le fruit du hasard, mais celui de l\u2019Homme. Model\u00e9s dans les ann\u00e9es 1930, les Pr\u00e9s Sal\u00e9s servaient initialement \u00e0 l\u2019<strong>\u00e9levage de poissons et la culture du sel<\/strong>. En construisant des digues, les pescadous (p\u00eacheurs locaux) retenaient ainsi l\u2019eau de l\u2019oc\u00e9an afin de faciliter leur m\u00e9tier. C\u2019est finalement vers 1978, avec la <strong>cr\u00e9ation du port du Rocher<\/strong> que le site a \u00e9t\u00e9 peu \u00e0 peu abandonn\u00e9.<\/p>\n<p>La renaturation des Pr\u00e9s Sal\u00e9s de La Teste-de-Buch<\/p>\n<p>Ce n\u2019est qu\u2019\u00e0 partir de 2007 (Ouest) et 2014 (Est) que la <strong>ville de La Teste-de-Buch<\/strong>, avec le <a href=\"https:\/\/www.conservatoire-du-littoral.fr\/\" target=\"_blank\" rel=\"nofollow noopener\">Conservatoire du littoral<\/a>, a mis en \u0153uvre une v\u00e9ritable<strong> politique de restauration<\/strong>. Le but : r\u00e9tablir les \u00e9quilibres naturels, tout en rendant les lieux accessibles au public. Aujourd\u2019hui, les Pr\u00e9s Sal\u00e9s sont \u00e0 nouveau partiellement soumis au rythme des mar\u00e9es, ce qui a permis le retour d\u2019une biodiversit\u00e9 exceptionnelle.<\/p>\n<p><img loading=\"lazy\" decoding=\"async\" aria-describedby=\"caption-attachment-28360\" class=\"size-full wp-image-28360 lazyload ewww_webp_lazy_load\" src=\"https:\/\/www.europesays.com\/fr\/wp-content\/uploads\/2025\/06\/pres-sales-maree.jpg\" alt=\"Les Pr\u00e9s Sal\u00e9s \u00e0 mar\u00e9e haute lorsque l'eau submerge le lieu - Jean N.\" width=\"1200\" height=\"675\" style=\"--smush-placeholder-width: 1200px; --smush-placeholder-aspect-ratio: 1200\/675;\" src-webp=\"https:\/\/www.europesays.com\/fr\/wp-content\/uploads\/2025\/06\/pres-sales-maree.jpg.webp\"\/><\/p>\n<p id=\"caption-attachment-28360\" class=\"wp-caption-text\">Les Pr\u00e9s Sal\u00e9s \u00e0 mar\u00e9e haute lorsque l\u2019eau submerge le lieu \u00a9 Jean N.<\/p>\n<p>Une richesse \u00e9cologique rare dans le d\u00e9sert de sel<\/p>\n<p>Les Pr\u00e9s Sal\u00e9s sont aussi un <strong>sanctuaire pour de nombreuses esp\u00e8ces<\/strong> prot\u00e9g\u00e9es. Ici, point de <a href=\"https:\/\/passion-aquitaine.ouest-france.fr\/landes-serpents\/\" rel=\"nofollow noopener\" target=\"_blank\">serpents comme dans les Landes<\/a>, mais plut\u00f4t :<\/p>\n<ul>\n<li>La <strong>Cistude d\u2019Europe<\/strong>, tortue d\u2019eau douce rare en France.<\/li>\n<li>La <strong>Gorgebleue \u00e0 miroir<\/strong>, un passereau color\u00e9 embl\u00e9matique des roseli\u00e8res.<\/li>\n<li>La <strong>Loutre d\u2019Europe<\/strong>, discr\u00e8te, mais bien pr\u00e9sente.<\/li>\n<li>Et m\u00eame l\u2019<strong>Ophioglosse des A\u00e7ores<\/strong>, une petite foug\u00e8re tr\u00e8s rare en m\u00e9tropole.<\/li>\n<\/ul>\n<p>Le site joue aussi un r\u00f4le de halte migratoire pour les oiseaux d\u2019eau : avocettes, b\u00e9casseaux, spatules blanches\u2026 Un spectacle \u00e0 admirer avec respect, de loin et avec des jumelles.<\/p>\n<p><img loading=\"lazy\" decoding=\"async\" aria-describedby=\"caption-attachment-28361\" class=\"size-full wp-image-28361 lazyload ewww_webp_lazy_load\" src=\"https:\/\/www.europesays.com\/fr\/wp-content\/uploads\/2025\/06\/loutre-europe.jpg\" alt=\"Une loutre d'Europe se baladant dans l'eau \u00e0 mar\u00e9e haute - Steve S.\" width=\"1200\" height=\"675\" style=\"--smush-placeholder-width: 1200px; --smush-placeholder-aspect-ratio: 1200\/675;\" src-webp=\"https:\/\/www.europesays.com\/fr\/wp-content\/uploads\/2025\/06\/loutre-europe.jpg.webp\"\/><\/p>\n<p id=\"caption-attachment-28361\" class=\"wp-caption-text\">Une loutre d\u2019Europe se baladant dans l\u2019eau \u00e0 mar\u00e9e haute \u00a9 Steve S.<\/p>\n<p>Se balader aux Pr\u00e9s Sal\u00e9s : une exp\u00e9rience \u00e0 vivre<\/p>\n<p>Facilement accessibles depuis Bordeaux, les Pr\u00e9s Sal\u00e9s n\u2019offrent pas qu\u2019une simple marche, mais une<strong> totale immersion<\/strong>. Du c\u00f4t\u00e9 ouest, une boucle de 2,5 kilom\u00e8tres permet de d\u00e9couvrir des <strong>paysages entre terre et mer<\/strong>. Du c\u00f4t\u00e9 est, un <strong>sentier de grande randonn\u00e9e<\/strong> donne acc\u00e8s \u00e0 de jolis paysages oc\u00e9aniques. Puis, si le c\u0153ur vous en dit, c\u2019est aussi l\u2019occasion de faire un tour \u00e0 l\u2019embl\u00e9matique <a href=\"https:\/\/passion-aquitaine.ouest-france.fr\/dune-pilat-nouvelle-aquitaine\/\" rel=\"nofollow noopener\" target=\"_blank\">Dune du Pilat<\/a> qui se trouve non loin.<\/p>\n<p>Informations pratiques pour visiter<\/p>\n<ul>\n<li> <strong>Acc\u00e8s :<\/strong> depuis le port de La Teste, stationnement gratuit \u00e0 proximit\u00e9 (avenue du G\u00e9n\u00e9ral-Leclerc)<\/li>\n<li> <strong>Type de balade :<\/strong> boucle de 1h \u00e0 1h30, \u00e0 pied ou \u00e0 v\u00e9lo. Terrain plat, mais parfois boueux selon la mar\u00e9e<\/li>\n<li> <strong>\u00c0 pr\u00e9voir :<\/strong> jumelles, gourde, et pourquoi pas un pique-nique. Pas d\u2019ombre sur le parcours, pensez \u00e0 la casquette<\/li>\n<li> <strong>Petit conseil :<\/strong> coupez votre t\u00e9l\u00e9phone. Vous n\u2019aurez peut-\u00eatre pas de r\u00e9seau\u2026 et tant mieux.<\/li>\n<\/ul>\n","protected":false},"excerpt":{"rendered":"\ud83d\udd52 Article publi\u00e9 le 25 juin 2025&#13; \u2705 Mis \u00e0 jour le 25 juin 2025 \u00c0 quelques kilom\u00e8tres&hellip;\n","protected":false},"author":2,"featured_media":202587,"comment_status":"","ping_status":"","sticky":false,"template":"","format":"standard","meta":{"footnotes":""},"categories":[2817],"tags":[1111,11,1997,34210,1777,674,1011,27,12,2219,25,34211],"class_list":{"0":"post-202586","1":"post","2":"type-post","3":"status-publish","4":"format-standard","5":"has-post-thumbnail","7":"category-bordeaux","8":"tag-actu","9":"tag-actualites","10":"tag-bordeaux","11":"tag-du00e9sert","12":"tag-eu","13":"tag-europe","14":"tag-fr","15":"tag-france","16":"tag-news","17":"tag-nouvelle-aquitaine","18":"tag-republique-francaise","19":"tag-sel"},"share_on_mastodon":{"url":"https:\/\/pubeurope.com\/@fr\/114742627215224997","error":""},"_links":{"self":[{"href":"https:\/\/www.europesays.com\/fr\/wp-json\/wp\/v2\/posts\/202586","targetHints":{"allow":["GET"]}}],"collection":[{"href":"https:\/\/www.europesays.com\/fr\/wp-json\/wp\/v2\/posts"}],"about":[{"href":"https:\/\/www.europesays.com\/fr\/wp-json\/wp\/v2\/types\/post"}],"author":[{"embeddable":true,"href":"https:\/\/www.europesays.com\/fr\/wp-json\/wp\/v2\/users\/2"}],"replies":[{"embeddable":true,"href":"https:\/\/www.europesays.com\/fr\/wp-json\/wp\/v2\/comments?post=202586"}],"version-history":[{"count":0,"href":"https:\/\/www.europesays.com\/fr\/wp-json\/wp\/v2\/posts\/202586\/revisions"}],"wp:featuredmedia":[{"embeddable":true,"href":"https:\/\/www.europesays.com\/fr\/wp-json\/wp\/v2\/media\/202587"}],"wp:attachment":[{"href":"https:\/\/www.europesays.com\/fr\/wp-json\/wp\/v2\/media?parent=202586"}],"wp:term":[{"taxonomy":"category","embeddable":true,"href":"https:\/\/www.europesays.com\/fr\/wp-json\/wp\/v2\/categories?post=202586"},{"taxonomy":"post_tag","embeddable":true,"href":"https:\/\/www.europesays.com\/fr\/wp-json\/wp\/v2\/tags?post=202586"}],"curies":[{"name":"wp","href":"https:\/\/api.w.org\/{rel}","templated":true}]}}