{"id":202592,"date":"2025-06-25T06:40:08","date_gmt":"2025-06-25T06:40:08","guid":{"rendered":"https:\/\/www.europesays.com\/fr\/202592\/"},"modified":"2025-06-25T06:40:08","modified_gmt":"2025-06-25T06:40:08","slug":"gare-lille-europe-600-metres-de-cables-voles-la-ligne-a-grande-vitesse-a-larret-ce-mercredi","status":"publish","type":"post","link":"https:\/\/www.europesays.com\/fr\/202592\/","title":{"rendered":"Gare Lille-Europe. 600 m\u00e8tres de c\u00e2bles vol\u00e9s, la ligne \u00e0 grande vitesse \u00e0 l&rsquo;arr\u00eat ce mercredi"},"content":{"rendered":"<p>            Par<br \/>\n        <strong><br \/>\n            <a href=\"https:\/\/actu.fr\/auteur\/margot-nicodeme\" title=\"Consulter tous les articles de Margot Nicod\u00e8me\" target=\"_blank\" rel=\"noopener\">Margot Nicod\u00e8me<\/a><br \/>\n        <\/strong><\/p>\n<p>        Publi\u00e9 le<\/p>\n<p>            25 juin 2025 \u00e0 8h29        <\/p>\n<p>Ce mercredi 25 juin s\u2019annonce comme<b> une journ\u00e9e noire<\/b> \u00e0 la <a href=\"https:\/\/actu.fr\/tag\/lille-europe\" target=\"_blank\" rel=\"noopener\"><b>gare Lille-Europe<\/b><\/a>, pour qui voudrait emprunter la ligne \u00e0 grande vitesse (LGV).<b> Quelque 600 m\u00e8tres de c\u00e2bles ont \u00e9t\u00e9 vol\u00e9s <\/b>! D\u00e8s les premi\u00e8res heures de la matin\u00e9e, 15 agents de la SNCF \u00e9taient sur place pour proc\u00e9der aux r\u00e9parations. Mais on pr\u00e9vient du c\u00f4t\u00e9 de la SNCF Hauts-de-France : vu l\u2019ampleur des d\u00e9t\u00e9riorations, <b>les perturbations vont durer<\/b>.<\/p>\n<p>La ligne \u00e0 grande vitesse \u00e0 l\u2019arr\u00eat en gare Lille-Europe : 600 m\u00e8tres de c\u00e2bles vol\u00e9s<\/p>\n<p class=\" wall-content\">Neuf c\u00e2bles ont ainsi \u00e9t\u00e9 coup\u00e9s sur 70 m\u00e8tres. Seule la LGV est touch\u00e9e. \u00ab\u00a0Il est possible d\u2019engager ces trains sur des lignes classiques, mais \u00e7a va les encombrer et leur capacit\u00e9 est limit\u00e9e\u00a0\u00bb, nous dit la SNCF Hauts-de-France. Des trains sont ainsi d\u00e9tourn\u00e9s via Douai \u2013 Arras pour r\u00e9cup\u00e9rer la LGV.<\/p>\n<p class=\" wall-content\">D\u2019autres sont tout bonnement supprim\u00e9s sur cette LGV, et pour les TER, il faut bien se rapporter au site ou \u00e0 l\u2019application SNCF pour conna\u00eetre la bonne tenue de son voyage.\u00a0<\/p>\n<p class=\" wall-content\">Suivez toute l\u2019actualit\u00e9 de vos villes et m\u00e9dias favoris en vous inscrivant \u00e0 <a href=\"https:\/\/moncompte.actu.fr\" title=\"D\u00e9couvez Mon Actu\" rel=\"nofollow noopener\" data-trk=\"{&quot;cta&quot;:{&quot;action&quot;:&quot;https:\\\/\\\/moncompte.actu.fr&quot;,&quot;category&quot;:&quot;mon compte&quot;,&quot;from&quot;:&quot;article footer&quot;,&quot;name&quot;:&quot;Mon actu&quot;,&quot;type&quot;:&quot;cta&quot;}}\" target=\"_blank\">Mon Actu<\/a>.<\/p>\n","protected":false},"excerpt":{"rendered":"Par Margot Nicod\u00e8me Publi\u00e9 le 25 juin 2025 \u00e0 8h29 Ce mercredi 25 juin s\u2019annonce comme une journ\u00e9e&hellip;\n","protected":false},"author":2,"featured_media":202593,"comment_status":"","ping_status":"","sticky":false,"template":"","format":"standard","meta":{"footnotes":""},"categories":[2815],"tags":[1111,11,1777,674,1011,27,811,1307,32177,12,25,2215,104],"class_list":{"0":"post-202592","1":"post","2":"type-post","3":"status-publish","4":"format-standard","5":"has-post-thumbnail","7":"category-lille","8":"tag-actu","9":"tag-actualites","10":"tag-eu","11":"tag-europe","12":"tag-fr","13":"tag-france","14":"tag-hauts-de-france","15":"tag-lille","16":"tag-lille-europe","17":"tag-news","18":"tag-republique-francaise","19":"tag-sncf","20":"tag-societe"},"share_on_mastodon":{"url":"https:\/\/pubeurope.com\/@fr\/114742638972469825","error":""},"_links":{"self":[{"href":"https:\/\/www.europesays.com\/fr\/wp-json\/wp\/v2\/posts\/202592","targetHints":{"allow":["GET"]}}],"collection":[{"href":"https:\/\/www.europesays.com\/fr\/wp-json\/wp\/v2\/posts"}],"about":[{"href":"https:\/\/www.europesays.com\/fr\/wp-json\/wp\/v2\/types\/post"}],"author":[{"embeddable":true,"href":"https:\/\/www.europesays.com\/fr\/wp-json\/wp\/v2\/users\/2"}],"replies":[{"embeddable":true,"href":"https:\/\/www.europesays.com\/fr\/wp-json\/wp\/v2\/comments?post=202592"}],"version-history":[{"count":0,"href":"https:\/\/www.europesays.com\/fr\/wp-json\/wp\/v2\/posts\/202592\/revisions"}],"wp:featuredmedia":[{"embeddable":true,"href":"https:\/\/www.europesays.com\/fr\/wp-json\/wp\/v2\/media\/202593"}],"wp:attachment":[{"href":"https:\/\/www.europesays.com\/fr\/wp-json\/wp\/v2\/media?parent=202592"}],"wp:term":[{"taxonomy":"category","embeddable":true,"href":"https:\/\/www.europesays.com\/fr\/wp-json\/wp\/v2\/categories?post=202592"},{"taxonomy":"post_tag","embeddable":true,"href":"https:\/\/www.europesays.com\/fr\/wp-json\/wp\/v2\/tags?post=202592"}],"curies":[{"name":"wp","href":"https:\/\/api.w.org\/{rel}","templated":true}]}}