{"id":202598,"date":"2025-06-25T06:43:09","date_gmt":"2025-06-25T06:43:09","guid":{"rendered":"https:\/\/www.europesays.com\/fr\/202598\/"},"modified":"2025-06-25T06:43:09","modified_gmt":"2025-06-25T06:43:09","slug":"fin-de-la-greve-dans-les-metros-le-trafic-reprend-sur-les-deux-lignes","status":"publish","type":"post","link":"https:\/\/www.europesays.com\/fr\/202598\/","title":{"rendered":"Fin de la gr\u00e8ve dans les m\u00e9tros, le trafic reprend sur les deux lignes"},"content":{"rendered":"<p>Un retour \u00e0 la normale attendu par les usagers. <a href=\"https:\/\/www.20minutes.fr\/marseille\/4160068-20250624-marseille-troisieme-jour-metro-mouvement-social-poursuit\" class=\"color-ultramarine c-link\" rel=\"nofollow noopener\" target=\"_blank\">Apr\u00e8s trois jours d\u2019interruption<\/a> en raison d\u2019un mouvement social \u00e0 l\u2019initiative du syndicat <a href=\"https:\/\/www.20minutes.fr\/dossier\/fo\" class=\"color-ultramarine c-link\" rel=\"nofollow noopener\" target=\"_blank\">Force ouvri\u00e8re (FO)<\/a>, le service reprend ce mercredi<a href=\"https:\/\/www.20minutes.fr\/marseille\/4159908-20250623-marseille-deux-lignes-metro-arret-deuxieme-jour-consecutif-raison-mouvement-social\" class=\"color-ultramarine c-link\" rel=\"nofollow noopener\" target=\"_blank\"> sur les deux lignes de m\u00e9tros marseillais<\/a> (M1 et M2) d\u00e8s 4h50.<\/p>\n<p>\u00ab\u00a0La direction de la RTM et l\u2019organisation syndicale \u00e0 l\u2019origine du mouvement (FO), apr\u00e8s de nombreuses heures de n\u00e9gociation, se sont entendues sur un protocole mettant fin \u00e0 la gr\u00e8ve du m\u00e9tro, entam\u00e9e ce dimanche\u00a0\u00bb, a pr\u00e9cis\u00e9 la r\u00e9gie des transports marseillais dans un communiqu\u00e9 parvenu \u00e0 20 Minutes, pr\u00e9sentant ses excuses \u00ab\u00a0aux milliers de Marseillaises et de Marseillais qui ont \u00e9t\u00e9 emp\u00each\u00e9s par ce mouvement\u00a0\u00bb.<\/p>\n<p>Reprise du dialogue<\/p>\n<p>FO avait appel\u00e9 \u00e0 un mouvement de gr\u00e8ve dimanche pour d\u00e9noncer la r\u00e9organisation des conditions de travail d\u2019une partie du personnel du poste de commande centralis\u00e9, \u00e9voquant des probl\u00e8mes de s\u00e9curit\u00e9, de sous-effectif <a href=\"https:\/\/www.20minutes.fr\/societe\/4158960-20250617-marseille-rtm-resilie-contrat-proprete-prestataire-apres-droit-retrait-agents\" class=\"color-ultramarine c-link\" rel=\"nofollow noopener\" target=\"_blank\">et d\u2019insalubrit\u00e9.<\/a> \u00ab\u00a0Ce conflit n\u2019est pas le fruit d\u2019un d\u00e9saccord soudain, il est le r\u00e9sultat de quatre ann\u00e9es d\u2019esquives, de d\u00e9lais \u00e0 rallonge et de promesses non tenues par la direction\u00a0\u00bb, expliquait le syndicat dans un long message publi\u00e9 lundi sur Facebook.<\/p>\n<\/p>\n<p>Sous la pression de la gr\u00e8ve, le dialogue a finalement \u00e9t\u00e9 relanc\u00e9. Les agents gr\u00e9vistes ont \u00e9voqu\u00e9 des \u00ab\u00a0actes concrets\u00a0\u00bb et des \u00ab\u00a0gages tangibles\u00a0\u00bb de la part de la direction qui ont permis la lev\u00e9e du mouvement. \u00ab\u00a0Nous ne tol\u00e9rerons plus de revirement, ni de nouvelle suspension du dialogue\u00a0\u00bb, assurent-ils dans leur communiqu\u00e9, cit\u00e9 par <a href=\"https:\/\/www.laprovence.com\/article\/region\/64765374623814\/greve-a-la-rtm-apres-trois-jours-de-galere-les-metros-marseillais-reprennent-du-service-des-ce-mercredi-matin\" rel=\"nofollow noopener\" target=\"_blank\" class=\"color-ultramarine c-link\">La Provence<\/a>.<\/p>\n","protected":false},"excerpt":{"rendered":"Un retour \u00e0 la normale attendu par les usagers. Apr\u00e8s trois jours d\u2019interruption en raison d\u2019un mouvement social&hellip;\n","protected":false},"author":2,"featured_media":202599,"comment_status":"","ping_status":"","sticky":false,"template":"","format":"standard","meta":{"footnotes":""},"categories":[2814],"tags":[1111,11,885,1777,674,13919,1011,27,6151,884,4047,12,883,882,1306,25,2216],"class_list":{"0":"post-202598","1":"post","2":"type-post","3":"status-publish","4":"format-standard","5":"has-post-thumbnail","7":"category-marseille","8":"tag-actu","9":"tag-actualites","10":"tag-bouches-du-rhone","11":"tag-eu","12":"tag-europe","13":"tag-fo","14":"tag-fr","15":"tag-france","16":"tag-greve","17":"tag-marseille","18":"tag-metro","19":"tag-news","20":"tag-paca","21":"tag-provence-alpes-cote-dazur","22":"tag-regions","23":"tag-republique-francaise","24":"tag-transports-en-commun"},"share_on_mastodon":{"url":"https:\/\/pubeurope.com\/@fr\/114742651197736847","error":""},"_links":{"self":[{"href":"https:\/\/www.europesays.com\/fr\/wp-json\/wp\/v2\/posts\/202598","targetHints":{"allow":["GET"]}}],"collection":[{"href":"https:\/\/www.europesays.com\/fr\/wp-json\/wp\/v2\/posts"}],"about":[{"href":"https:\/\/www.europesays.com\/fr\/wp-json\/wp\/v2\/types\/post"}],"author":[{"embeddable":true,"href":"https:\/\/www.europesays.com\/fr\/wp-json\/wp\/v2\/users\/2"}],"replies":[{"embeddable":true,"href":"https:\/\/www.europesays.com\/fr\/wp-json\/wp\/v2\/comments?post=202598"}],"version-history":[{"count":0,"href":"https:\/\/www.europesays.com\/fr\/wp-json\/wp\/v2\/posts\/202598\/revisions"}],"wp:featuredmedia":[{"embeddable":true,"href":"https:\/\/www.europesays.com\/fr\/wp-json\/wp\/v2\/media\/202599"}],"wp:attachment":[{"href":"https:\/\/www.europesays.com\/fr\/wp-json\/wp\/v2\/media?parent=202598"}],"wp:term":[{"taxonomy":"category","embeddable":true,"href":"https:\/\/www.europesays.com\/fr\/wp-json\/wp\/v2\/categories?post=202598"},{"taxonomy":"post_tag","embeddable":true,"href":"https:\/\/www.europesays.com\/fr\/wp-json\/wp\/v2\/tags?post=202598"}],"curies":[{"name":"wp","href":"https:\/\/api.w.org\/{rel}","templated":true}]}}