{"id":202604,"date":"2025-06-25T06:46:11","date_gmt":"2025-06-25T06:46:11","guid":{"rendered":"https:\/\/www.europesays.com\/fr\/202604\/"},"modified":"2025-06-25T06:46:11","modified_gmt":"2025-06-25T06:46:11","slug":"meteo-france-renforce-la-vigilance-a-paris-et-en-ile-de-france","status":"publish","type":"post","link":"https:\/\/www.europesays.com\/fr\/202604\/","title":{"rendered":"M\u00e9t\u00e9o France renforce la vigilance \u00e0 Paris et en \u00cele-de-France"},"content":{"rendered":"<p>            Par<br \/>\n        <strong><br \/>\n            <a href=\"https:\/\/actu.fr\/auteur\/redaction-paris\" title=\"Consulter tous les articles de R\u00e9daction Paris\" rel=\"nofollow noopener\" target=\"_blank\">R\u00e9daction Paris<\/a><br \/>\n        <\/strong><\/p>\n<p>        Publi\u00e9 le<\/p>\n<p>            25 juin 2025 \u00e0 7h26        <\/p>\n<p>La <a href=\"https:\/\/actu.fr\/ile-de-france\/paris_75056\/canicule-et-orages-la-meteo-s-annonce-explosive-a-paris-et-en-ile-de-france-la-double-vigilance-declenchee_62818438.html\" rel=\"nofollow noopener\" target=\"_blank\">vigilance<\/a> se durcit. Quarante-sept d\u00e9partements seront mercredi en vigilance orange d\u00e8s 16h pour les <a href=\"https:\/\/actu.fr\/tag\/orages\" rel=\"nofollow noopener\" target=\"_blank\">orages<\/a>, a annonc\u00e9 mercredi <a href=\"https:\/\/actu.fr\/tag\/meteo-france\" rel=\"nofollow noopener\" target=\"_blank\">M\u00e9t\u00e9o-France<\/a> qui pr\u00e9voit des \u00e9pisodes orageux \u00ab\u00a0parfois violents sur un tr\u00e8s large axe central du pays\u00a0\u00bb. Parmi ceux-ci figurent Paris et l\u2019\u00cele-de-France.\u00a0<\/p>\n<p>Des orages et de la gr\u00eale en \u00cele-de-France<\/p>\n<p class=\" wall-content\">Les orages apparus dans la nuit de mardi \u00e0 mercredi le long de la fa\u00e7ade atlantique se renforceront en d\u00e9but d\u2019apr\u00e8s-midi puis s\u2019\u00e9tendront rapidement sur un axe Quercy \u2013 Limousin \u2013 Auvergne en gagnant en intensit\u00e9.<\/p>\n<p class=\" wall-content\">M\u00e9t\u00e9o-France pr\u00e9voit ainsi de fortes pluies (30 \u00e0 50 mm en une \u00e0 deux heures), localement des chutes de gr\u00eale de taille moyenne \u00e0 grosse (jusqu\u2019\u00e0 deux \u00e0 cinq cm), et des rafales pouvant atteindre 100 km\/h.<\/p>\n<p class=\" wall-content\">A Paris, toujours class\u00e9e en vigilance jaune canicule, il est pr\u00e9vu 2 millim\u00e8tres de cumul de pr\u00e9cipitations alors que les temp\u00e9ratures avoisineront encore les 33 degr\u00e9s vers 20 heures. Le vent sera g\u00e9n\u00e9ralement faible \u00e0 mod\u00e9r\u00e9, de Sud, mais avec des rafales atteignant 85 km\/h, localement, en d\u00e9but de nuit. Durant la nuit, 3 millim\u00e8tres de pr\u00e9cipitations suppl\u00e9mentaires sont attendus.\u00a0<\/p>\n<p class=\" wall-content\">Selon la carte de M\u00e9t\u00e9o-France, la gr\u00eale pourrait \u00e9pargner certains d\u00e9partements comme la Seine-et-Marne et l\u2019Essonne.\u00a0<\/p>\n<p>Vid\u00e9os : en ce moment sur Actu<br \/>\n    <img   decoding=\"async\" loading=\"lazy\" src=\"https:\/\/www.europesays.com\/fr\/wp-content\/uploads\/2025\/06\/image1-4-960x640.png\" alt=\"La gr\u00eale pourrait \u00e9pargner certains d\u00e9partements\" width=\"960\" height=\"640\"\/><br \/>\n    La gr\u00eale pourrait \u00e9pargner certains d\u00e9partements (\u00a9M\u00e9t\u00e9o-France)<\/p>\n<p class=\" wall-content\">Suivez toute l\u2019actualit\u00e9 de vos villes et m\u00e9dias favoris en vous inscrivant \u00e0 <a href=\"https:\/\/moncompte.actu.fr\" title=\"D\u00e9couvez Mon Actu\" rel=\"nofollow noopener\" data-trk=\"{&quot;cta&quot;:{&quot;action&quot;:&quot;https:\\\/\\\/moncompte.actu.fr&quot;,&quot;category&quot;:&quot;mon compte&quot;,&quot;from&quot;:&quot;article footer&quot;,&quot;name&quot;:&quot;Mon actu&quot;,&quot;type&quot;:&quot;cta&quot;}}\" target=\"_blank\">Mon Actu<\/a>.<\/p>\n","protected":false},"excerpt":{"rendered":"Par R\u00e9daction Paris Publi\u00e9 le 25 juin 2025 \u00e0 7h26 La vigilance se durcit. Quarante-sept d\u00e9partements seront mercredi&hellip;\n","protected":false},"author":2,"featured_media":141083,"comment_status":"","ping_status":"","sticky":false,"template":"","format":"standard","meta":{"footnotes":""},"categories":[1592],"tags":[1111,11,1777,674,1011,27,662,2487,2357,12,4594,626,25],"class_list":{"0":"post-202604","1":"post","2":"type-post","3":"status-publish","4":"format-standard","5":"has-post-thumbnail","7":"category-ile-de-france","8":"tag-actu","9":"tag-actualites","10":"tag-eu","11":"tag-europe","12":"tag-fr","13":"tag-france","14":"tag-ile-de-france","15":"tag-meteo","16":"tag-meteo-france","17":"tag-news","18":"tag-orages","19":"tag-paris","20":"tag-republique-francaise"},"share_on_mastodon":{"url":"https:\/\/pubeurope.com\/@fr\/114742662604776767","error":""},"_links":{"self":[{"href":"https:\/\/www.europesays.com\/fr\/wp-json\/wp\/v2\/posts\/202604","targetHints":{"allow":["GET"]}}],"collection":[{"href":"https:\/\/www.europesays.com\/fr\/wp-json\/wp\/v2\/posts"}],"about":[{"href":"https:\/\/www.europesays.com\/fr\/wp-json\/wp\/v2\/types\/post"}],"author":[{"embeddable":true,"href":"https:\/\/www.europesays.com\/fr\/wp-json\/wp\/v2\/users\/2"}],"replies":[{"embeddable":true,"href":"https:\/\/www.europesays.com\/fr\/wp-json\/wp\/v2\/comments?post=202604"}],"version-history":[{"count":0,"href":"https:\/\/www.europesays.com\/fr\/wp-json\/wp\/v2\/posts\/202604\/revisions"}],"wp:featuredmedia":[{"embeddable":true,"href":"https:\/\/www.europesays.com\/fr\/wp-json\/wp\/v2\/media\/141083"}],"wp:attachment":[{"href":"https:\/\/www.europesays.com\/fr\/wp-json\/wp\/v2\/media?parent=202604"}],"wp:term":[{"taxonomy":"category","embeddable":true,"href":"https:\/\/www.europesays.com\/fr\/wp-json\/wp\/v2\/categories?post=202604"},{"taxonomy":"post_tag","embeddable":true,"href":"https:\/\/www.europesays.com\/fr\/wp-json\/wp\/v2\/tags?post=202604"}],"curies":[{"name":"wp","href":"https:\/\/api.w.org\/{rel}","templated":true}]}}