{"id":202605,"date":"2025-06-25T06:47:09","date_gmt":"2025-06-25T06:47:09","guid":{"rendered":"https:\/\/www.europesays.com\/fr\/202605\/"},"modified":"2025-06-25T06:47:09","modified_gmt":"2025-06-25T06:47:09","slug":"val-doise-un-incendie-en-cours-a-groslay-une-odeur-de-brule-ressentie-en-ile-de-france","status":"publish","type":"post","link":"https:\/\/www.europesays.com\/fr\/202605\/","title":{"rendered":"Val-d&rsquo;Oise : un incendie en cours \u00e0 Groslay, une odeur de br\u00fbl\u00e9 ressentie en \u00cele-de-France"},"content":{"rendered":"<ul class=\"jsx-862013697 ArticleChapo__List\">\n<li class=\"jsx-862013697 ArticleChapo__List_Item flex\">Un incendie s&rsquo;est d\u00e9clar\u00e9, mardi 24 juin, en fin de soir\u00e9e, \u00e0 Groslay, dans le Val-d&rsquo;Oise.<\/li>\n<li class=\"jsx-862013697 ArticleChapo__List_Item flex\">L&rsquo;immense panache de fum\u00e9e est visible \u00e0 des kilom\u00e8tres \u00e0 la ronde en \u00cele-de-France.<\/li>\n<li class=\"jsx-862013697 ArticleChapo__List_Item flex\">Une forte odeur de br\u00fbl\u00e9 incommode la population.<\/li>\n<\/ul>\n<p data-module=\"article-paragraph\" class=\"jsx-3046738180 Paragraph\">Une odeur de br\u00fbl\u00e9 embaume une large partie de l&rsquo;\u00cele-de-France.\u00a0Un important incendie, dont l&rsquo;origine demeure inconnue, s&rsquo;est d\u00e9clar\u00e9 mardi 24 juin au soir Chemin du Champ-\u00e0-Loup, \u00e0 Groslay, dans le Val-d&rsquo;Oise. Il est toujours en cours ce mercredi matin.\u00a0<\/p>\n<p data-module=\"article-paragraph\" class=\"jsx-3046738180 Paragraph Paragraph__End\">\u00ab\u00a0Les sapeurs-pompiers sont sur place. Laissez passer les v\u00e9hicules de secours\u00a0\u00bb, indique le Sdis 95 sur <a href=\"https:\/\/x.com\/Sdis_95\/status\/1937611184632385829\" target=\"_blank\">le r\u00e9seau social X (nouvelle fen\u00eatre)<\/a>. \u00ab\u00a0Prudence dans la zone.\u00a0\u00bb \u00ab\u00a0N&rsquo;appelez pas le 18\u00a0\u00bb, demande la pr\u00e9fecture du Val-d&rsquo;Oise. \u00ab\u00a0Les secours sont d\u00e9j\u00e0 engag\u00e9s.\u00a0\u00bb<\/p>\n<p data-module=\"article-paragraph\" class=\"jsx-3046738180 Paragraph Paragraph__End\">L&rsquo;\u00e9pais nuage de fum\u00e9e noire, visible \u00e0 des kilom\u00e8tres \u00e0 la ronde, survole Paris et ses proches environs, en direction de l&rsquo;ouest.\u00a0Sur les r\u00e9seaux sociaux, plusieurs internautes se plaignent que l&rsquo;odeur les oblige \u00e0 fermer leurs fen\u00eatres, alors qu&rsquo;il commence d\u00e9j\u00e0 \u00e0 faire chaud en ce d\u00e9but de matin\u00e9e.<\/p>\n<p>La r\u00e9daction de TF1info<\/p>\n","protected":false},"excerpt":{"rendered":"Un incendie s&rsquo;est d\u00e9clar\u00e9, mardi 24 juin, en fin de soir\u00e9e, \u00e0 Groslay, dans le Val-d&rsquo;Oise. L&rsquo;immense panache&hellip;\n","protected":false},"author":2,"featured_media":202606,"comment_status":"","ping_status":"","sticky":false,"template":"","format":"standard","meta":{"footnotes":""},"categories":[1592],"tags":[1111,11,1921,1777,674,1011,27,662,1310,1922,2954,12,626,4775,25,2292,133,2953],"class_list":{"0":"post-202605","1":"post","2":"type-post","3":"status-publish","4":"format-standard","5":"has-post-thumbnail","7":"category-ile-de-france","8":"tag-actu","9":"tag-actualites","10":"tag-article-video","11":"tag-eu","12":"tag-europe","13":"tag-fr","14":"tag-france","15":"tag-ile-de-france","16":"tag-incendie","17":"tag-info","18":"tag-justice-et-faits-divers","19":"tag-news","20":"tag-paris","21":"tag-pompier","22":"tag-republique-francaise","23":"tag-val-doise","24":"tag-video","25":"tag-video-police"},"share_on_mastodon":{"url":"https:\/\/pubeurope.com\/@fr\/114742666554204319","error":""},"_links":{"self":[{"href":"https:\/\/www.europesays.com\/fr\/wp-json\/wp\/v2\/posts\/202605","targetHints":{"allow":["GET"]}}],"collection":[{"href":"https:\/\/www.europesays.com\/fr\/wp-json\/wp\/v2\/posts"}],"about":[{"href":"https:\/\/www.europesays.com\/fr\/wp-json\/wp\/v2\/types\/post"}],"author":[{"embeddable":true,"href":"https:\/\/www.europesays.com\/fr\/wp-json\/wp\/v2\/users\/2"}],"replies":[{"embeddable":true,"href":"https:\/\/www.europesays.com\/fr\/wp-json\/wp\/v2\/comments?post=202605"}],"version-history":[{"count":0,"href":"https:\/\/www.europesays.com\/fr\/wp-json\/wp\/v2\/posts\/202605\/revisions"}],"wp:featuredmedia":[{"embeddable":true,"href":"https:\/\/www.europesays.com\/fr\/wp-json\/wp\/v2\/media\/202606"}],"wp:attachment":[{"href":"https:\/\/www.europesays.com\/fr\/wp-json\/wp\/v2\/media?parent=202605"}],"wp:term":[{"taxonomy":"category","embeddable":true,"href":"https:\/\/www.europesays.com\/fr\/wp-json\/wp\/v2\/categories?post=202605"},{"taxonomy":"post_tag","embeddable":true,"href":"https:\/\/www.europesays.com\/fr\/wp-json\/wp\/v2\/tags?post=202605"}],"curies":[{"name":"wp","href":"https:\/\/api.w.org\/{rel}","templated":true}]}}