{"id":202611,"date":"2025-06-25T06:50:13","date_gmt":"2025-06-25T06:50:13","guid":{"rendered":"https:\/\/www.europesays.com\/fr\/202611\/"},"modified":"2025-06-25T06:50:13","modified_gmt":"2025-06-25T06:50:13","slug":"modes-de-paiement-amendes-quel-bilan-pour-lautoroute-a-flux-libre-entre-paris-et-la-normandie","status":"publish","type":"post","link":"https:\/\/www.europesays.com\/fr\/202611\/","title":{"rendered":"Modes de paiement, amendes&#8230; quel bilan pour l&rsquo;autoroute \u00e0 flux libre entre Paris et la Normandie\u00a0?"},"content":{"rendered":"<p>            Par<br \/>\n        <strong><br \/>\n            <a href=\"https:\/\/actu.fr\/auteur\/fmass\" title=\"Consulter tous les articles de Fabien Massin\" target=\"_blank\" rel=\"noopener\">Fabien Massin<\/a><br \/>\n        <\/strong><\/p>\n<p>        Publi\u00e9 le<\/p>\n<p>            25 juin 2025 \u00e0 7h50        <\/p>\n<p>Il y a un an, en juin\u00a02024, la Sanef (soci\u00e9t\u00e9 des autoroutes du Nord et de l\u2019Est de la France), la soci\u00e9t\u00e9 concessionnaire entre autres de l\u2019autoroute A13, <strong>reliant Paris et la Normandie<\/strong>, a ouvert un<a href=\"https:\/\/actu.fr\/normandie\/rouen_76540\/rouen-capitale-des-centres-d-appel-un-nouveau-arrive-et-recrute-60-personnes_61216678.html\" target=\"_blank\" rel=\"noopener\"> centre de relations clients<\/a> \u00e0 <a href=\"https:\/\/actu.fr\/normandie\/petit-couronne_76497\" target=\"_blank\" rel=\"noopener\">Petit-Couronne<\/a>, dans l\u2019agglo de <a href=\"https:\/\/actu.fr\/normandie\/seine-maritime_76\" target=\"_blank\" rel=\"noopener\">Rouen (Seine-Maritime)<\/a>. Une implantation qui s\u2019inscrit dans le cadre du passage des autoroutes <a href=\"https:\/\/actu.fr\/tag\/autoroute-13-a13\" target=\"_blank\" rel=\"noopener\">A13<\/a> et A14 en flux libre, c\u2019est-\u00e0-dire avec la disparition des bonnes vieilles barri\u00e8res \u00e0 p\u00e9age.<br \/>Parmi les objectifs de cette transformation, d\u00e9cid\u00e9e par le minist\u00e8re des Transports\u2009: <strong>une meilleure fluidit\u00e9 du trafic et une modernisation des moyens de paiement<\/strong>. Un an apr\u00e8s l\u2019ouverture du centre, la Sanef a pr\u00e9sent\u00e9 des chiffres montrant comment les automobilistes se sont adapt\u00e9s (ou non) au nouveau dispositif.<\/p>\n<p>Fini les embouteillages aux barri\u00e8res de p\u00e9age<\/p>\n<p class=\" wall-content\">Depuis juin\u00a02024 sur l\u2019A14 et d\u00e9cembre de la m\u00eame ann\u00e9e sur l\u2019A13, fini les embouteillages aux abords des barri\u00e8res de p\u00e9age, les automobilistes <strong>passent d\u00e9sormais sous des portiques qui d\u00e9tectent leur pr\u00e9sence<\/strong>. Et le paiement s\u2019effectue en ligne ou via des points de vente agr\u00e9\u00e9s, chez un buraliste.<\/p>\n<p class=\" wall-content\">\u00ab\u2009Depuis la mise en place du flux libre, nous avons enregistr\u00e9 54\u00a0millions de passages sous les portiques par 3,2\u00a0millions de clients diff\u00e9rents, des chiffres conformes \u00e0 ce que nous attendions\u2009\u00bb, informe Vincent Fanguet, directeur de l\u2019exploitation et de l\u2019exp\u00e9rience client \u00e0 la Sanef.<\/p>\n<p class=\" wall-content\">Parmi ces automobilistes, la Sanef a enregistr\u00e9 un taux de<strong> \u00ab\u2009paiements spontan\u00e9s\u2009\u00bb <\/strong>\u2014 les clients payant d\u2019eux-m\u00eames et dans les temps, sous 72\u00a0heures \u2014 <strong>de\u00a094\u2009%<\/strong>. \u00ab\u2009C\u2019est un taux satisfaisant Une part importante des paiements se fait via un badge de t\u00e9l\u00e9p\u00e9age, syst\u00e8me avec lequel l\u2019automobiliste n\u2019a rien \u00e0 faire, le paiement se fait automatiquement.\u2009\u00bb<\/p>\n<p class=\" wall-content\">\u00ab\u2009Le taux de t\u00e9l\u00e9p\u00e9age progresse, il repr\u00e9sente deux tiers des passages la semaine et la moiti\u00e9 le week-end, indique Vincent Fanguet. <strong>Il y a un effet flux libre<\/strong>, notamment parce que les clients ne peuvent plus payer avec leur carte Total comme c\u2019\u00e9tait le cas auparavant aux p\u00e9ages. Des professionnels choisissent ainsi de basculer au t\u00e9l\u00e9p\u00e9age.\u2009\u00bb<\/p>\n<p class=\" wall-content\">D\u2019autres payent en ligne, 1\u00a0million de comptes ont \u00e9t\u00e9 cr\u00e9\u00e9s sur le site de la Sanef. Ils payent soit au trajet, soit en associant leur carte bancaire \u00e0 leur compte, le pr\u00e9l\u00e8vement est ainsi automatique. Mais cela ne marche que sur le r\u00e9seau Sanef, <strong>contrairement au badge t\u00e9l\u00e9p\u00e9age.<\/strong><\/p>\n<p class=\" wall-content\">Pour ceux qui ne veulent pas payer en ligne, ils peuvent se rendre dans chez un point de vente du r\u00e9seau de paiement Nirio (par CB ou esp\u00e8ces) chez un buraliste.<\/p>\n<p>Des majorations de 10 et 90\u00a0euros<\/p>\n<p class=\" wall-content\">Si le montant n\u2019est pas r\u00e9gl\u00e9 dans les 72\u00a0heures, th\u00e9oriquement <strong>une majoration de 10\u00a0euros<\/strong> est appliqu\u00e9e. La soci\u00e9t\u00e9, qui a acc\u00e8s au fichier des cartes grise, en informe alors l\u2019automobiliste par courrier. Actuellement, pour les automobilistes dont c\u2019est le premier passage sur le r\u00e9seau, la Sanef donne quelques jours de plus pour r\u00e9gler la facture sans majoration.<\/p>\n<p class=\" wall-content\">Apr\u00e8s relances et si le r\u00e8glement n\u2019a pas \u00e9t\u00e9 effectu\u00e9, la majoration passe \u00e0 90\u00a0euros. Au bout du compte, si l\u2019automobiliste ne paye toujours pas, le dossier est transmis au tribunal de police. Avec \u00e0 la cl\u00e9 <strong>une amende forfaitaire de 370\u00a0euros<\/strong> \u00e0 verser au Tr\u00e9sor public (et non \u00e0 la Sanef).<\/p>\n<p>Des agents des ex-barri\u00e8res de p\u00e9age en reconversion<\/p>\n<p>Pour accompagner le passage en flux libre de l&rsquo;A13 et l&rsquo;A14, la Sanef a ouvert plusieurs centres de relation client : \u00e0 Petit-Couronne, le plus important, mais aussi Montesson (Yvelines), Pont-L\u2019\u00c9v\u00eaque (Calvados) et Cambrai (Nord). Ils emploient 250 personnes, dont beaucoup d&rsquo;anciens employ\u00e9s des p\u00e9ages physiques, qui ont \u00e9t\u00e9 form\u00e9s \u00e0 d&rsquo;autres m\u00e9tiers : op\u00e9rateur revue d&rsquo;image, conseiller relation client, conseiller r\u00e9clamation. Ils re\u00e7oivent des appels de gestionnaires de flottes automobiles, de loueurs de v\u00e9hicules, de particuliers qui font des r\u00e9clamations ou veulent \u00eatre aid\u00e9s dans leurs d\u00e9marches, etc. Ils effectuent \u00e9galement des v\u00e9rifications de paiement en visionnant les images prises au niveau des portiques, et le cas \u00e9ch\u00e9ant, des agents asserment\u00e9s constatent les infractions.\u00a0<\/p>\n<p>Suivez l\u2019actualit\u00e9 de Rouen sur notre<a href=\"https:\/\/www.whatsapp.com\/channel\/0029VaKfnf99hXF2ddApFB1D\" target=\"_blank\" rel=\"noopener\"> cha\u00eene WhatsApp<\/a> et sur notre <a href=\"https:\/\/www.tiktok.com\/@76actu.fr?lang=fr\" target=\"_blank\" rel=\"noopener\">compte TikTok<\/a>Suivez l\u2019actualit\u00e9 du\u00a0Havre\u00a0sur notre <a href=\"https:\/\/www.whatsapp.com\/channel\/0029VaFqJYE8aKvLBwVrEe0o\" target=\"_blank\" rel=\"noopener\">cha\u00eene WhatsApp<\/a>\u00a0et\u00a0sur notre<a href=\"https:\/\/www.tiktok.com\/@76actu.fr?lang=fr\" target=\"_blank\" rel=\"noopener\"> compte TikTok<\/a><\/p>\n<p class=\" wall-content\">Suivez toute l\u2019actualit\u00e9 de vos villes et m\u00e9dias favoris en vous inscrivant \u00e0 <a href=\"https:\/\/moncompte.actu.fr\" title=\"D\u00e9couvez Mon Actu\" rel=\"nofollow noopener\" data-trk=\"{&quot;cta&quot;:{&quot;action&quot;:&quot;https:\\\/\\\/moncompte.actu.fr&quot;,&quot;category&quot;:&quot;mon compte&quot;,&quot;from&quot;:&quot;article footer&quot;,&quot;name&quot;:&quot;Mon actu&quot;,&quot;type&quot;:&quot;cta&quot;}}\" target=\"_blank\">Mon Actu<\/a>.<\/p>\n<ul class=\"ac-article-tag wall-content\">\n<li><a href=\"https:\/\/actu.fr\/tag\/autoroute-13-a13\" data-trk=\"{&quot;cta&quot;:{&quot;action&quot;:&quot;Autoroute 13 (A13)&quot;,&quot;category&quot;:&quot;tag&quot;,&quot;from&quot;:&quot;article footer&quot;,&quot;name&quot;:&quot;Autoroute 13 (A13)&quot;,&quot;type&quot;:&quot;cta&quot;}}\" target=\"_blank\" rel=\"noopener\">#Autoroute 13 (A13)<\/a><\/li>\n<li><a href=\"https:\/\/actu.fr\/tag\/info-trafic\" data-trk=\"{&quot;cta&quot;:{&quot;action&quot;:&quot;Info trafic&quot;,&quot;category&quot;:&quot;tag&quot;,&quot;from&quot;:&quot;article footer&quot;,&quot;name&quot;:&quot;Info trafic&quot;,&quot;type&quot;:&quot;cta&quot;}}\" target=\"_blank\" rel=\"noopener\">#Info trafic<\/a><\/li>\n<\/ul>\n<p>                    <script async src=\"\/\/www.tiktok.com\/embed.js\"><\/script><\/p>\n","protected":false},"excerpt":{"rendered":"Par Fabien Massin Publi\u00e9 le 25 juin 2025 \u00e0 7h50 Il y a un an, en juin\u00a02024, la&hellip;\n","protected":false},"author":2,"featured_media":202612,"comment_status":"","ping_status":"","sticky":false,"template":"","format":"standard","meta":{"footnotes":""},"categories":[1888],"tags":[11,12725,1777,674,1011,27,803,12,626,25,104],"class_list":{"0":"post-202611","1":"post","2":"type-post","3":"status-publish","4":"format-standard","5":"has-post-thumbnail","7":"category-paris","8":"tag-actualites","9":"tag-autoroute-13-a13","10":"tag-eu","11":"tag-europe","12":"tag-fr","13":"tag-france","14":"tag-info-trafic","15":"tag-news","16":"tag-paris","17":"tag-republique-francaise","18":"tag-societe"},"share_on_mastodon":{"url":"https:\/\/pubeurope.com\/@fr\/114742678234620917","error":""},"_links":{"self":[{"href":"https:\/\/www.europesays.com\/fr\/wp-json\/wp\/v2\/posts\/202611","targetHints":{"allow":["GET"]}}],"collection":[{"href":"https:\/\/www.europesays.com\/fr\/wp-json\/wp\/v2\/posts"}],"about":[{"href":"https:\/\/www.europesays.com\/fr\/wp-json\/wp\/v2\/types\/post"}],"author":[{"embeddable":true,"href":"https:\/\/www.europesays.com\/fr\/wp-json\/wp\/v2\/users\/2"}],"replies":[{"embeddable":true,"href":"https:\/\/www.europesays.com\/fr\/wp-json\/wp\/v2\/comments?post=202611"}],"version-history":[{"count":0,"href":"https:\/\/www.europesays.com\/fr\/wp-json\/wp\/v2\/posts\/202611\/revisions"}],"wp:featuredmedia":[{"embeddable":true,"href":"https:\/\/www.europesays.com\/fr\/wp-json\/wp\/v2\/media\/202612"}],"wp:attachment":[{"href":"https:\/\/www.europesays.com\/fr\/wp-json\/wp\/v2\/media?parent=202611"}],"wp:term":[{"taxonomy":"category","embeddable":true,"href":"https:\/\/www.europesays.com\/fr\/wp-json\/wp\/v2\/categories?post=202611"},{"taxonomy":"post_tag","embeddable":true,"href":"https:\/\/www.europesays.com\/fr\/wp-json\/wp\/v2\/tags?post=202611"}],"curies":[{"name":"wp","href":"https:\/\/api.w.org\/{rel}","templated":true}]}}