{"id":202613,"date":"2025-06-25T06:51:09","date_gmt":"2025-06-25T06:51:09","guid":{"rendered":"https:\/\/www.europesays.com\/fr\/202613\/"},"modified":"2025-06-25T06:51:09","modified_gmt":"2025-06-25T06:51:09","slug":"trafic-au-ralenti-sur-les-routes-de-paris-et-dile-de-france-dimportants-bouchons-signales","status":"publish","type":"post","link":"https:\/\/www.europesays.com\/fr\/202613\/","title":{"rendered":"Trafic au ralenti sur les routes de Paris et d&rsquo;\u00cele-de-France, d&rsquo;importants bouchons signal\u00e9s"},"content":{"rendered":"<p>            Par<br \/>\n        <strong><br \/>\n            <a href=\"https:\/\/actu.fr\/auteur\/redaction-paris\" title=\"Consulter tous les articles de R\u00e9daction Paris\" rel=\"nofollow noopener\" target=\"_blank\">R\u00e9daction Paris<\/a><br \/>\n        <\/strong><\/p>\n<p>        Publi\u00e9 le<\/p>\n<p>            25 juin 2025 \u00e0 8h42        <\/p>\n<p>Que se passe-t-il sur les routes de Paris et d\u2019\u00cele-de-France ce mercredi 25\u00a0juin 2025\u2009? Comme depuis le d\u00e9but de la semaine, voil\u00e0 un matin de plus o\u00f9 la <a href=\"https:\/\/actu.fr\/tag\/circulation\" rel=\"nofollow noopener\" target=\"_blank\">circulation<\/a> est tr\u00e8s difficile et les <strong>embouteillages<\/strong>, \u00e9lev\u00e9s.<\/p>\n<p>Travaux et accidents<\/p>\n<p class=\" wall-content\">D\u2019apr\u00e8s le barom\u00e8tre de Sytadin.fr, qui comptabilise le cumul des bouchons sur les axes de la r\u00e9gion, les embouteillages atteignent, \u00e0 8h20,<strong> 346 kilom\u00e8tres<\/strong>. Un niveau jug\u00e9 exceptionnel par la Direction des routes d\u2019\u00cele-de-France (DiRIF).\u00a0\u00c0 titre de comparaison, lorsque la circulation est fluide, ils d\u00e9passent l\u00e9g\u00e8rement 200 kilom\u00e8tres.<\/p>\n<p class=\" wall-content\">Quelques <strong>incidents<\/strong> peuvent expliquer cette situation\u2009:<\/p>\n<p class=\" wall-content\">\u2013 N6 vers la province\u2009: fermeture de l\u2019acc\u00e8s vers N104 ext\u00e9rieure (Tigery) en raison de travaux. Une voie est neutralis\u00e9e jusqu\u2019\u00e0 15\u00a0heures<\/p>\n<p class=\" wall-content\">\u2013 Travaux sur N13 Paris-province de Neuilly (N13) vers Pont de Neuilly (D1)<br \/>chantier fixe. Sur trois voies, une est ferm\u00e9e \u00e0 droite<\/p>\n<p>Vid\u00e9os : en ce moment sur Actu<\/p>\n<p class=\" wall-content\">\u2013 Accident sur l\u2019A86 int\u00e9rieur de Chatenay-Malabry (D60) vers Boursidi\u00e8re-D986. Deux poids lourds impliqu\u00e9s. Sur trois voies, une est ferm\u00e9e \u00e0 droite<\/p>\n<p class=\" wall-content\">\u2013 V\u00e9hicule l\u00e9ger en panne sur A13 province-Paris de Vaucresson (A13xA86) vers St Cloud-D985 (&gt;Paris). Sur trois voies, une est ferm\u00e9e \u00e0 gauche<\/p>\n<p class=\" wall-content\">\u2013 V\u00e9hicule l\u00e9ger en panne sur A12 Paris-province de Rocquencourt (A12xA13) vers Fontenay-le-Fleury<\/p>\n<p class=\" wall-content\">\u2013 V\u00e9hicule l\u00e9ger en panne sur A6B Paris-province de Fresnes (A6BxA86) vers Wissous (A10xA6xA6AxA6B). Sur trois voies, une est ferm\u00e9e \u00e0 droite<\/p>\n<p class=\" wall-content\">\u2013 V\u00e9hicule l\u00e9ger en panne sur A6 Paris-province. Sur trois voies, une est ferm\u00e9e \u00e0 droite<\/p>\n<p class=\" wall-content\">\u2013 Accident sur A86 ext\u00e9rieur de La Courneuve (A86xA1) vers Aubervilliers (D31). Deux v\u00e9hicules l\u00e9gers impliqu\u00e9s. Sur quatre voies, une est ferm\u00e9e \u00e0 gauche<\/p>\n<p class=\" wall-content\">\u2013 Travaux sur A115 Paris-province chantier fixe. Sur deux voies, une est ferm\u00e9e \u00e0 gauche<\/p>\n<p class=\" wall-content\">Suivez toute l\u2019actualit\u00e9 de vos villes et m\u00e9dias favoris en vous inscrivant \u00e0 <a href=\"https:\/\/moncompte.actu.fr\" title=\"D\u00e9couvez Mon Actu\" rel=\"nofollow noopener\" data-trk=\"{&quot;cta&quot;:{&quot;action&quot;:&quot;https:\\\/\\\/moncompte.actu.fr&quot;,&quot;category&quot;:&quot;mon compte&quot;,&quot;from&quot;:&quot;article footer&quot;,&quot;name&quot;:&quot;Mon actu&quot;,&quot;type&quot;:&quot;cta&quot;}}\" target=\"_blank\">Mon Actu<\/a>.<\/p>\n","protected":false},"excerpt":{"rendered":"Par R\u00e9daction Paris Publi\u00e9 le 25 juin 2025 \u00e0 8h42 Que se passe-t-il sur les routes de Paris&hellip;\n","protected":false},"author":2,"featured_media":201159,"comment_status":"","ping_status":"","sticky":false,"template":"","format":"standard","meta":{"footnotes":""},"categories":[1888],"tags":[11,3542,1777,674,1011,27,12,626,25,104,2803],"class_list":{"0":"post-202613","1":"post","2":"type-post","3":"status-publish","4":"format-standard","5":"has-post-thumbnail","7":"category-paris","8":"tag-actualites","9":"tag-circulation","10":"tag-eu","11":"tag-europe","12":"tag-fr","13":"tag-france","14":"tag-news","15":"tag-paris","16":"tag-republique-francaise","17":"tag-societe","18":"tag-transport"},"share_on_mastodon":{"url":"https:\/\/pubeurope.com\/@fr\/114742682329203551","error":""},"_links":{"self":[{"href":"https:\/\/www.europesays.com\/fr\/wp-json\/wp\/v2\/posts\/202613","targetHints":{"allow":["GET"]}}],"collection":[{"href":"https:\/\/www.europesays.com\/fr\/wp-json\/wp\/v2\/posts"}],"about":[{"href":"https:\/\/www.europesays.com\/fr\/wp-json\/wp\/v2\/types\/post"}],"author":[{"embeddable":true,"href":"https:\/\/www.europesays.com\/fr\/wp-json\/wp\/v2\/users\/2"}],"replies":[{"embeddable":true,"href":"https:\/\/www.europesays.com\/fr\/wp-json\/wp\/v2\/comments?post=202613"}],"version-history":[{"count":0,"href":"https:\/\/www.europesays.com\/fr\/wp-json\/wp\/v2\/posts\/202613\/revisions"}],"wp:featuredmedia":[{"embeddable":true,"href":"https:\/\/www.europesays.com\/fr\/wp-json\/wp\/v2\/media\/201159"}],"wp:attachment":[{"href":"https:\/\/www.europesays.com\/fr\/wp-json\/wp\/v2\/media?parent=202613"}],"wp:term":[{"taxonomy":"category","embeddable":true,"href":"https:\/\/www.europesays.com\/fr\/wp-json\/wp\/v2\/categories?post=202613"},{"taxonomy":"post_tag","embeddable":true,"href":"https:\/\/www.europesays.com\/fr\/wp-json\/wp\/v2\/tags?post=202613"}],"curies":[{"name":"wp","href":"https:\/\/api.w.org\/{rel}","templated":true}]}}