{"id":202622,"date":"2025-06-25T06:58:26","date_gmt":"2025-06-25T06:58:26","guid":{"rendered":"https:\/\/www.europesays.com\/fr\/202622\/"},"modified":"2025-06-25T06:58:26","modified_gmt":"2025-06-25T06:58:26","slug":"france-allemagne-espoirs-mathys-tel-leader-naturel-des-bleus-aux-portes-dune-nouvelle-finale","status":"publish","type":"post","link":"https:\/\/www.europesays.com\/fr\/202622\/","title":{"rendered":"France-Allemagne Espoirs\u00a0: Mathys Tel, leader naturel des Bleus, aux portes d\u2019une nouvelle finale"},"content":{"rendered":"<p class=\"paragraph text_align_left lp-f-body-02\">Il est mont\u00e9 en puissance, sans trembler, en endossant le r\u00f4le de leader de l\u2019\u00e9quipe de France Espoirs, qualifi\u00e9e pour <a href=\"https:\/\/www.leparisien.fr\/sports\/football\/equipe-de-france\/euro-espoirs-le-tableau-des-demi-finales-avec-la-france-22-06-2025-VUWCLV6QCBDNVHGQQO4YKANSLE.php\" target=\"_self\" rel=\"noopener\">les demi-finales du championnat d\u2019Europe<\/a>, ce mercredi \u00e0 21 heures, contre l\u2019Allemagne. \u00c0 20 ans tout pile, Mathys Tel est dans la force de l\u2019\u00e2ge, anim\u00e9 par l\u2019envie de marquer l\u2019histoire en ajoutant son nom au palmar\u00e8s d\u2019un tournoi que les Bleuets n\u2019ont plus gagn\u00e9 depuis 1988 (g\u00e9n\u00e9ration Cantona), en remportant un nouveau titre, aussi, un mois et demi apr\u00e8s la Ligue Europa avec Tottenham, qu\u2019il a rejoint depuis f\u00e9vrier.<\/p>\n<p class=\"paragraph text_align_left lp-f-body-02\">Pass\u00e9 num\u00e9ro un devant au gr\u00e9 des forfaits (<a href=\"https:\/\/www.leparisien.fr\/sports\/football\/psg\/jai-toujours-senti-que-javais-le-niveau-hugo-ekitike-revient-sur-son-passage-rate-au-psg-05-03-2025-CEVKESVRGNAQPFUQJYMUJUH2CI.php\" target=\"_self\" rel=\"noopener\">Ekitike<\/a>, Kalimuendo), l\u2019attaquant est devenu incontournable, essentiel m\u00eame \u00e0 cette \u00e9quipe qu\u2019il dynamite par ses courses, ses appels et l\u2019\u00e9nergie qu\u2019il d\u00e9ploie \u00e0 chaque match pour bousculer les d\u00e9fenses. <\/p>\n<p class=\"paragraph text_align_left lp-f-body-02\">Les Danois n\u2019ont pas r\u00e9ussi \u00e0 l\u2019\u00e9teindre dimanche soir. D\u00e9cal\u00e9 par Abline, l\u2019autre Matthis de la troupe, le num\u00e9ro 7 tricolore a propuls\u00e9 son \u00e9quipe dans le dernier carr\u00e9 gr\u00e2ce \u00e0 un but qualifi\u00e9 de \u00ab Thierry Henryesque \u00bb par l\u2019ancien buteur britannique Jermain Defoe. Il avait d\u00e9j\u00e0 marqu\u00e9 sur p\u00e9nalty contre la G\u00e9orgie (3-2).<\/p>\n<blockquote class=\"twitter-tweet\">\n<p lang=\"fr\" dir=\"ltr\">\ud835\udc03\ud835\udc1e\ud835\udc2c \ud835\udc1e\u0301\ud835\udc26\ud835\udc28\ud835\udc2d\ud835\udc22\ud835\udc28\ud835\udc27\ud835\udc2c \ud835\udc1a\u0300 \ud835\udc25\u2019\ud835\udc1e\u0301\ud835\udc2d\ud835\udc1a\ud835\udc2d \ud835\udc29\ud835\udc2e\ud835\udc2b \ud83d\ude0d<\/p>\n<p>Le but de la qualif&rsquo; en demi-finale de l&rsquo;EURO U21 ! C&rsquo;est sign\u00e9 Mathys Tel \ud83d\udd25<a href=\"https:\/\/twitter.com\/hashtag\/DANFRA?src=hash&amp;ref_src=twsrc%5Etfw\" target=\"_blank\" rel=\"noopener\">#DANFRA<\/a> <a href=\"https:\/\/twitter.com\/hashtag\/U21EURO?src=hash&amp;ref_src=twsrc%5Etfw\" target=\"_blank\" rel=\"noopener\">#U21EURO<\/a> <a href=\"https:\/\/t.co\/7SvubdoI0m\">pic.twitter.com\/7SvubdoI0m<\/a><\/p>\n<p>\u2014 Equipe de France \u2b50\u2b50 (@equipedefrance) <a href=\"https:\/\/twitter.com\/equipedefrance\/status\/1937183367847407649?ref_src=twsrc%5Etfw\" target=\"_blank\" rel=\"noopener\">June 23, 2025<\/a><\/p><\/blockquote>\n<p class=\"paragraph text_align_left lp-f-body-02\">Absent aux JO de Paris 2024 l\u2019an dernier, l\u2019ancien Rennais prend ses responsabilit\u00e9s sous les ordres de G\u00e9rald Baticle qui lui avait demand\u00e9 d\u2019\u00e9lever le curseur apr\u00e8s le premier match face au Portugal. Message re\u00e7u et appliqu\u00e9. <\/p>\n<p class=\"paragraph text_align_left lp-f-body-02\"><a href=\"https:\/\/www.leparisien.fr\/sports\/football\/ligue-1\/des-quil-touchait-la-balle-tout-seclairait-de-la-grande-borne-a-rennes-sur-les-traces-de-djaoui-cisse-15-02-2025-RQ4CA5WSARDLDAJWVOUO6L5IWQ.php\" target=\"_blank\" rel=\"noopener\">Dans le sillage d\u2019un Djaoui Ciss\u00e9<\/a>, qui se r\u00e9v\u00e8le au grand jour, il profite de ce championnat d\u2019Europe pour se signaler et montre \u00e0 Thomas Frank, nouvel entra\u00eeneur de Tottenham, qu\u2019il a l\u2019\u00e9toffe pour s\u2019installer dans son \u00e9quipe la saison prochaine. Le technicien l\u2019avait d\u2019ailleurs appel\u00e9 pendant la pr\u00e9paration \u00e0 Clairefontaine pour lui dire son envie d\u2019en faire un \u00e9l\u00e9ment central de sa ligne d\u2019attaque. Au rythme o\u00f9 il carbure en Slovaquie, il va le r\u00e9cup\u00e9rer en pleine confiance.<\/p>\n<p class=\"paragraph text_align_left lp-f-body-02\">Fort de quatre ann\u00e9es dans le monde professionnel, Mathys Tel met \u00e0 profit ses exp\u00e9riences pass\u00e9es : de ses d\u00e9buts fracassants au Bayern \u00e0 ses deux transferts \u00e0 plusieurs dizaines de millions d\u2019euros, en passant par des moments de doute, l\u2019avant-centre, <a href=\"https:\/\/www.leparisien.fr\/sports\/football\/mercato-mathys-tel-sengage-officiellement-avec-tottenham-jusquen-2031-15-06-2025-BXXYTLNPLZCCHL2KM5FHI2CYOU.php\" target=\"_self\" rel=\"noopener\">transf\u00e9r\u00e9 pour 35 M\u20ac et 5 de bonus \u00e0 Tottenham le 15 juin dernier<\/a>, appara\u00eet comme plus lib\u00e9r\u00e9, investi d\u2019une mission qu\u2019il entend bien mener \u00e0 son terme. <\/p>\n<p class=\"paragraph text_align_left lp-f-body-02\">\u00ab On est l\u00e0 pour remporter cet Euro, on pousse tous, et moi encore plus fort car j\u2019ai eu ce go\u00fbt de la victoire en 2022. Je dis \u00e0 tout le monde qu\u2019il faut aller la chercher, je veux un troph\u00e9e, on veut un troph\u00e9e, je veux le faire. \u00bb <\/p>\n<p class=\"paragraph text_align_left lp-f-body-02\">Trois ans apr\u00e8s avoir remport\u00e9 l\u2019Euro U17 aux c\u00f4t\u00e9s d\u2019\u00e9l\u00e9ments comme D\u00e9sir\u00e9 Dou\u00e9 ou Warren Za\u00efre-Emery, Mathys Tel conna\u00eet la route \u00e0 suivre. Plus que deux matchs et il d\u00e9crocherait \u00e0 nouveau les \u00e9toiles.<\/p>\n<p><script async src=\"https:\/\/platform.twitter.com\/widgets.js\" charset=\"utf-8\"><\/script><\/p>\n","protected":false},"excerpt":{"rendered":"Il est mont\u00e9 en puissance, sans trembler, en endossant le r\u00f4le de leader de l\u2019\u00e9quipe de France Espoirs,&hellip;\n","protected":false},"author":2,"featured_media":202623,"comment_status":"","ping_status":"","sticky":false,"template":"","format":"standard","meta":{"footnotes":""},"categories":[1587],"tags":[11,672,1804,1805,1803,27345,1777,674,63,1801,12,1802,60],"class_list":{"0":"post-202622","1":"post","2":"type-post","3":"status-publish","4":"format-standard","5":"has-post-thumbnail","7":"category-allemagne","8":"tag-actualites","9":"tag-allemagne","10":"tag-bundesrepublik-deutschland","11":"tag-de","12":"tag-deutschland","13":"tag-equipe_france_foot","14":"tag-eu","15":"tag-europe","16":"tag-football","17":"tag-germany","18":"tag-news","19":"tag-republique-federale-dallemagne","20":"tag-sports"},"share_on_mastodon":{"url":"https:\/\/pubeurope.com\/@fr\/114742709664875147","error":""},"_links":{"self":[{"href":"https:\/\/www.europesays.com\/fr\/wp-json\/wp\/v2\/posts\/202622","targetHints":{"allow":["GET"]}}],"collection":[{"href":"https:\/\/www.europesays.com\/fr\/wp-json\/wp\/v2\/posts"}],"about":[{"href":"https:\/\/www.europesays.com\/fr\/wp-json\/wp\/v2\/types\/post"}],"author":[{"embeddable":true,"href":"https:\/\/www.europesays.com\/fr\/wp-json\/wp\/v2\/users\/2"}],"replies":[{"embeddable":true,"href":"https:\/\/www.europesays.com\/fr\/wp-json\/wp\/v2\/comments?post=202622"}],"version-history":[{"count":0,"href":"https:\/\/www.europesays.com\/fr\/wp-json\/wp\/v2\/posts\/202622\/revisions"}],"wp:featuredmedia":[{"embeddable":true,"href":"https:\/\/www.europesays.com\/fr\/wp-json\/wp\/v2\/media\/202623"}],"wp:attachment":[{"href":"https:\/\/www.europesays.com\/fr\/wp-json\/wp\/v2\/media?parent=202622"}],"wp:term":[{"taxonomy":"category","embeddable":true,"href":"https:\/\/www.europesays.com\/fr\/wp-json\/wp\/v2\/categories?post=202622"},{"taxonomy":"post_tag","embeddable":true,"href":"https:\/\/www.europesays.com\/fr\/wp-json\/wp\/v2\/tags?post=202622"}],"curies":[{"name":"wp","href":"https:\/\/api.w.org\/{rel}","templated":true}]}}