{"id":202647,"date":"2025-06-25T07:13:09","date_gmt":"2025-06-25T07:13:09","guid":{"rendered":"https:\/\/www.europesays.com\/fr\/202647\/"},"modified":"2025-06-25T07:13:09","modified_gmt":"2025-06-25T07:13:09","slug":"adriana-karembeu-et-marc-lavoine-a-la-tete-dune-adorable-famille-recomposee-ces-cliches-touchants","status":"publish","type":"post","link":"https:\/\/www.europesays.com\/fr\/202647\/","title":{"rendered":"Adriana Karembeu et Marc Lavoine \u00e0 la t\u00eate d\u2019une adorable famille recompos\u00e9e : ces clich\u00e9s touchants"},"content":{"rendered":"<p>\u00c0 53 et 62 ans, Adriana Karembeu et Marc Lavoine semblent plus<br \/>\nheureux que jamais. Le 18 septembre 2024, ils ont surpris tout le<br \/>\nmonde en s\u2019affichant ensemble lors du Concerto pour la Paix d\u00a0\u00bbOmar<br \/>\nHarfouch, au Th\u00e9\u00e2tre des Champs Elys\u00e9es \u00e0 Paris. Depuis, <a href=\"https:\/\/www.closermag.fr\/people\/marc-lavoine-et-adriana-karembeu-sortie-en-amoureux-et-tendres-baisers-pour-le-couple-inseparable-3557221\" target=\"_blank\" rel=\"noopener\"><br \/>\nils ne se quittent plus<\/a>.<\/p>\n<p>En plus de former un beau couple, ils forment une belle famille<br \/>\nrecompos\u00e9e. Adriana est maman de Nina (7 ans) issue de son second<br \/>\nmariage avec Andr\u00e9 Ohania. De son c\u00f4t\u00e9, <a href=\"https:\/\/www.closermag.fr\/people\/marc-lavoine-combien-a-t-il-d-enfants-1355781#item=1\" target=\"_blank\" rel=\"noopener\"><br \/>\nMarc Lavoine est d\u00e9j\u00e0 p\u00e8re de quatre enfants<\/a> de pr\u00e9c\u00e9dentes<br \/>\nunions (Simon, Yasmine, Roman et Milo). L\u2019ain\u00e9 est n\u00e9 de sa<br \/>\nrelation avec Denise Pascal, et les trois autres de son union avec<br \/>\nSarah Poniatowski. Mardi 24 juin, une partie de la famille s\u2019est<br \/>\nr\u00e9unie pour une journ\u00e9e f\u00e9erique. Adriana Karembeu a immortalis\u00e9 le<br \/>\nmoment et a partag\u00e9 une s\u00e9rie de photos sur son compte<br \/>\nInstagram.<\/p>\n<p>Adriana Karembeu et Marc Lavoine \u00e0 Disneyland Paris<\/p>\n<p>C\u2019est <strong>une famille recompos\u00e9e, mais unie<\/strong>, qui<br \/>\nappara\u00eet sur le carrousel de photo d\u2019Adriana Karembeu. Elle<br \/>\nappara\u00eet aux c\u00f4t\u00e9s de sa fille, de son conjoint et de Roman, un des<br \/>\nquatre enfants de Marc Lavoine, aujourd\u2019hui \u00e2g\u00e9 de dix-huit ans.<br \/>\nSur l\u2019une des images, ils posent joyeusement devant le ch\u00e2teau de<br \/>\nla Belle au bois dormant, dans le parc Disneyland Paris. Il<br \/>\nsemblerait qu\u2019ils se soient offert une parenth\u00e8se f\u00e9erique, en<br \/>\npassant une journ\u00e9e dans le parc d\u2019attraction.<\/p>\n<p>Sur les autres photos, on peut voir qu\u2019ils ont eu la chance de<br \/>\nrencontrer de nombreux personnages de dessins anim\u00e9s, comme Tic et<br \/>\nTac, Minnie ou encore la Belle et la B\u00eate. On peut d\u2019ailleurs voir<br \/>\nqu\u2019Adriana Karembeu a achet\u00e9 une jolie robe de princesse \u00e0 <a href=\"https:\/\/www.closermag.fr\/people\/adriana-karembeu-maman-elle-se-livre-sur-la-distance-qui-la-separe-de-sa-fille-de-6-ans-qui-vit-au-maroc-3546077\" target=\"_blank\" rel=\"noopener\"><br \/>\nsa fille Nina<\/a>, qu\u2019elle porte fi\u00e8rement sur certains clich\u00e9s.<br \/>\nAvec le diad\u00e8me et le maquillage, elle a la panoplie compl\u00e8te.<\/p>\n<p>Adriana Karembeu partage un \u201cmoment<br \/>\nmagique en famille\u201d<\/p>\n<p>Visiblement, Adriana Karembeu est tr\u00e8s heureuse d\u2019avoir partag\u00e9<br \/>\nces <strong>moments complices<\/strong> avec les gens qu\u2019elle aime.<br \/>\n\u201c \u00ab Ce r\u00eave bleu&#8230; \u00bb Un <strong>moment magique en famille<br \/>\ndevant ce ch\u00e2teau o\u00f9 je retrouve mon ame d\u2019enfant.<\/strong> Des<br \/>\nyeux qui brillent, des fous rires, de la magie dans l\u2019air\u2026 et des<br \/>\nsouvenirs qu\u2019on n\u2019est pas pr\u00e8s d\u2019oublier\u201d, \u00e9crit-elle en<br \/>\nl\u00e9gende de sa publication.<\/p>\n<blockquote class=\"instagram-media\" style=\"background: #ffffff;border: 0;margin: 1px;width: 100%;padding: 0;max-width: 500px;\" data-instgrm-permalink=\"https:\/\/www.instagram.com\/p\/DLSH71SNYUO\/?img_index=2\" data-instgrm-version=\"14\"\/>\n<p>En mai, lors d\u2019une interview sur Lou Media elle avait confi\u00e9 :<br \/>\n\u201cCe que je voulais \u00e9viter dans ma vie, c&rsquo;est d&rsquo;\u00eatre une maman<br \/>\nqui n&rsquo;est pas heureuse\u201d. Visiblement, c&rsquo;est un pari r\u00e9ussi,<br \/>\npuisqu\u2019elle semble radieuse et \u00e9panouie.<\/p>\n<p><script async src=\"\/\/www.instagram.com\/embed.js\"><\/script><\/p>\n","protected":false},"excerpt":{"rendered":"\u00c0 53 et 62 ans, Adriana Karembeu et Marc Lavoine semblent plus heureux que jamais. Le 18 septembre&hellip;\n","protected":false},"author":2,"featured_media":202648,"comment_status":"","ping_status":"","sticky":false,"template":"","format":"standard","meta":{"footnotes":""},"categories":[1359],"tags":[6382,548,58,59,1011,27,7593,973],"class_list":{"0":"post-202647","1":"post","2":"type-post","3":"status-publish","4":"format-standard","5":"has-post-thumbnail","7":"category-people","8":"tag-adriana-karembeu","9":"tag-article-simple","10":"tag-divertissement","11":"tag-entertainment","12":"tag-fr","13":"tag-france","14":"tag-marc-lavoine","15":"tag-people"},"share_on_mastodon":{"url":"https:\/\/pubeurope.com\/@fr\/114742768683567931","error":""},"_links":{"self":[{"href":"https:\/\/www.europesays.com\/fr\/wp-json\/wp\/v2\/posts\/202647","targetHints":{"allow":["GET"]}}],"collection":[{"href":"https:\/\/www.europesays.com\/fr\/wp-json\/wp\/v2\/posts"}],"about":[{"href":"https:\/\/www.europesays.com\/fr\/wp-json\/wp\/v2\/types\/post"}],"author":[{"embeddable":true,"href":"https:\/\/www.europesays.com\/fr\/wp-json\/wp\/v2\/users\/2"}],"replies":[{"embeddable":true,"href":"https:\/\/www.europesays.com\/fr\/wp-json\/wp\/v2\/comments?post=202647"}],"version-history":[{"count":0,"href":"https:\/\/www.europesays.com\/fr\/wp-json\/wp\/v2\/posts\/202647\/revisions"}],"wp:featuredmedia":[{"embeddable":true,"href":"https:\/\/www.europesays.com\/fr\/wp-json\/wp\/v2\/media\/202648"}],"wp:attachment":[{"href":"https:\/\/www.europesays.com\/fr\/wp-json\/wp\/v2\/media?parent=202647"}],"wp:term":[{"taxonomy":"category","embeddable":true,"href":"https:\/\/www.europesays.com\/fr\/wp-json\/wp\/v2\/categories?post=202647"},{"taxonomy":"post_tag","embeddable":true,"href":"https:\/\/www.europesays.com\/fr\/wp-json\/wp\/v2\/tags?post=202647"}],"curies":[{"name":"wp","href":"https:\/\/api.w.org\/{rel}","templated":true}]}}