{"id":202649,"date":"2025-06-25T07:14:10","date_gmt":"2025-06-25T07:14:10","guid":{"rendered":"https:\/\/www.europesays.com\/fr\/202649\/"},"modified":"2025-06-25T07:14:10","modified_gmt":"2025-06-25T07:14:10","slug":"autodidacte-une-artiste-expose-a-montaut-les-creneaux-des-portraits-centres-sur-les-yeux-avec-une-methode-unique-en-son-genre","status":"publish","type":"post","link":"https:\/\/www.europesays.com\/fr\/202649\/","title":{"rendered":"Autodidacte, une artiste expose \u00e0 Montaut-les-Cr\u00e9neaux des portraits centr\u00e9s sur les yeux avec une m\u00e9thode unique en son genre"},"content":{"rendered":"<p>Cendrine Briez pr\u00e9sente \u00e0 la galerie CAP Montaut des \u0153uvres centr\u00e9es sur les yeux, pleines d\u2019\u00e9motion et de puissance, avec une technique in\u00e9dite. Cette cr\u00e9atrice donne une nouvelle forme \u00e0 l\u2019art.<\/p>\n<p>Compl\u00e8tement autodidacte, elle peint pour son plaisir. Ce sont ses proches qui l\u2019ont encourag\u00e9e \u00e0 exposer ses \u0153uvres. Et son 1er essai en 2024 fut un coup de ma\u00eetre : 1re exposition \u00e0 Biarritz et 1er prix de peinture de la ville.<\/p>\n<p>Elle a toujours \u00e9t\u00e9 fascin\u00e9e par les yeux, le regard des gens. Chaque portrait d\u00e9gage une \u00e9motion intense qui ne laisse pas indiff\u00e9rent. \u00ab\u00a0Etant autodidacte, cela m\u2019a permis de trouver ma voie et la technique qui me ressemblait\u00a0\u00bb.<\/p>\n<p>Elle ose innover, inventer des techniques ; un fond en acrylique sur une toile puis elle dessine ensuite et peint les portraits sur un premier puis un deuxi\u00e8me verre, qu\u2019elle plaque sur la toile. Une technique originale qui donne de la profondeur, un proc\u00e9d\u00e9 in\u00e9dit.<\/p>\n<p>Elle expose ses \u0153uvres jusqu\u2019au dernier week-end du mois de juin.<\/p>\n","protected":false},"excerpt":{"rendered":"Cendrine Briez pr\u00e9sente \u00e0 la galerie CAP Montaut des \u0153uvres centr\u00e9es sur les yeux, pleines d\u2019\u00e9motion et de&hellip;\n","protected":false},"author":2,"featured_media":202650,"comment_status":"","ping_status":"","sticky":false,"template":"","format":"standard","meta":{"footnotes":""},"categories":[1358],"tags":[1348,1384,1385,1386,58,59,1011,27],"class_list":{"0":"post-202649","1":"post","2":"type-post","3":"status-publish","4":"format-standard","5":"has-post-thumbnail","7":"category-arts-et-design","8":"tag-arts","9":"tag-arts-and-design","10":"tag-arts-et-design","11":"tag-design","12":"tag-divertissement","13":"tag-entertainment","14":"tag-fr","15":"tag-france"},"share_on_mastodon":{"url":"https:\/\/pubeurope.com\/@fr\/114742772637698971","error":""},"_links":{"self":[{"href":"https:\/\/www.europesays.com\/fr\/wp-json\/wp\/v2\/posts\/202649","targetHints":{"allow":["GET"]}}],"collection":[{"href":"https:\/\/www.europesays.com\/fr\/wp-json\/wp\/v2\/posts"}],"about":[{"href":"https:\/\/www.europesays.com\/fr\/wp-json\/wp\/v2\/types\/post"}],"author":[{"embeddable":true,"href":"https:\/\/www.europesays.com\/fr\/wp-json\/wp\/v2\/users\/2"}],"replies":[{"embeddable":true,"href":"https:\/\/www.europesays.com\/fr\/wp-json\/wp\/v2\/comments?post=202649"}],"version-history":[{"count":0,"href":"https:\/\/www.europesays.com\/fr\/wp-json\/wp\/v2\/posts\/202649\/revisions"}],"wp:featuredmedia":[{"embeddable":true,"href":"https:\/\/www.europesays.com\/fr\/wp-json\/wp\/v2\/media\/202650"}],"wp:attachment":[{"href":"https:\/\/www.europesays.com\/fr\/wp-json\/wp\/v2\/media?parent=202649"}],"wp:term":[{"taxonomy":"category","embeddable":true,"href":"https:\/\/www.europesays.com\/fr\/wp-json\/wp\/v2\/categories?post=202649"},{"taxonomy":"post_tag","embeddable":true,"href":"https:\/\/www.europesays.com\/fr\/wp-json\/wp\/v2\/tags?post=202649"}],"curies":[{"name":"wp","href":"https:\/\/api.w.org\/{rel}","templated":true}]}}