{"id":202653,"date":"2025-06-25T07:16:11","date_gmt":"2025-06-25T07:16:11","guid":{"rendered":"https:\/\/www.europesays.com\/fr\/202653\/"},"modified":"2025-06-25T07:16:11","modified_gmt":"2025-06-25T07:16:11","slug":"itc-spoiler-vic-en-etat-darrestation-tf1","status":"publish","type":"post","link":"https:\/\/www.europesays.com\/fr\/202653\/","title":{"rendered":"ITC &#8211; [SPOILER] &#8211; Vic en \u00e9tat d\u2019arrestation ! &#8211; TF1+"},"content":{"rendered":"<ol>\n<li><a href=\"https:\/\/news.google.com\/rss\/articles\/CBMinwFBVV95cUxORzMxMFJWRXBGaVdYT1U0Ymlfak1lZjYxTXFlbkRfUHpmN3VtZG5tWGs0LVB2d2dNMlJqZzFoWDNKZ0p1Mm4xWWFNamRwcUw2cHZZaFVONUZjbl9MRFdza2lnbnlHd25rNXNES3lQcHhuM0d1UTZyckh5QUc1eFhZa0U5Tl95NUN5a1YzNFVoVXMwMUJEaFMyOGt4M2h2Q1U?oc=5\" target=\"_blank\" rel=\"noopener\">ITC &#8211; [SPOILER] &#8211; Vic en \u00e9tat d\u2019arrestation !<\/a>&nbsp;&nbsp;TF1+<\/li>\n<li><a href=\"https:\/\/news.google.com\/rss\/articles\/CBMifkFVX3lxTE1fWHc0NzhzWkZKbVJWYlgyU3VKVWJIc05MS2hVel9xUUpzYXlUUVVBV0dzQ2Y0VUR3b05QamRXUGE4ckRyejZrWjgxVThRdlhVeWxDZ3FfUTA3MXBBMllXSGtlU0dsUkE1R0Z0NFVoeklkVmwyaW5tNjRsOUdEQQ?oc=5\" target=\"_blank\" rel=\"noopener\">Ici tout commence : ce qui vous attend dans l&rsquo;\u00e9pisode 1205 du mercredi 25 juin 2025 [SPOILERS]<\/a>&nbsp;&nbsp;AlloCin\u00e9<\/li>\n<li><a href=\"https:\/\/news.google.com\/rss\/articles\/CBMi8wFBVV95cUxPbXVQYXBpTTRHd0RPMkxacFlEaTB0NFItQU9mOXhDY3c2eWRELUhPd3V3OFFCZmZYUzdrLVllWVZnRGpOYVYyTnJSb04tT1FsX25raWw1cEU1aXpuS0hmb1NZN0hlTXFKRW1zMTdwQVpEZGh4R2FyeUE4Z2FILXg1NkVoQm42cjI3NjliV0V0YzVWTC04RlRpcVRtc0JrXzJSMWRlRFdNSFBoV3ZGbnlRRUo5T2ozNDdwYkJ6Q3BtcFREdUJmYmZnNHZ6TXpZOWctTGpHTHRkRGJMc3RKWXVYY24xcng0RXFPbkhhX0NCanQyYTQ?oc=5\" target=\"_blank\" rel=\"noopener\">Ici tout commence : \u00ab\u00a0Si tu parles c\u2019est simple, tu d\u00e9gages\u2026\u00a0\u00bb Le r\u00e9sum\u00e9 du 15 juin (SPOILERS)<\/a>&nbsp;&nbsp;T\u00e9l\u00e9 7 Jours<\/li>\n<li><a href=\"https:\/\/news.google.com\/rss\/articles\/CBMingJBVV95cUxNelRHVk8yazBFeXZjMUgxbXNQbEEwb3hFS2lOZm5PYURCaElrY2ZJdGRUcjNRckFwUEpUblRuLWtxUTVETjQ2Vkx0Y3cxbUlNTVJhM2hQNHAxYW9OSGlLZWlIZFpqRnNaOXExdFMwckhoM0FRMW41YmRxb21sYnRLaXNWZVhtTUI0UzBCQjk5QU8ycnBQZndMcFJLcmtNMXpOcWpiRkc3Nl92NEdKSGswVjVWOUl4ODFYYXh6cHVmZ25OM0swb2ZORzlpVDNfWHBrNVdYajNsTnZXR0p6NlZObDIyQmpKSkY5MmhBNmVpcWczMXRHQnd0Qkx1bExMLW9sbUJldHpiM0treVpnZV9TSUNTNkRFOG5PYVdYOG9n?oc=5\" target=\"_blank\" rel=\"noopener\">\u00ab Ici tout commence \u00bb. Les r\u00e9sum\u00e9s en avance des \u00e9pisodes du 23 au 27 juin 2025<\/a>&nbsp;&nbsp;Programme TV Ouest-France<\/li>\n<li><a href=\"https:\/\/news.google.com\/rss\/articles\/CBMikgFBVV95cUxOT3ExTTV4bzBkSk83c2ljemxpazN3dDJxNkJKVmJISkFDVnl5NjZESWYyS2RGcnV5S3NVb294OUlXS1FXZXVlSTY4c3JfdXJrQnlZZzVEMnFxSWFPejRzOXgyN0tEU2NwaWY5YUxXLVc1bnZFaDFqNXp1dy1kNUFWSEYzOFptTzdQdUwyaGl6MUZkUQ?oc=5\" target=\"_blank\" rel=\"noopener\">Ici tout commence : apr\u00e8s avoir d\u00e9couvert le secret d&rsquo;Ang\u00e8le et Stanislas, Coline fait face \u00e0 un nouveau coup dur<\/a>&nbsp;&nbsp;Yahoo Actualit\u00e9s<\/li>\n<\/ol>\n","protected":false},"excerpt":{"rendered":"ITC &#8211; [SPOILER] &#8211; Vic en \u00e9tat d\u2019arrestation !&nbsp;&nbsp;TF1+ Ici tout commence : ce qui vous attend dans&hellip;\n","protected":false},"author":2,"featured_media":202654,"comment_status":"","ping_status":"","sticky":false,"template":"","format":"standard","meta":{"footnotes":""},"categories":[1356],"tags":[58,59,3483,14231,1011,27,620,14232,14234,252,1364,14235,14233],"class_list":{"0":"post-202653","1":"post","2":"type-post","3":"status-publish","4":"format-standard","5":"has-post-thumbnail","7":"category-television","8":"tag-divertissement","9":"tag-entertainment","10":"tag-extrait","11":"tag-extrait-ici-tout-commence","12":"tag-fr","13":"tag-france","14":"tag-ici-tout-commence","15":"tag-ici-tout-commence-extrait","16":"tag-streaming-ici-tout-commence","17":"tag-television","18":"tag-tv","19":"tag-video-en-streaming-ici-tout-commence","20":"tag-video-ici-tout-commence"},"share_on_mastodon":{"url":"https:\/\/pubeurope.com\/@fr\/114742780507839407","error":""},"_links":{"self":[{"href":"https:\/\/www.europesays.com\/fr\/wp-json\/wp\/v2\/posts\/202653","targetHints":{"allow":["GET"]}}],"collection":[{"href":"https:\/\/www.europesays.com\/fr\/wp-json\/wp\/v2\/posts"}],"about":[{"href":"https:\/\/www.europesays.com\/fr\/wp-json\/wp\/v2\/types\/post"}],"author":[{"embeddable":true,"href":"https:\/\/www.europesays.com\/fr\/wp-json\/wp\/v2\/users\/2"}],"replies":[{"embeddable":true,"href":"https:\/\/www.europesays.com\/fr\/wp-json\/wp\/v2\/comments?post=202653"}],"version-history":[{"count":0,"href":"https:\/\/www.europesays.com\/fr\/wp-json\/wp\/v2\/posts\/202653\/revisions"}],"wp:featuredmedia":[{"embeddable":true,"href":"https:\/\/www.europesays.com\/fr\/wp-json\/wp\/v2\/media\/202654"}],"wp:attachment":[{"href":"https:\/\/www.europesays.com\/fr\/wp-json\/wp\/v2\/media?parent=202653"}],"wp:term":[{"taxonomy":"category","embeddable":true,"href":"https:\/\/www.europesays.com\/fr\/wp-json\/wp\/v2\/categories?post=202653"},{"taxonomy":"post_tag","embeddable":true,"href":"https:\/\/www.europesays.com\/fr\/wp-json\/wp\/v2\/tags?post=202653"}],"curies":[{"name":"wp","href":"https:\/\/api.w.org\/{rel}","templated":true}]}}