{"id":202657,"date":"2025-06-25T07:18:12","date_gmt":"2025-06-25T07:18:12","guid":{"rendered":"https:\/\/www.europesays.com\/fr\/202657\/"},"modified":"2025-06-25T07:18:12","modified_gmt":"2025-06-25T07:18:12","slug":"reflet-dans-un-diamant-mort-f1-le-grand-deplacement-nos-critiques-des-sorties-cinema-de-la-semaine-liberation","status":"publish","type":"post","link":"https:\/\/www.europesays.com\/fr\/202657\/","title":{"rendered":"\u00abReflet dans un diamant mort\u00bb, \u00abF1\u00bb, \u00able Grand d\u00e9placement\u00bb\u2026 Nos critiques des sorties cin\u00e9ma de la semaine \u2013 Lib\u00e9ration"},"content":{"rendered":"<p class=\"sc-ksZaOG ehjQrN text-element\">Pour aider nos lecteurs \u00e0 s\u2019y retrouver dans une offre culturelle foisonnante, les journalistes du service Culture de Lib\u00e9 vous d\u00e9blaient le terrain dans l\u2019actualit\u00e9 des sorties de films, d\u2019albums, de spectacles, de s\u00e9ries et d\u2019expositions. <a href=\"https:\/\/www.liberation.fr\/selections-culture\/\" rel=\"noopener\" title=\"https:\/\/www.liberation.fr\/selections-culture\/\" target=\"_blank\">Retrouvez l\u2019ensemble de nos s\u00e9lections<\/a>.<\/p>\n<p class=\"sc-ksZaOG ehjQrN text-element\">Le nouveau film du duo de cin\u00e9astes confronte un espion vieillissant aux fant\u00f4mes de son pass\u00e9 dans un jeu de miroirs sensoriel, surnaturel et profond\u00e9ment m\u00e9lancolique. <a href=\"https:\/\/www.liberation.fr\/culture\/cinema\/reflet-dans-un-diamant-mort-dhelene-cattet-et-bruno-forzani-ca-part-en-brille-20250624_HJDKZGHR3NDDXEA27RGS44WV3M\/\" target=\"_blank\" rel=\"noreferrer noopener\" title=\"https:\/\/www.liberation.fr\/culture\/cinema\/reflet-dans-un-diamant-mort-dhelene-cattet-et-bruno-forzani-ca-part-en-brille-20250624_HJDKZGHR3NDDXEA27RGS44WV3M\/\">Lire notre critique<\/a> et <a href=\"https:\/\/www.liberation.fr\/culture\/cinema\/helene-cattet-et-bruno-forzani-faire-un-film-comme-reflet-dans-un-diamant-mort-aujourdhui-cest-un-combat-20250624_HUYFKLYSDJGOBGQ3DNM3HM4JAU\/?redirected=1\" target=\"_blank\" rel=\"noreferrer noopener\" title=\"https:\/\/www.liberation.fr\/culture\/cinema\/helene-cattet-et-bruno-forzani-faire-un-film-comme-reflet-dans-un-diamant-mort-aujourdhui-cest-un-combat-20250624_HUYFKLYSDJGOBGQ3DNM3HM4JAU\/?redirected=1\">l\u2019interview de H\u00e9l\u00e8ne Cattet et Bruno Forzani<\/a>. <\/p>\n<\/p>\n<p class=\"sc-ksZaOG ehjQrN text-element\">Yeo Siew Hua revient avec un thriller labyrinthique \u00e0 Singapour, exploration inqui\u00e9tante du voyeurisme dans son Etat insulaire natal. <a href=\"https:\/\/www.liberation.fr\/culture\/cinema\/stranger-eyes-surveiller-la-surveillance-20250624_2DOZ7MN7TJFBJBIBYARNYA6364\/\" target=\"_blank\" rel=\"noopener\" title=\"https:\/\/www.liberation.fr\/culture\/cinema\/stranger-eyes-surveiller-la-surveillance-20250624_2DOZ7MN7TJFBJBIBYARNYA6364\/\">Lire notre critique<\/a>.<\/p>\n<\/p>\n<p class=\"sc-ksZaOG ehjQrN text-element\">Dans un documentaire m\u00e9lancolique et politique, la cin\u00e9aste Farahnaz Sharifi explore ses souvenirs de T\u00e9h\u00e9ran jusqu\u2019\u00e0 son exil forc\u00e9 en 2022, les connectant \u00e0 ceux de millions d\u2019Iraniennes et d\u2019Iraniens en qu\u00eate d\u2019horizon. <a href=\"https:\/\/www.liberation.fr\/culture\/cinema\/my-stolen-planet-en-iran-des-archives-pour-un-avenir-20250625_5HYGJHL7XFBHVDHSD4H3GRXUVE\/\" target=\"_blank\" rel=\"noreferrer noopener\" title=\"https:\/\/www.liberation.fr\/culture\/cinema\/my-stolen-planet-en-iran-des-archives-pour-un-avenir-20250625_5HYGJHL7XFBHVDHSD4H3GRXUVE\/\">Lire notre critique.<\/a><\/p>\n<\/p>\n<p class=\"sc-ksZaOG ehjQrN text-element\">Avec un Brad Pitt en pilote vieillissant qui passe le relais \u00e0 l\u2019\u00e9mergent Damson Idris, le r\u00e9alisateur de Top Gun : Maverick signe un film de course viriliste et premier degr\u00e9, capitalisant sur le regain d\u2019int\u00e9r\u00eat pour la Formule 1. <a href=\"https:\/\/www.liberation.fr\/culture\/cinema\/f1-de-joseph-kosinski-vroum-sevices-20250624_DQ6YOEQQFJEQDDU2ZKAFF3DNWM\/\" target=\"_blank\" rel=\"noreferrer noopener\" title=\"https:\/\/www.liberation.fr\/culture\/cinema\/f1-de-joseph-kosinski-vroum-sevices-20250624_DQ6YOEQQFJEQDDU2ZKAFF3DNWM\/\">Lire notre critique<\/a>.<\/p>\n<\/p>\n<p class=\"sc-ksZaOG ehjQrN text-element\">De retour avec une com\u00e9die estivale XXL, Jean-Pascal Zadi imagine la premi\u00e8re mission spatiale africaine. Si le concept force le respect, le long m\u00e9trage est loin de secouer autant qu\u2019esp\u00e9r\u00e9. <a href=\"https:\/\/www.liberation.fr\/culture\/cinema\/le-grand-deplacement-de-jean-pascal-zadi-vaseux-spatial-20250624_UOY4OJB44VESPJQ3G4RSQDTXK4\/\" target=\"_blank\" rel=\"noopener\" title=\"https:\/\/www.liberation.fr\/culture\/cinema\/le-grand-deplacement-de-jean-pascal-zadi-vaseux-spatial-20250624_UOY4OJB44VESPJQ3G4RSQDTXK4\/\">Lire notre critique.<\/a> <\/p>\n<\/p>\n<p class=\"sc-ksZaOG ehjQrN text-element\">Le film, adapt\u00e9 du r\u00e9cit du commandant Mohamed Bida pendant la prise de Kaboul en 2021, \u00e9choue \u00e0 faire exister ses protagonistes. <a href=\"https:\/\/www.liberation.fr\/culture\/cinema\/13-jours-13-nuits-de-martin-bourboulon-kaboul-au-ventre-20250624_DTPAEQ6GPBFQ7KQP22OFVCODPE\/\" target=\"_blank\" rel=\"noreferrer noopener\" title=\"https:\/\/www.liberation.fr\/culture\/cinema\/13-jours-13-nuits-de-martin-bourboulon-kaboul-au-ventre-20250624_DTPAEQ6GPBFQ7KQP22OFVCODPE\/\">Lire notre critique<\/a>.<\/p>\n<\/p>\n<p class=\"sc-ksZaOG ehjQrN text-element\">Malgr\u00e9 des forces graphiques sid\u00e9rantes, le premier film d\u2019animation de Mailys Vallade et Liane-Cho Han, une adaptation du roman d\u2019Am\u00e9lie Nothomb, att\u00e9nue la noirceur et l\u2019humour de la romanci\u00e8re belge. <a href=\"https:\/\/www.liberation.fr\/culture\/amelie-et-la-metaphysique-des-tubes-dessein-mine-20250625_QURCJHADZJBPPMFKKIF7HB6SFA\/\" target=\"_blank\" rel=\"noreferrer noopener\" title=\"https:\/\/www.liberation.fr\/culture\/amelie-et-la-metaphysique-des-tubes-dessein-mine-20250625_QURCJHADZJBPPMFKKIF7HB6SFA\/\">Lire notre critique.<\/a><\/p>\n<\/p>\n<p class=\"sc-ksZaOG ehjQrN text-element\">Les fr\u00e8res Nasser imaginent l\u2019histoire d\u2019un vendeur de falafels qu\u2019on oblige \u00e0 jouer dans un film de propagande. Un polar sur la vie des Gazaouis, bancal mais o\u00f9 brille l\u2019app\u00e9tit de fiction. <a href=\"https:\/\/www.liberation.fr\/culture\/cinema\/once-upon-a-time-in-gaza-bande-a-part-20250625_XY2PEEN2D5CONOD4B743AU2FPM\/\" target=\"_blank\" rel=\"noopener\" title=\"https:\/\/www.liberation.fr\/culture\/cinema\/once-upon-a-time-in-gaza-bande-a-part-20250625_XY2PEEN2D5CONOD4B743AU2FPM\/\">Lire notre critique<\/a>.<\/p>\n<\/p>\n<p class=\"sc-ksZaOG ehjQrN text-element\">Dans son premier long m\u00e9trage, le Su\u00e9dois Ernst De Geer explore le malaise inh\u00e9rent au monde entrepreneurial. Un film m\u00ealant vie de couple et critique des strat\u00e9gies commerciales. <a href=\"https:\/\/www.liberation.fr\/culture\/cinema\/sous-hypnose-start-up-alienation-20250625_JMB2IDWTRNABPNQW6KPPE4CLXA\/\" target=\"_blank\" rel=\"noreferrer noopener\" title=\"https:\/\/www.liberation.fr\/culture\/cinema\/sous-hypnose-start-up-alienation-20250625_JMB2IDWTRNABPNQW6KPPE4CLXA\/\">Lire notre critique.<\/a><\/p>\n<\/p>\n<p class=\"sc-ksZaOG ehjQrN text-element\">Le long m\u00e9trage d\u2019Udo Fluk retrace le parcours de Vera Brand\u00e8s, alors jeune femme, qui a permis le mythique K\u00f6ln Concert de Keith Jarrett. <a href=\"https:\/\/www.liberation.fr\/culture\/cinema\/au-rythme-de-vera-dudo-fluk-jazz-des-possibles-20250624_CEEBHCLXXZDLNI7DZ2BPVZHWSQ\/\" target=\"_blank\" rel=\"noreferrer noopener\" title=\"https:\/\/www.liberation.fr\/culture\/cinema\/au-rythme-de-vera-dudo-fluk-jazz-des-possibles-20250624_CEEBHCLXXZDLNI7DZ2BPVZHWSQ\/\">Lire notre critique.<\/a> <\/p>\n<\/p>\n<p class=\"sc-ksZaOG ehjQrN text-element\"><b>Bref, rivi\u00e8re de diamants sur giallo sanglant au programme, vir\u00e9e dans les \u00e9crans de surveillance de Singapour, et on peut se passer des bolides \u00e0 gros moteurs de Brad Pitt et du space opera de Jean-Pascal Zadi. Chaque jour, retrouvez les choix du service Culture de <\/b><b>Lib\u00e9 <\/b><b>: expositions le lundi, th\u00e9\u00e2tre, danse et op\u00e9ra le mardi, sorties cin\u00e9 le mercredi, musique le vendredi, s\u00e9ries le dimanche. Ainsi que le Top 10 de la semaine le samedi. Tout ce qui nous a plu (et parfois d\u00e9plu) dans l\u2019actualit\u00e9 de la culture.<\/b><\/p>\n","protected":false},"excerpt":{"rendered":"Pour aider nos lecteurs \u00e0 s\u2019y retrouver dans une offre culturelle foisonnante, les journalistes du service Culture de&hellip;\n","protected":false},"author":2,"featured_media":202658,"comment_status":"","ping_status":"","sticky":false,"template":"","format":"standard","meta":{"footnotes":""},"categories":[1354],"tags":[58,59,1346,1011,27,1360,6517],"class_list":{"0":"post-202657","1":"post","2":"type-post","3":"status-publish","4":"format-standard","5":"has-post-thumbnail","7":"category-films","8":"tag-divertissement","9":"tag-entertainment","10":"tag-films","11":"tag-fr","12":"tag-france","13":"tag-movies","14":"tag-sorties-cinema"},"share_on_mastodon":{"url":"https:\/\/pubeurope.com\/@fr\/114742788669744024","error":""},"_links":{"self":[{"href":"https:\/\/www.europesays.com\/fr\/wp-json\/wp\/v2\/posts\/202657","targetHints":{"allow":["GET"]}}],"collection":[{"href":"https:\/\/www.europesays.com\/fr\/wp-json\/wp\/v2\/posts"}],"about":[{"href":"https:\/\/www.europesays.com\/fr\/wp-json\/wp\/v2\/types\/post"}],"author":[{"embeddable":true,"href":"https:\/\/www.europesays.com\/fr\/wp-json\/wp\/v2\/users\/2"}],"replies":[{"embeddable":true,"href":"https:\/\/www.europesays.com\/fr\/wp-json\/wp\/v2\/comments?post=202657"}],"version-history":[{"count":0,"href":"https:\/\/www.europesays.com\/fr\/wp-json\/wp\/v2\/posts\/202657\/revisions"}],"wp:featuredmedia":[{"embeddable":true,"href":"https:\/\/www.europesays.com\/fr\/wp-json\/wp\/v2\/media\/202658"}],"wp:attachment":[{"href":"https:\/\/www.europesays.com\/fr\/wp-json\/wp\/v2\/media?parent=202657"}],"wp:term":[{"taxonomy":"category","embeddable":true,"href":"https:\/\/www.europesays.com\/fr\/wp-json\/wp\/v2\/categories?post=202657"},{"taxonomy":"post_tag","embeddable":true,"href":"https:\/\/www.europesays.com\/fr\/wp-json\/wp\/v2\/tags?post=202657"}],"curies":[{"name":"wp","href":"https:\/\/api.w.org\/{rel}","templated":true}]}}