{"id":20266,"date":"2025-04-12T18:11:08","date_gmt":"2025-04-12T18:11:08","guid":{"rendered":"https:\/\/www.europesays.com\/fr\/20266\/"},"modified":"2025-04-12T18:11:08","modified_gmt":"2025-04-12T18:11:08","slug":"la-tempete-olivier-va-toucher-certaines-regions-de-france-samedi-et-dimanche","status":"publish","type":"post","link":"https:\/\/www.europesays.com\/fr\/20266\/","title":{"rendered":"la temp\u00eate Olivier va toucher certaines r\u00e9gions de France samedi et dimanche"},"content":{"rendered":"<p>La d\u00e9pression qui remonte de la p\u00e9ninsule ib\u00e9rique vers le golfe de Gascogne passera par le sud-ouest puis le sud-est de la France, avant de rejoindre la Grande-Bretagne.<\/p>\n<p class=\"fig-paragraph\">Apr\u00e8s le soleil, vient\u00a0<a href=\"http:\/\/www.lefigaro.fr\/meteo\/comment-se-forme-la-pluie-20230118\" data-fig-type=\"Article\" data-gtm-custom-categorie=\"navigation\" data-gtm-custom-action=\"crossclick\" data-gtm-custom-label=\"Contextuel\" data-gtm-event=\"customEventSPE\" data-fig-domain=\"LEFIGARO\" target=\"_blank\" rel=\"noopener\">la pluie<\/a>. Ce week-end sera perturb\u00e9 par le passage de la\u00a0<a href=\"http:\/\/www.lefigaro.fr\/jardin\/orage-comment-proteger-son-jardin-20210623\" data-fig-type=\"Article\" data-gtm-custom-categorie=\"navigation\" data-gtm-custom-action=\"crossclick\" data-gtm-custom-label=\"Contextuel\" data-gtm-event=\"customEventSPE\" data-fig-domain=\"LEFIGARO\" target=\"_blank\" rel=\"noopener\">temp\u00eate Olivier<\/a>, avec des averses, parfois\u00a0<a href=\"http:\/\/www.lefigaro.fr\/meteo\/comment-se-forme-un-orage-20230825\" data-fig-type=\"Article\" data-gtm-custom-categorie=\"navigation\" data-gtm-custom-action=\"crossclick\" data-gtm-custom-label=\"Contextuel\" data-gtm-event=\"customEventSPE\" data-fig-domain=\"LEFIGARO\" target=\"_blank\" rel=\"noopener\">orageuses<\/a>, mais aussi de fortes rafales de vent. Samedi et dimanche, deux parties diff\u00e9rentes du territoire seront touch\u00e9es, annonce\u00a0<a href=\"https:\/\/actualite.lachainemeteo.com\/actualite-meteo\/2025-04-08\/changement-de-temps-ce-week-end-de-l-anticyclone-aux-depressions-76913\" target=\"_blank\" rel=\"noopener\" data-gtm-custom-categorie=\"navigation\" data-gtm-custom-action=\"crossclick\" data-gtm-custom-label=\"Contextuel\" data-gtm-event=\"customEventSPE\">La Cha\u00eene M\u00e9t\u00e9o<\/a>*.<\/p>\n<p>Le sud-ouest sous l\u2019eau<\/p>\n<p class=\"fig-paragraph\">Ce samedi, le temps se g\u00e2tera en fin de journ\u00e9e du c\u00f4t\u00e9 du sud-ouest. Des orages se d\u00e9clareront, parfois accompagn\u00e9s d\u2019une petite gr\u00eale. M\u00e9t\u00e9o-France a plac\u00e9 douze d\u00e9partements en vigilance jaune aux orages\u00a0: la Haute-Vienne, la Dordogne, la Corr\u00e8ze, le Lot, le Lot-et-Garonne, les Landes, les Pyr\u00e9n\u00e9es-Atlantiques, les Hautes-Pyr\u00e9n\u00e9es, la Haute-Garonne, l\u2019Ari\u00e8ge, le Gers et le Tarn-et-Garonne. Entre 15 et 20 mm de pluie sont attendus. Durant la nuit, la d\u00e9pression se d\u00e9portera progressivement vers le Royaume-Uni, mais aussi vers l\u2019est du pays. Face \u00e0 cette d\u00e9pression, les temp\u00e9ratures vont se rafra\u00eechir, passant de 25\u00b0C \u00e0 Bordeaux ce vendredi \u00e0 19\u00b0C ce samedi.<\/p>\n<p>Les pr\u00e9cipitations traversent le pays<\/p>\n<p class=\"fig-paragraph\">Pour le\u00a0<a href=\"http:\/\/www.lefigaro.fr\/actualite-france\/la-semaine-sainte-chronologie-de-ces-jours-qui-ont-fonde-le-christianisme-20240323\" data-fig-type=\"Article\" data-gtm-custom-categorie=\"navigation\" data-gtm-custom-action=\"crossclick\" data-gtm-custom-label=\"Contextuel\" data-gtm-event=\"customEventSPE\" data-fig-domain=\"LEFIGARO\" target=\"_blank\" rel=\"noopener\">dimanche des Rameaux<\/a>, ce sera donc cette fois-ci le sud-est du pays qui sera touch\u00e9 par les pr\u00e9cipitations. Des vagues orageuses traverseront la France du sud vers l\u2019est, touchant aussi la Corse et la C\u00f4te d\u2019Azur. Des cumuls de 40 \u00e0 50 mm pourraient \u00eatre enregistr\u00e9s. Ces pluies pourraient ponctuellement \u00eatre soutenues en direction de la M\u00e9diterran\u00e9e. Toutefois, pour l\u2019heure, aucun d\u00e9partement n\u2019est plac\u00e9 en vigilance sur le site de M\u00e9t\u00e9o-France pour cette derni\u00e8re journ\u00e9e du week-end.<\/p>\n<p class=\"fig-paragraph\">Idem, c\u00f4t\u00e9 temp\u00e9ratures, la pluie va refroidir l\u2019air. Les 20\u00b0C de Marseille et les 21\u00b0C d\u2019Ajaccio de ce samedi laisseront place \u00e0 seulement 15 et 16\u00b0C.<\/p>\n<p class=\"fig-paragraph\">*La Cha\u00eene M\u00e9t\u00e9o est une propri\u00e9t\u00e9 du groupe Figaro.<\/p>\n","protected":false},"excerpt":{"rendered":"La d\u00e9pression qui remonte de la p\u00e9ninsule ib\u00e9rique vers le golfe de Gascogne passera par le sud-ouest puis&hellip;\n","protected":false},"author":2,"featured_media":20267,"comment_status":"","ping_status":"","sticky":false,"template":"","format":"standard","meta":{"footnotes":""},"categories":[2],"tags":[11,1011,27,2487,7750,7752,7751,7749,2357,12,7748,7747],"class_list":{"0":"post-20266","1":"post","2":"type-post","3":"status-publish","4":"format-standard","5":"has-post-thumbnail","7":"category-actualites","8":"tag-actualites","9":"tag-fr","10":"tag-france","11":"tag-meteo","12":"tag-meteo-aujourdhui","13":"tag-meteo-demain","14":"tag-meteo-du-jour","15":"tag-meteo-paris","16":"tag-meteo-france","17":"tag-news","18":"tag-prevision-meteo","19":"tag-tempete"},"share_on_mastodon":{"url":"https:\/\/pubeurope.com\/@fr\/114326344986370519","error":""},"_links":{"self":[{"href":"https:\/\/www.europesays.com\/fr\/wp-json\/wp\/v2\/posts\/20266","targetHints":{"allow":["GET"]}}],"collection":[{"href":"https:\/\/www.europesays.com\/fr\/wp-json\/wp\/v2\/posts"}],"about":[{"href":"https:\/\/www.europesays.com\/fr\/wp-json\/wp\/v2\/types\/post"}],"author":[{"embeddable":true,"href":"https:\/\/www.europesays.com\/fr\/wp-json\/wp\/v2\/users\/2"}],"replies":[{"embeddable":true,"href":"https:\/\/www.europesays.com\/fr\/wp-json\/wp\/v2\/comments?post=20266"}],"version-history":[{"count":0,"href":"https:\/\/www.europesays.com\/fr\/wp-json\/wp\/v2\/posts\/20266\/revisions"}],"wp:featuredmedia":[{"embeddable":true,"href":"https:\/\/www.europesays.com\/fr\/wp-json\/wp\/v2\/media\/20267"}],"wp:attachment":[{"href":"https:\/\/www.europesays.com\/fr\/wp-json\/wp\/v2\/media?parent=20266"}],"wp:term":[{"taxonomy":"category","embeddable":true,"href":"https:\/\/www.europesays.com\/fr\/wp-json\/wp\/v2\/categories?post=20266"},{"taxonomy":"post_tag","embeddable":true,"href":"https:\/\/www.europesays.com\/fr\/wp-json\/wp\/v2\/tags?post=20266"}],"curies":[{"name":"wp","href":"https:\/\/api.w.org\/{rel}","templated":true}]}}