{"id":202663,"date":"2025-06-25T07:21:08","date_gmt":"2025-06-25T07:21:08","guid":{"rendered":"https:\/\/www.europesays.com\/fr\/202663\/"},"modified":"2025-06-25T07:21:08","modified_gmt":"2025-06-25T07:21:08","slug":"les-images-du-projet-de-memorial-delizabeth-ii-prevu-en-plein-coeur-de-londres","status":"publish","type":"post","link":"https:\/\/www.europesays.com\/fr\/202663\/","title":{"rendered":"les images du projet de m\u00e9morial d\u2019Elizabeth II, pr\u00e9vu en plein c\u0153ur de Londres"},"content":{"rendered":"<p>Alors que l\u2019ann\u00e9e 2026 marquera les 100 ans de la naissance d\u2019Elizabeth II, de nombreux hommages lui seront rendus dont la construction d\u2019un m\u00e9morial et d\u2019un pont en son souvenir, en plein c\u0153ur de Londres.<\/p>\n<p class=\"fig-paragraph\">La\u00a0<a href=\"https:\/\/madame.lefigaro.fr\/tag\/elizabeth-ii\" target=\"_blank\" rel=\"noopener\" data-gtm-custom-categorie=\"navigation\" data-gtm-custom-action=\"crossclick\" data-gtm-custom-label=\"Contextuel\" data-gtm-event=\"customEventSPE\">reine Elizabeth II<\/a>\u00a0aurait eu 100 ans le 21 avril 2026. Et si elle n\u2019est plus l\u00e0 pour c\u00e9l\u00e9brer son centenaire comme il se doit, les Britanniques comptent bien lui rendre le plus grand des hommages. Le projet pr\u00e9vu en son souvenir lui aurait d\u2019ailleurs tr\u00e8s s\u00fbrement fait esquisser un l\u00e9ger sourire, bien \u00e9videmment contr\u00f4l\u00e9.<\/p>\n<p class=\"fig-paragraph\">Sa m\u00e9moire devrait \u00eatre honor\u00e9e par l\u2019am\u00e9nagement d\u2019un impressionnant espace paysager de plusieurs hectares au sein du parc St James, en plein c\u0153ur de la capitale britannique. R\u00e9alis\u00e9 par l\u2019architecte Norman Foster et son bureau Fosters + Partners, le m\u00e9morial est pr\u00e9vu pour 2026 et sera le tout premier du genre \u00e0 rendre hommage \u00e0 la souveraine, d\u00e9c\u00e9d\u00e9e en septembre 2022. Un nouvel espace sobrement intitul\u00e9 \u00abQueen Elizabeth place\u00bb.<\/p>\n<p class=\"fig-body-link&#10;    \">\n            \u00c0 lire aussi<br \/>\n        <a class=\"fig-body-link__link\" href=\"http:\/\/madame.lefigaro.fr\/celebrites\/actu-people\/chante-jusqu-a-2-heures-du-matin-couchee-a-3-heures-charles-iii-devoile-un-extrait-du-journal-intime-d-elizabeth-ii-20250510\" data-fig-type=\"Article\" data-gtm-custom-categorie=\"navigation\" data-gtm-custom-action=\"crossclick\" data-gtm-custom-label=\"Contextuel\" data-gtm-event=\"customEventSPE\" data-fig-domain=\"MADAME\" target=\"_blank\" rel=\"noopener\">\u00abCouch\u00e9e \u00e0 3 heures du matin\u00bb\u00a0: Charles III lit un extrait du journal intime de sa m\u00e8re Elizabeth II<\/a>\n<\/p>\n<p class=\"fig-paragraph\">Pont inspir\u00e9 de son diad\u00e8me de mariage en 1947 avec des balustrades en verre moul\u00e9, statue de la souveraine \u00e0 cheval ou main dans la main avec le\u00a0<a href=\"https:\/\/madame.lefigaro.fr\/tag\/prince-philip\" target=\"_blank\" rel=\"noopener\" data-gtm-custom-categorie=\"navigation\" data-gtm-custom-action=\"crossclick\" data-gtm-custom-label=\"Contextuel\" data-gtm-event=\"customEventSPE\">prince Philip<\/a>, son \u00e9poux pendant 74 ans&#8230; Les premi\u00e8res images, d\u00e9voil\u00e9es ce mardi 24 juin, d\u00e9voilent toute l\u2019immensit\u00e9 du projet. \u00abLe concept c\u00e9l\u00e8bre la vie de la reine Elizabeth \u00e0 travers une \u00e9poque de grands changements, \u00e9quilibrant tradition et modernit\u00e9, devoir public et foi priv\u00e9e, Royaume-Uni et Commonwealth mondial, indique le cabinet d\u2019architecture sur son compte Instagram. Il illustre comment elle a r\u00e9uni ces dualit\u00e9s\u00a0: deux portes, deux jardins, unis par un pont et un chemin unificateur.\u00bb<\/p>\n<p>\u00abUn honneur et un privil\u00e8ge\u00bb<\/p>\n<p class=\"fig-paragraph\">De son c\u00f4t\u00e9, l\u2019architecte britannique a fait part de sa reconnaissance apr\u00e8s avoir \u00e9t\u00e9 s\u00e9lectionn\u00e9 pour ce projet d\u2019envergure. \u00abC\u2019est un honneur et un privil\u00e8ge (&#8230;). Sa Majest\u00e9 aimait l\u2019histoire et la tradition, et cela se refl\u00e8te dans l\u2019inspiration du design original de St James\u2019s Park. Certains de ses principes ont surv\u00e9cu, tandis que d\u2019autres ont \u00e9t\u00e9 perdus et seront restaur\u00e9s, cr\u00e9ant ainsi une famille de jardins rejoints par des chemins sinueux.\u00bb<\/p>\n<p class=\"fig-paragraph\">L\u2019architecte est notamment connu pour avoir r\u00e9alis\u00e9 le viaduc de Millau, ou encore la r\u00e9novation du Reichstag \u00e0 Berlin et de l\u2019H\u00f4tel de Ville de Londres. Rendez-vous en 2026 pour le r\u00e9sultat final.<\/p>\n","protected":false},"excerpt":{"rendered":"Alors que l\u2019ann\u00e9e 2026 marquera les 100 ans de la naissance d\u2019Elizabeth II, de nombreux hommages lui seront&hellip;\n","protected":false},"author":2,"featured_media":202664,"comment_status":"","ping_status":"","sticky":false,"template":"","format":"standard","meta":{"footnotes":""},"categories":[8],"tags":[253,2594,970,2593,29983,972,1696,650,58,20075,59,849,638,1011,27,2173,977,10778,873,973,974],"class_list":{"0":"post-202663","1":"post","2":"type-post","3":"status-publish","4":"format-standard","5":"has-post-thumbnail","7":"category-divertissement","8":"tag-acteur","9":"tag-actrice","10":"tag-aristo-co","11":"tag-artiste","12":"tag-buckingham-palace","13":"tag-celebrite","14":"tag-chanteur","15":"tag-cinema","16":"tag-divertissement","17":"tag-elizabeth-ii","18":"tag-entertainment","19":"tag-festival","20":"tag-figaro","21":"tag-fr","22":"tag-france","23":"tag-interview","24":"tag-madame","25":"tag-memorial","26":"tag-musique","27":"tag-people","28":"tag-star"},"share_on_mastodon":{"url":"https:\/\/pubeurope.com\/@fr\/114742800301001678","error":""},"_links":{"self":[{"href":"https:\/\/www.europesays.com\/fr\/wp-json\/wp\/v2\/posts\/202663","targetHints":{"allow":["GET"]}}],"collection":[{"href":"https:\/\/www.europesays.com\/fr\/wp-json\/wp\/v2\/posts"}],"about":[{"href":"https:\/\/www.europesays.com\/fr\/wp-json\/wp\/v2\/types\/post"}],"author":[{"embeddable":true,"href":"https:\/\/www.europesays.com\/fr\/wp-json\/wp\/v2\/users\/2"}],"replies":[{"embeddable":true,"href":"https:\/\/www.europesays.com\/fr\/wp-json\/wp\/v2\/comments?post=202663"}],"version-history":[{"count":0,"href":"https:\/\/www.europesays.com\/fr\/wp-json\/wp\/v2\/posts\/202663\/revisions"}],"wp:featuredmedia":[{"embeddable":true,"href":"https:\/\/www.europesays.com\/fr\/wp-json\/wp\/v2\/media\/202664"}],"wp:attachment":[{"href":"https:\/\/www.europesays.com\/fr\/wp-json\/wp\/v2\/media?parent=202663"}],"wp:term":[{"taxonomy":"category","embeddable":true,"href":"https:\/\/www.europesays.com\/fr\/wp-json\/wp\/v2\/categories?post=202663"},{"taxonomy":"post_tag","embeddable":true,"href":"https:\/\/www.europesays.com\/fr\/wp-json\/wp\/v2\/tags?post=202663"}],"curies":[{"name":"wp","href":"https:\/\/api.w.org\/{rel}","templated":true}]}}