{"id":202668,"date":"2025-06-25T07:24:16","date_gmt":"2025-06-25T07:24:16","guid":{"rendered":"https:\/\/www.europesays.com\/fr\/202668\/"},"modified":"2025-06-25T07:24:16","modified_gmt":"2025-06-25T07:24:16","slug":"sur-la-route-vers-lotan-donald-trump-remet-en-question-larticle-fondateur-de-lalliance","status":"publish","type":"post","link":"https:\/\/www.europesays.com\/fr\/202668\/","title":{"rendered":"Sur la route vers l\u2019Otan, Donald Trump remet en question l\u2019article fondateur de l\u2019Alliance"},"content":{"rendered":"<p>        <img decoding=\"async\" loading=\"lazy\" src=\"https:\/\/www.europesays.com\/fr\/wp-content\/uploads\/2025\/06\/972c091_upload-1-ilyzj9oigqjz-000-63n44ea.jpg\"  width=\"728\" height=\"409\" alt=\"En route vers l\u2019Otan, Donald\u00a0Trump\u00a0a d\u00e9concert\u00e9 ce mardi 24\u00a0juin ses alli\u00e9s, en restant \u00e9vasif sur son engagement \u00e0 les d\u00e9fendre.\"\/>  <\/p>\n<p>HAIYUN JIANG \/ AFP<\/p>\n<p>En route vers l\u2019Otan, Donald\u00a0Trump\u00a0a d\u00e9concert\u00e9 ce mardi 24\u00a0juin ses alli\u00e9s, en restant \u00e9vasif sur son engagement \u00e0 les d\u00e9fendre.<\/p>\n<p class=\"asset asset-text\">INTERNATIONAL &#8211;<a href=\"https:\/\/www.huffingtonpost.fr\/international\/article\/donald-trump-pense-deja-a-un-changement-de-regime-en-iran-apres-les-frappes-americaines_251672.html\" target=\"_blank\" rel=\"noopener\"> Donald\u00a0Trump<\/a>\u00a0a une nouvelle fois d\u00e9concert\u00e9 ses alli\u00e9s de l\u2019Otan, en remettant en question un article fondateur de <a href=\"https:\/\/www.huffingtonpost.fr\/international\/article\/pour-le-sommet-de-l-otan-a-la-haye-trump-s-offre-un-sejour-de-roi_251769.html\" target=\"_blank\" rel=\"noopener\">l\u2019Alliance<\/a>. Peu avant son arriv\u00e9e ce mardi 24\u00a0juin au sommet qui se tient \u00e0 La\u00a0Haye, le pr\u00e9sident am\u00e9ricain est rest\u00e9 tr\u00e8s \u00e9vasif sur son engagement \u00e0 d\u00e9fendre les dirigeants occidentaux.<\/p>\n<p class=\"asset asset-text\">L\u2019article\u00a05 peut \u00ab\u00a0se d\u00e9finir de plusieurs fa\u00e7ons\u00a0\u00bb, a-t-il lanc\u00e9 dans l\u2019avion le transportant vers les Pays-Bas. Cet article, sign\u00e9 \u00e0 Washington en 1949 par ses 12 membres fondateurs et pierre angulaire de l\u2019Alliance, pose le principe de d\u00e9fense mutuelle\u00a0: si un pays membre est attaqu\u00e9, tous les autres se portent \u00e0 son secours. Cependant, comme le souligne le journal<a href=\"https:\/\/www.lesechos.fr\/monde\/enjeux-internationaux\/sommet-de-lotan-trump-laisse-planer-le-doute-sur-le-soutien-de-lamerique-a-ses-allies-2172813\" target=\"_blank\" rel=\"noopener\" title=\"Nouvelle fen\u00eatre\"> Les \u00c9chos<\/a>, chaque pays membre peut \u00ab\u00a0prendre les actions qu\u2019il jugera n\u00e9cessaire\u00a0\u00bb pour garantir la paix en Europe et en Am\u00e9rique du Nord, et donc interpr\u00e9ter \u00e0 sa mani\u00e8re l\u2019article\u00a05.<\/p>\n<p class=\"asset asset-text\">\u00ab\u00a0Mais je m\u2019engage \u00e0 \u00eatre leur ami\u00a0\u00bb, a tent\u00e9 de nuancer Donald Trump face \u00e0 la presse. \u00ab\u00a0Vous savez, je me suis li\u00e9 d\u2019amiti\u00e9 avec bon nombre de ces dirigeants, et je m\u2019engage \u00e0 les aider.\u00a0\u00bb Avant de conclure la discussion face aux journalistes qui lui demandaient de clarifier ses propos sur l\u2019aide aux alli\u00e9s\u00a0: \u00ab\u00a0Je vous donnerai une d\u00e9finition exacte quand j\u2019y serai, je ne veux pas le faire dans un avion.\u00a0\u00bb<\/p>\n<p>    La crainte des Europ\u00e9ens    <\/p>\n<p class=\"asset asset-text\">Les 32 pays de l\u2019Otan\u00a0vont confirmer lors de ce sommet leur engagement \u00e0 consacrer au moins 5\u00a0% de leur Produit int\u00e9rieur brut (PIB) \u00e0 leurs d\u00e9penses de s\u00e9curit\u00e9 d\u2019ici 2035. Ce pourcentage a \u00e9t\u00e9 r\u00e9clam\u00e9 par le pr\u00e9sident am\u00e9ricain, faute de quoi il a menac\u00e9 de ne plus d\u00e9fendre les \u00ab\u00a0mauvais payeurs\u00a0\u00bb.<\/p>\n<p class=\"asset asset-text\">En r\u00e9pondant \u00e0 cette exigence, les pays europ\u00e9ens de l\u2019Otan\u00a0esp\u00e9raient en retour un engagement ferme des \u00c9tats-Unis, conform\u00e9ment \u00e0 ce fameux article\u00a05 du trait\u00e9 de l\u2019Alliance.<\/p>\n<p class=\"asset asset-text\">La dur\u00e9e du sommet a \u00e9galement \u00e9t\u00e9 resserr\u00e9e au maximum pour \u00e9viter tout impair et ne pas contrarier Donald\u00a0Trump, dont l\u2019humeur est parfois versatile. Mardi matin, il a ainsi laiss\u00e9 \u00e9clater sa col\u00e8re apr\u00e8s la rupture du cessez-le-feu entre l\u2019Iran et Isra\u00ebl, qu\u2019il avait lui-m\u00eame annonc\u00e9. \u00ab\u00a0Ils ne savent pas ce qu\u2019ils foutent\u00a0!\u00a0\u00bb, a-t-il lanc\u00e9 avant de quitter Washington.<\/p>\n<p class=\"asset asset-text\">Le secr\u00e9taire g\u00e9n\u00e9ral de l\u2019Alliance, Mark Rutte, esp\u00e8re n\u00e9anmoins que la situation au Moyen-Orient ne chamboulera pas compl\u00e8tement la chor\u00e9graphie du sommet qu\u2019il a d\u00e9j\u00e0 qualifi\u00e9 d\u2019\u00ab\u00a0historique\u00a0\u00bb, apr\u00e8s les menaces de d\u00e9sengagement am\u00e9ricain du continent europ\u00e9en.<\/p>\n<p class=\"asset asset-text\">\u00ab\u00a0Le pr\u00e9sident am\u00e9ricain et les dirigeants des \u00c9tats-Unis sont totalement engag\u00e9s en faveur de l\u2019Otan\u00a0\u00bb, a-t-il assur\u00e9 mardi. \u00ab\u00a0Arr\u00eatez de vous inqui\u00e9ter\u00a0!\u00a0\u00bb, a-t-il lanc\u00e9 \u00e0 l\u2019adresse des Europ\u00e9ens, les appelant \u00e0 se concentrer sur ce \u00ab\u00a0gros probl\u00e8me, cet \u00e9norme caillou dans la chaussure, \u00e0 savoir que nous ne d\u00e9pensons pas assez\u00a0\u00bb.<\/p>\n<p>    \u00ab\u00a0Bond en avant\u00a0\u00bb    <\/p>\n<p class=\"asset asset-text\">\u00ab\u00a0L\u2019Europe de la d\u00e9fense s\u2019est enfin r\u00e9veill\u00e9e\u00a0\u00bb, a assur\u00e9 de son c\u00f4t\u00e9 la pr\u00e9sidente de la Commission europ\u00e9enne, Ursula von\u00a0der\u00a0Leyen, saluant \u00ab\u00a0de nouveaux objectifs de d\u00e9penses historiques\u00a0\u00bb.<\/p>\n<p class=\"asset asset-text\">Les membres de l\u2019Otan\u00a0se sont mis d\u2019accord sur un compromis\u00a0: un engagement \u00e0 consacrer, d\u2019ici 2035, 3,5\u00a0% aux d\u00e9penses militaires stricto sensu, et 1,5\u00a0% \u00e0 des d\u00e9penses de s\u00e9curit\u00e9 au sens large, comme la cybers\u00e9curit\u00e9 ou la mobilit\u00e9 militaire, plus facilement atteignables.<\/p>\n<p class=\"asset asset-text\">M\u00eame limit\u00e9 \u00e0 3,5\u00a0%, l\u2019effort budg\u00e9taire est consid\u00e9rable, plusieurs centaines de milliards d\u2019euros, pour nombre de pays qui peinent d\u00e9j\u00e0 \u00e0 atteindre l\u2019objectif de 2\u00a0% de d\u00e9penses militaires, fix\u00e9 en 2014 lors d\u2019un pr\u00e9c\u00e9dent sommet.<\/p>\n<p class=\"asset asset-text\">Lundi, Mark Rutte s\u2019est r\u00e9joui de ce \u00ab\u00a0bond en avant\u00a0\u00bb, le Kremlin d\u00e9non\u00e7ant le lendemain une \u00ab\u00a0militarisation effr\u00e9n\u00e9e\u00a0\u00bb de l\u2019Alliance.<\/p>\n","protected":false},"excerpt":{"rendered":"HAIYUN JIANG \/ AFP En route vers l\u2019Otan, Donald\u00a0Trump\u00a0a d\u00e9concert\u00e9 ce mardi 24\u00a0juin ses alli\u00e9s, en restant \u00e9vasif&hellip;\n","protected":false},"author":2,"featured_media":202669,"comment_status":"","ping_status":"","sticky":false,"template":"","format":"standard","meta":{"footnotes":""},"categories":[5],"tags":[11,75,73,1011,27,14,12,136,28],"class_list":{"0":"post-202668","1":"post","2":"type-post","3":"status-publish","4":"format-standard","5":"has-post-thumbnail","7":"category-international","8":"tag-actualites","9":"tag-donald-trump","10":"tag-etats-unis","11":"tag-fr","12":"tag-france","13":"tag-international","14":"tag-news","15":"tag-otan","16":"tag-world"},"share_on_mastodon":{"url":"https:\/\/pubeurope.com\/@fr\/114742811986860708","error":""},"_links":{"self":[{"href":"https:\/\/www.europesays.com\/fr\/wp-json\/wp\/v2\/posts\/202668","targetHints":{"allow":["GET"]}}],"collection":[{"href":"https:\/\/www.europesays.com\/fr\/wp-json\/wp\/v2\/posts"}],"about":[{"href":"https:\/\/www.europesays.com\/fr\/wp-json\/wp\/v2\/types\/post"}],"author":[{"embeddable":true,"href":"https:\/\/www.europesays.com\/fr\/wp-json\/wp\/v2\/users\/2"}],"replies":[{"embeddable":true,"href":"https:\/\/www.europesays.com\/fr\/wp-json\/wp\/v2\/comments?post=202668"}],"version-history":[{"count":0,"href":"https:\/\/www.europesays.com\/fr\/wp-json\/wp\/v2\/posts\/202668\/revisions"}],"wp:featuredmedia":[{"embeddable":true,"href":"https:\/\/www.europesays.com\/fr\/wp-json\/wp\/v2\/media\/202669"}],"wp:attachment":[{"href":"https:\/\/www.europesays.com\/fr\/wp-json\/wp\/v2\/media?parent=202668"}],"wp:term":[{"taxonomy":"category","embeddable":true,"href":"https:\/\/www.europesays.com\/fr\/wp-json\/wp\/v2\/categories?post=202668"},{"taxonomy":"post_tag","embeddable":true,"href":"https:\/\/www.europesays.com\/fr\/wp-json\/wp\/v2\/tags?post=202668"}],"curies":[{"name":"wp","href":"https:\/\/api.w.org\/{rel}","templated":true}]}}