{"id":202670,"date":"2025-06-25T07:25:08","date_gmt":"2025-06-25T07:25:08","guid":{"rendered":"https:\/\/www.europesays.com\/fr\/202670\/"},"modified":"2025-06-25T07:25:08","modified_gmt":"2025-06-25T07:25:08","slug":"deux-morts-dont-un-policier-belge-dans-une-course-poursuite-en-moselle","status":"publish","type":"post","link":"https:\/\/www.europesays.com\/fr\/202670\/","title":{"rendered":"Deux morts dont un policier belge dans une course-poursuite en Moselle"},"content":{"rendered":"<p class=\"paragraph text_align_left lp-f-body-02\">Un policier belge a \u00e9t\u00e9 tu\u00e9 dans la nuit de mardi \u00e0 mercredi en France, en <a href=\"https:\/\/www.leparisien.fr\/moselle-57\/\" target=\"_self\" rel=\"nofollow noopener\">Moselle<\/a>. L\u2019occupant d\u2019un v\u00e9hicule que les autorit\u00e9s belges poursuivaient est \u00e9galement d\u00e9c\u00e9d\u00e9 sur une route \u00e0 hauteur d\u2019Angevillers. Un deuxi\u00e8me auteur, en fuite, a \u00e9t\u00e9 interpell\u00e9, selon une source proche de l\u2019enqu\u00eate.<\/p>\n<p class=\"paragraph text_align_left lp-f-body-02\">Mardi soir, vers 22h45, le v\u00e9hicule poursuivi par la police de la route belge, soup\u00e7onn\u00e9 d\u2019\u00eatre un \u00ab\u00a0go-fast\u00a0\u00bb, s\u2019est arr\u00eat\u00e9 sur la route deux fois deux voies et ses deux occupants en sont sortis en courant.<\/p>\n<p class=\"paragraph text_align_left lp-f-body-02\">Des policiers belges les ont poursuivis \u00e0 pied. Percut\u00e9s par une voiture qui arrivait en face, l\u2019un des occupants du v\u00e9hicule poursuivi et un policier belge sont d\u00e9c\u00e9d\u00e9s.<\/p>\n<p class=\"paragraph text_align_left lp-f-body-02\">La voiture est soup\u00e7onn\u00e9e d\u2019\u00eatre un \u00ab<a href=\"https:\/\/www.leparisien.fr\/faits-divers\/ile-de-france-quatre-go-fasters-arretes-avec-341-kilos-de-cannabis-22-05-2025-G5EZ6TIRCVF5PPDLYO3DVMWNJM.php\" target=\"_blank\" rel=\"noreferrer nofollow noopener\">\u00a0go-fast<\/a>\u00a0\u00bb, une m\u00e9thode utilis\u00e9e par les trafiquants pour le transport des stup\u00e9fiants, qui consiste \u00e0 rouler \u00e0 tr\u00e8s grande vitesse pour \u00e9viter les contr\u00f4les de police. Elle \u00e9tait poursuivie depuis la Belgique par trois v\u00e9hicules de la police belge, alors qu\u2019elle r\u00e9alisait un trajet Belgique-France, selon la gendarmerie.<\/p>\n<p class=\"lp-card-podcast-highlighting__title  lp-f-subtitle-05\">Caussols, la ferme de l\u2019horreur (2\/2)<\/p>\n<p class=\"lp-card-podcast-highlighting__description lp-f-ui-05\">Crime story raconte chaque semaine les grandes affaires criminelles.<\/p>\n<p><a class=\"lp-card-podcast-highlighting__call-to-action\" data-page-type=\"HP\" data-block-name=\"podcast-highlight\">\u00c9couter<\/a><\/p>\n<p class=\"paragraph text_align_left lp-f-body-02\">Un important dispositif de s\u00e9curit\u00e9 a \u00e9t\u00e9 mis en place \u00e0 l\u2019arriv\u00e9e des secours et la route coup\u00e9e dans les deux sens de circulation.<\/p>\n<p class=\"paragraph text_align_left lp-f-body-02\">Sur sa page Facebook le syndicat Alliance 57 apporte son soutien aux policiers belges et rappelle que la criminalit\u00e9 n\u2019ayant \u00ab\u00a0pas de fronti\u00e8re\u00a0\u00bb, il faut \u00ab\u00a0une r\u00e9glementation adapt\u00e9e \u00e0 cette zone g\u00e9ographique si particuli\u00e8re\u00a0\u00bb.<\/p>\n<p class=\"paragraph text_align_left lp-f-body-02\">Contact\u00e9e par la RTBF, la police f\u00e9d\u00e9rale belge a \u00ab\u00a0malheureusement confirm\u00e9 qu\u2019un coll\u00e8gue de la Police de la route est d\u00e9c\u00e9d\u00e9 pendant une intervention sur la D\u00a014 juste au-del\u00e0 de la fronti\u00e8re fran\u00e7aise\u00a0\u00bb. \u00ab\u00a0Par respect pour sa famille, ses amis et ses coll\u00e8gues proches\u00a0\u00bb, elle a refus\u00e9 d\u2019en dire plus.<\/p>\n","protected":false},"excerpt":{"rendered":"Un policier belge a \u00e9t\u00e9 tu\u00e9 dans la nuit de mardi \u00e0 mercredi en France, en Moselle. L\u2019occupant&hellip;\n","protected":false},"author":2,"featured_media":202671,"comment_status":"","ping_status":"","sticky":false,"template":"","format":"standard","meta":{"footnotes":""},"categories":[4],"tags":[11,459,118,1011,27,12,25],"class_list":{"0":"post-202670","1":"post","2":"type-post","3":"status-publish","4":"format-standard","5":"has-post-thumbnail","7":"category-france","8":"tag-actualites","9":"tag-departements-horsidfo","10":"tag-faits-divers","11":"tag-fr","12":"tag-france","13":"tag-news","14":"tag-republique-francaise"},"share_on_mastodon":{"url":"https:\/\/pubeurope.com\/@fr\/114742816038272080","error":""},"_links":{"self":[{"href":"https:\/\/www.europesays.com\/fr\/wp-json\/wp\/v2\/posts\/202670","targetHints":{"allow":["GET"]}}],"collection":[{"href":"https:\/\/www.europesays.com\/fr\/wp-json\/wp\/v2\/posts"}],"about":[{"href":"https:\/\/www.europesays.com\/fr\/wp-json\/wp\/v2\/types\/post"}],"author":[{"embeddable":true,"href":"https:\/\/www.europesays.com\/fr\/wp-json\/wp\/v2\/users\/2"}],"replies":[{"embeddable":true,"href":"https:\/\/www.europesays.com\/fr\/wp-json\/wp\/v2\/comments?post=202670"}],"version-history":[{"count":0,"href":"https:\/\/www.europesays.com\/fr\/wp-json\/wp\/v2\/posts\/202670\/revisions"}],"wp:featuredmedia":[{"embeddable":true,"href":"https:\/\/www.europesays.com\/fr\/wp-json\/wp\/v2\/media\/202671"}],"wp:attachment":[{"href":"https:\/\/www.europesays.com\/fr\/wp-json\/wp\/v2\/media?parent=202670"}],"wp:term":[{"taxonomy":"category","embeddable":true,"href":"https:\/\/www.europesays.com\/fr\/wp-json\/wp\/v2\/categories?post=202670"},{"taxonomy":"post_tag","embeddable":true,"href":"https:\/\/www.europesays.com\/fr\/wp-json\/wp\/v2\/tags?post=202670"}],"curies":[{"name":"wp","href":"https:\/\/api.w.org\/{rel}","templated":true}]}}