{"id":202672,"date":"2025-06-25T07:26:09","date_gmt":"2025-06-25T07:26:09","guid":{"rendered":"https:\/\/www.europesays.com\/fr\/202672\/"},"modified":"2025-06-25T07:26:09","modified_gmt":"2025-06-25T07:26:09","slug":"benyamin-netanyahou-pousse-la-guerre-et-brigue-sa-reconduction-liberation","status":"publish","type":"post","link":"https:\/\/www.europesays.com\/fr\/202672\/","title":{"rendered":"Benyamin N\u00e9tanyahou pousse la guerre et brigue sa reconduction \u2013 Lib\u00e9ration"},"content":{"rendered":"<p class=\"sc-ksZaOG ehjQrN text-element\">C\u2019est dans les abris et par Donald Trump que la plupart des Isra\u00e9liens ont appris, mardi 24 juin au matin, que la <a href=\"https:\/\/www.liberation.fr\/international\/moyen-orient\/en-direct-guerre-iran-israel-trump-affirme-que-le-cessez-le-feu-est-desormais-entre-en-vigueur-20250624_XMEVQMM6VNCZPO2FHNDSSZEKGU\/\" target=\"_blank\" rel=\"noopener\" title=\"https:\/\/www.liberation.fr\/international\/moyen-orient\/en-direct-guerre-iran-israel-trump-affirme-que-le-cessez-le-feu-est-desormais-entre-en-vigueur-20250624_XMEVQMM6VNCZPO2FHNDSSZEKGU\/\">guerre lanc\u00e9e par leur gouvernement contre l\u2019Iran \u00e9tait finie<\/a>. C\u2019est sur le r\u00e9seau Truth Social, avec le post aux accents sauvages du pr\u00e9sident am\u00e9ricain qu\u2019ils ont appris les conditions floues <a href=\"https:\/\/www.liberation.fr\/international\/amerique\/changement-de-regime-quand-donald-trump-reve-desormais-de-make-iran-great-again-20250623_SI3KQNHMSFBNNDLPYKYN5EKVLY\/\" target=\"_blank\" rel=\"noreferrer noopener\" title=\"https:\/\/www.liberation.fr\/international\/amerique\/changement-de-regime-quand-donald-trump-reve-desormais-de-make-iran-great-again-20250623_SI3KQNHMSFBNNDLPYKYN5EKVLY\/\">du cessez-le-feu<\/a>. Il aura fallu attendre trois heures apr\u00e8s son entr\u00e9e en vigueur pour recevoir la premi\u00e8re confirmation officielle isra\u00e9lienne dans un communiqu\u00e9 victorieux. Trente minutes plus tard, les sir\u00e8nes r\u00e9sonnaient une nouvelle fois dans le nord du pays, contribuant \u00e0 la confusion, et retardant une allocution promise par Benyamin N\u00e9tanyahou.<\/p>\n<p class=\"sc-ksZaOG ehjQrN text-element\">Une s\u00e9quence s\u2019ach\u00e8ve et une nouvell<\/p>\n","protected":false},"excerpt":{"rendered":"C\u2019est dans les abris et par Donald Trump que la plupart des Isra\u00e9liens ont appris, mardi 24 juin&hellip;\n","protected":false},"author":2,"featured_media":202673,"comment_status":"","ping_status":"","sticky":false,"template":"","format":"standard","meta":{"footnotes":""},"categories":[2],"tags":[11,952,1011,27,4884,31951,664,3523,12,3518],"class_list":{"0":"post-202672","1":"post","2":"type-post","3":"status-publish","4":"format-standard","5":"has-post-thumbnail","7":"category-actualites","8":"tag-actualites","9":"tag-benyamin-netanyahou","10":"tag-fr","11":"tag-france","12":"tag-iran-etats-unis","13":"tag-iran-israel-guerre","14":"tag-israel","15":"tag-israel-palestine-conflit","16":"tag-news","17":"tag-palestine"},"share_on_mastodon":{"url":"https:\/\/pubeurope.com\/@fr\/114742819815736305","error":""},"_links":{"self":[{"href":"https:\/\/www.europesays.com\/fr\/wp-json\/wp\/v2\/posts\/202672","targetHints":{"allow":["GET"]}}],"collection":[{"href":"https:\/\/www.europesays.com\/fr\/wp-json\/wp\/v2\/posts"}],"about":[{"href":"https:\/\/www.europesays.com\/fr\/wp-json\/wp\/v2\/types\/post"}],"author":[{"embeddable":true,"href":"https:\/\/www.europesays.com\/fr\/wp-json\/wp\/v2\/users\/2"}],"replies":[{"embeddable":true,"href":"https:\/\/www.europesays.com\/fr\/wp-json\/wp\/v2\/comments?post=202672"}],"version-history":[{"count":0,"href":"https:\/\/www.europesays.com\/fr\/wp-json\/wp\/v2\/posts\/202672\/revisions"}],"wp:featuredmedia":[{"embeddable":true,"href":"https:\/\/www.europesays.com\/fr\/wp-json\/wp\/v2\/media\/202673"}],"wp:attachment":[{"href":"https:\/\/www.europesays.com\/fr\/wp-json\/wp\/v2\/media?parent=202672"}],"wp:term":[{"taxonomy":"category","embeddable":true,"href":"https:\/\/www.europesays.com\/fr\/wp-json\/wp\/v2\/categories?post=202672"},{"taxonomy":"post_tag","embeddable":true,"href":"https:\/\/www.europesays.com\/fr\/wp-json\/wp\/v2\/tags?post=202672"}],"curies":[{"name":"wp","href":"https:\/\/api.w.org\/{rel}","templated":true}]}}