{"id":202674,"date":"2025-06-25T07:27:34","date_gmt":"2025-06-25T07:27:34","guid":{"rendered":"https:\/\/www.europesays.com\/fr\/202674\/"},"modified":"2025-06-25T07:27:34","modified_gmt":"2025-06-25T07:27:34","slug":"interpelle-pour-avoir-filme-son-interpellation","status":"publish","type":"post","link":"https:\/\/www.europesays.com\/fr\/202674\/","title":{"rendered":"interpell\u00e9 pour avoir film\u00e9&#8230; son interpellation"},"content":{"rendered":"\n<p>Cela commence comme une interpellation assez banale, comme la BAC en pratique r\u00e9guli\u00e8rement : vendredi 20 juin \u00e0 Saint-Genest-Lerpt, une patrouille avise un individu qui conduit une moto-cross non homologu\u00e9e et sans casque. En proc\u00e9dant \u00e0 son contr\u00f4le, les policiers s&rsquo;apper\u00e7oivent en plus qu&rsquo;il n&rsquo;a pas le permis pour ce genre de v\u00e9hicule. Il est donc interpell\u00e9 et plac\u00e9 en garde \u00e0 vue, o\u00f9 il reconnaitra les faits. L&rsquo;histoire aurait pu s&rsquo;arr\u00eater l\u00e0, mais&#8230;<\/p>\n<p>Film\u00e9 avec des lunettes connect\u00e9s<\/p>\n<p>Le lendemain, les policiers s&rsquo;apper\u00e7oivent que la vid\u00e9o de son interpellation a \u00e9t\u00e9 post\u00e9e sur les r\u00e9seaux sociaux, notamment alors qu&rsquo;il se trouvait dans la voiture de police. L&rsquo;individu avait en r\u00e9alit\u00e9 tout film\u00e9 gr\u00e2ce \u00e0 ses lunettes connect\u00e9es. Ils sont donc retourn\u00e9 le chercher pour l&rsquo;interpeller \u00e0 nouveau. Le policier qui est reconnaissable dans la vid\u00e9o a \u00e9galement port\u00e9 plainte. Pour rappel, il est interdit de filmer des policiers lorsqu&rsquo;ils ne sont pas en intervention \u00e0 l&rsquo;exterieur, selon l&rsquo;article 226-1 du code p\u00e9nal.<\/p>\n","protected":false},"excerpt":{"rendered":"Cela commence comme une interpellation assez banale, comme la BAC en pratique r\u00e9guli\u00e8rement : vendredi 20 juin \u00e0&hellip;\n","protected":false},"author":2,"featured_media":202675,"comment_status":"","ping_status":"","sticky":false,"template":"","format":"standard","meta":{"footnotes":""},"categories":[9653],"tags":[1111,11,2430,1777,674,1011,27,7774,11272,12,1072,25,4001,17929],"class_list":{"0":"post-202674","1":"post","2":"type-post","3":"status-publish","4":"format-standard","5":"has-post-thumbnail","7":"category-saint-etienne","8":"tag-actu","9":"tag-actualites","10":"tag-auvergne-rhone-alpes","11":"tag-eu","12":"tag-europe","13":"tag-fr","14":"tag-france","15":"tag-garde-a-vue","16":"tag-interpellation","17":"tag-news","18":"tag-police","19":"tag-republique-francaise","20":"tag-saint-etienne","21":"tag-saint-genest-lerpt"},"share_on_mastodon":{"url":"https:\/\/pubeurope.com\/@fr\/114742823975863663","error":""},"_links":{"self":[{"href":"https:\/\/www.europesays.com\/fr\/wp-json\/wp\/v2\/posts\/202674","targetHints":{"allow":["GET"]}}],"collection":[{"href":"https:\/\/www.europesays.com\/fr\/wp-json\/wp\/v2\/posts"}],"about":[{"href":"https:\/\/www.europesays.com\/fr\/wp-json\/wp\/v2\/types\/post"}],"author":[{"embeddable":true,"href":"https:\/\/www.europesays.com\/fr\/wp-json\/wp\/v2\/users\/2"}],"replies":[{"embeddable":true,"href":"https:\/\/www.europesays.com\/fr\/wp-json\/wp\/v2\/comments?post=202674"}],"version-history":[{"count":0,"href":"https:\/\/www.europesays.com\/fr\/wp-json\/wp\/v2\/posts\/202674\/revisions"}],"wp:featuredmedia":[{"embeddable":true,"href":"https:\/\/www.europesays.com\/fr\/wp-json\/wp\/v2\/media\/202675"}],"wp:attachment":[{"href":"https:\/\/www.europesays.com\/fr\/wp-json\/wp\/v2\/media?parent=202674"}],"wp:term":[{"taxonomy":"category","embeddable":true,"href":"https:\/\/www.europesays.com\/fr\/wp-json\/wp\/v2\/categories?post=202674"},{"taxonomy":"post_tag","embeddable":true,"href":"https:\/\/www.europesays.com\/fr\/wp-json\/wp\/v2\/tags?post=202674"}],"curies":[{"name":"wp","href":"https:\/\/api.w.org\/{rel}","templated":true}]}}