{"id":202678,"date":"2025-06-25T07:29:14","date_gmt":"2025-06-25T07:29:14","guid":{"rendered":"https:\/\/www.europesays.com\/fr\/202678\/"},"modified":"2025-06-25T07:29:14","modified_gmt":"2025-06-25T07:29:14","slug":"ce-qui-memerveille-toujours-cest-lemotion-des-parents-quand-ils-decouvrent-leur-bebe","status":"publish","type":"post","link":"https:\/\/www.europesays.com\/fr\/202678\/","title":{"rendered":"Ce qui m&rsquo;\u00e9merveille toujours, c\u2019est l\u2019\u00e9motion des parents quand ils d\u00e9couvrent leur b\u00e9b\u00e9"},"content":{"rendered":"<p>\u00ab\u00a0Ma vocation est n\u00e9e en classe de seconde. Apr\u00e8s mon bac au lyc\u00e9e Chopin \u00e0 Nancy, j\u2019ai \u00e9t\u00e9 admise \u00e0 l\u2019\u00e9cole de sages-femmes. J\u2019ai commenc\u00e9 \u00e0 travailler \u00e0 21 ans, \u00e0 la maternit\u00e9 de Nancy, en salle de naissance.\u00a0\u00bb Des premiers cris, Val\u00e9rie George en accueille encore aujourd\u2019hui tous les jours ou presque, sans se lasser, plus de quarante ans apr\u00e8s le premier accouchement\u00a0: \u00ab\u00a0Chaque naissance est unique. Ce qui a marqu\u00e9 ma carri\u00e8re et m\u2019\u00e9merveille encore, c\u2019est l\u2019\u00e9motion des parents quand ils d\u00e9couvrent leur b\u00e9b\u00e9.\u00a0\u00bb Des larmes de joie, de chagrin aussi, Val\u00e9rie George en a vu couler. \u00ab\u00a0Quand vous avez 21 ans, que vous assistez \u00e0 une naissance compliqu\u00e9e, c\u2019est traumatique. Cela reste difficile. Aujourd\u2019hui on propose des psys aux soignants.\u00a0\u00bb<\/p>\n<p>Charge&#8230;                        <\/p>\n","protected":false},"excerpt":{"rendered":"\u00ab\u00a0Ma vocation est n\u00e9e en classe de seconde. Apr\u00e8s mon bac au lyc\u00e9e Chopin \u00e0 Nancy, j\u2019ai \u00e9t\u00e9&hellip;\n","protected":false},"author":2,"featured_media":202679,"comment_status":"","ping_status":"","sticky":false,"template":"","format":"standard","meta":{"footnotes":""},"categories":[9635],"tags":[1111,11,1777,674,1011,27,775,5362,224,3457,1702,12,3456,25,71,4604,104],"class_list":{"0":"post-202678","1":"post","2":"type-post","3":"status-publish","4":"format-standard","5":"has-post-thumbnail","7":"category-nancy","8":"tag-actu","9":"tag-actualites","10":"tag-eu","11":"tag-europe","12":"tag-fr","13":"tag-france","14":"tag-grand-est","15":"tag-magazine-sante","16":"tag-medecine","17":"tag-meurthe-et-moselle","18":"tag-nancy","19":"tag-news","20":"tag-region-lorraine","21":"tag-republique-francaise","22":"tag-sante","23":"tag-selection-abonne","24":"tag-societe"},"share_on_mastodon":{"url":"https:\/\/pubeurope.com\/@fr\/114742831631800368","error":""},"_links":{"self":[{"href":"https:\/\/www.europesays.com\/fr\/wp-json\/wp\/v2\/posts\/202678","targetHints":{"allow":["GET"]}}],"collection":[{"href":"https:\/\/www.europesays.com\/fr\/wp-json\/wp\/v2\/posts"}],"about":[{"href":"https:\/\/www.europesays.com\/fr\/wp-json\/wp\/v2\/types\/post"}],"author":[{"embeddable":true,"href":"https:\/\/www.europesays.com\/fr\/wp-json\/wp\/v2\/users\/2"}],"replies":[{"embeddable":true,"href":"https:\/\/www.europesays.com\/fr\/wp-json\/wp\/v2\/comments?post=202678"}],"version-history":[{"count":0,"href":"https:\/\/www.europesays.com\/fr\/wp-json\/wp\/v2\/posts\/202678\/revisions"}],"wp:featuredmedia":[{"embeddable":true,"href":"https:\/\/www.europesays.com\/fr\/wp-json\/wp\/v2\/media\/202679"}],"wp:attachment":[{"href":"https:\/\/www.europesays.com\/fr\/wp-json\/wp\/v2\/media?parent=202678"}],"wp:term":[{"taxonomy":"category","embeddable":true,"href":"https:\/\/www.europesays.com\/fr\/wp-json\/wp\/v2\/categories?post=202678"},{"taxonomy":"post_tag","embeddable":true,"href":"https:\/\/www.europesays.com\/fr\/wp-json\/wp\/v2\/tags?post=202678"}],"curies":[{"name":"wp","href":"https:\/\/api.w.org\/{rel}","templated":true}]}}