{"id":202680,"date":"2025-06-25T07:30:16","date_gmt":"2025-06-25T07:30:16","guid":{"rendered":"https:\/\/www.europesays.com\/fr\/202680\/"},"modified":"2025-06-25T07:30:16","modified_gmt":"2025-06-25T07:30:16","slug":"football-retrogradation-de-lyon-ajaccio-en-national-voici-a-quoi-pourrait-ressembler-la-ligue-2-apres-les-dernieres-decisions-de-la-dncg","status":"publish","type":"post","link":"https:\/\/www.europesays.com\/fr\/202680\/","title":{"rendered":"Football. R\u00e9trogradation de Lyon, Ajaccio en National&#8230; Voici \u00e0 quoi pourrait ressembler la Ligue 2 apr\u00e8s les derni\u00e8res d\u00e9cisions de la DNCG"},"content":{"rendered":"<p>Si l&rsquo;AS Nancy Lorraine a <a href=\"https:\/\/www.estrepublicain.fr\/sport\/2025\/06\/24\/dncg-feu-vert-pour-l-as-nancy-lorraine-en-ligue-2\" target=\"_blank\" rel=\"noopener\">r\u00e9ussi sans encombre son examen de passage<\/a> devant la DNCG, ce mardi, le gendarme financier du football fran\u00e7ais a frapp\u00e9 tr\u00e8s fort en pronon\u00e7ant la <a href=\"https:\/\/www.estrepublicain.fr\/sport\/2025\/06\/24\/lyon-relegue-en-ligue-2-par-la-direction-nationale-de-controle-et-de-gestion\" target=\"_blank\" rel=\"noopener\">rel\u00e9gation en Ligue 2 de l&rsquo;Olympique Lyonnais<\/a>. Ajaccio est \u00e9galement renvoy\u00e9 en championnat National,\u00a0tandis que le SC Bastia fait l&rsquo;objet d&rsquo;un encadrement de la masse salariale et des indemnit\u00e9s de mutations.\u00a0<\/p>\n<p>Les trois clubs peuvent \u00e9videmment faire appel de ces d\u00e9cisions.<\/p>\n<p>En cas de descente de l&rsquo;OL, il manquera un club en Ligue 1 : Reims, battu par Metz en barrages, serait logiquement rep\u00each\u00e9. Tandis qu&rsquo;Ajaccio serait remplac\u00e9 par Boulogne, qui avait termin\u00e9 3e de National avant d&rsquo;\u00eatre priv\u00e9 de mont\u00e9e en barrages par Clermont.\u00a0<\/p>\n<p>A l&rsquo;instant T, voici donc \u00e0 quoi pourrait ressembler la carte de la Ligue 2, dont le coup d&rsquo;envoi sera donn\u00e9 vendredi 8 ao\u00fbt.\u00a0<\/p>\n","protected":false},"excerpt":{"rendered":"Si l&rsquo;AS Nancy Lorraine a r\u00e9ussi sans encombre son examen de passage devant la DNCG, ce mardi, le&hellip;\n","protected":false},"author":2,"featured_media":202681,"comment_status":"","ping_status":"","sticky":false,"template":"","format":"standard","meta":{"footnotes":""},"categories":[9635],"tags":[1111,11,3602,1707,1704,1705,10174,1777,674,63,1011,27,775,230,1702,12,25,517,1700,1947],"class_list":{"0":"post-202680","1":"post","2":"type-post","3":"status-publish","4":"format-standard","5":"has-post-thumbnail","7":"category-nancy","8":"tag-actu","9":"tag-actualites","10":"tag-edition-bar-le-duc","11":"tag-edition-luneville","12":"tag-edition-nancy-et-agglomeration","13":"tag-edition-toul","14":"tag-edition-verdun","15":"tag-eu","16":"tag-europe","17":"tag-football","18":"tag-fr","19":"tag-france","20":"tag-grand-est","21":"tag-infographie","22":"tag-nancy","23":"tag-news","24":"tag-republique-francaise","25":"tag-sport","26":"tag-sport-lorrain","27":"tag-sport-national"},"share_on_mastodon":{"url":"https:\/\/pubeurope.com\/@fr\/114742835580676340","error":""},"_links":{"self":[{"href":"https:\/\/www.europesays.com\/fr\/wp-json\/wp\/v2\/posts\/202680","targetHints":{"allow":["GET"]}}],"collection":[{"href":"https:\/\/www.europesays.com\/fr\/wp-json\/wp\/v2\/posts"}],"about":[{"href":"https:\/\/www.europesays.com\/fr\/wp-json\/wp\/v2\/types\/post"}],"author":[{"embeddable":true,"href":"https:\/\/www.europesays.com\/fr\/wp-json\/wp\/v2\/users\/2"}],"replies":[{"embeddable":true,"href":"https:\/\/www.europesays.com\/fr\/wp-json\/wp\/v2\/comments?post=202680"}],"version-history":[{"count":0,"href":"https:\/\/www.europesays.com\/fr\/wp-json\/wp\/v2\/posts\/202680\/revisions"}],"wp:featuredmedia":[{"embeddable":true,"href":"https:\/\/www.europesays.com\/fr\/wp-json\/wp\/v2\/media\/202681"}],"wp:attachment":[{"href":"https:\/\/www.europesays.com\/fr\/wp-json\/wp\/v2\/media?parent=202680"}],"wp:term":[{"taxonomy":"category","embeddable":true,"href":"https:\/\/www.europesays.com\/fr\/wp-json\/wp\/v2\/categories?post=202680"},{"taxonomy":"post_tag","embeddable":true,"href":"https:\/\/www.europesays.com\/fr\/wp-json\/wp\/v2\/tags?post=202680"}],"curies":[{"name":"wp","href":"https:\/\/api.w.org\/{rel}","templated":true}]}}